{"id":462818,"date":"2020-03-09T00:01:24","date_gmt":"2020-03-09T06:01:24","guid":{"rendered":"https:\/\/www.diarioimagen.net\/?p=462818"},"modified":"2020-03-09T01:45:25","modified_gmt":"2020-03-09T07:45:25","slug":"estudiante-de-la-uaem-gana-beca-europhilosophie","status":"publish","type":"post","link":"https:\/\/www.diarioimagen.net\/?p=462818","title":{"rendered":"Estudiante de la UAEM gana Beca EuroPhilosophie"},"content":{"rendered":"<ul>\n<li><strong><em>Otorgada por el programa de la Uni\u00f3n Europea<\/em><\/strong><\/li>\n<\/ul>\n<p>&nbsp;<\/p>\n<p>&nbsp;<\/p>\n<div id=\"attachment_462903\" style=\"width: 310px\" class=\"wp-caption alignleft\"><a href=\"https:\/\/www.diarioimagen.net\/?attachment_id=462903\" rel=\"attachment wp-att-462903\"><img loading=\"lazy\" decoding=\"async\" aria-describedby=\"caption-attachment-462903\" class=\" wp-image-462903\" src=\"https:\/\/www.diarioimagen.net\/wp-content\/uploads\/2020\/03\/UAEM-9-346x460.jpg\" alt=\"\" width=\"300\" height=\"399\" srcset=\"https:\/\/www.diarioimagen.net\/wp-content\/uploads\/2020\/03\/UAEM-9-346x460.jpg 346w, https:\/\/www.diarioimagen.net\/wp-content\/uploads\/2020\/03\/UAEM-9-180x240.jpg 180w, https:\/\/www.diarioimagen.net\/wp-content\/uploads\/2020\/03\/UAEM-9.jpg 526w\" sizes=\"auto, (max-width: 300px) 100vw, 300px\" \/><\/a><p id=\"caption-attachment-462903\" class=\"wp-caption-text\">Christian Ramos Garc\u00eda, alumno de la Facultad de Humanidades, podr\u00e1 realizar sus estudios de maestr\u00eda en universidades de Francia, Rep\u00fablica Checa y Alemania.<\/p><\/div>\n<p><strong>Toluca, Estado de M\u00e9xico<\/strong>.\u2013 Christian Ramos Garc\u00eda, alumno de la Facultad de Humanidades de la Universidad Aut\u00f3noma del Estado de M\u00e9xico, obtuvo la Beca EuroPhilosophie, otorgada por el programa de la Uni\u00f3n Europea Erasmus Mundus, que le permitir\u00e1 realizar sus estudios de maestr\u00eda en tres universidades europeas.<\/p>\n<p>El alumno de la Licenciatura en Filosof\u00eda detall\u00f3 que su investigaci\u00f3n de posgrado tendr\u00e1 como eje la filosof\u00eda de la ciencia. Indic\u00f3 que durante dos a\u00f1os estudiar\u00e1 en la Universidad de Toulouse-Jean Jaur\u00e8s, Francia; la Univerzita Karlova, Rep\u00fablica Checa, y en la Universit\u00e4t Wuppertal, Alemania.<\/p>\n<p>Destac\u00f3 que cada a\u00f1o, a nivel internacional, se ofertan 53 becas EuroPhilosophie; sin embargo, \u00fanicamente 20 son otorgadas a estudiantes no europeos.<\/p>\n<p>Para conseguir esta beca, expres\u00f3, tuvo como requisito el dominio de los idiomas ingl\u00e9s, franc\u00e9s y alem\u00e1n, as\u00ed como encontrarse en proceso de titulaci\u00f3n de licenciatura bajo la modalidad de tesis, adem\u00e1s de contar con, al menos, cinco presentaciones en congresos de filosof\u00eda y publicaciones en revistas especializadas.<\/p>\n<p>Abund\u00f3 que tambi\u00e9n fue requisito haber realizado movilidad internacional durante sus estudios de licenciatura. En este sentido, indic\u00f3 que realiz\u00f3 estancias acad\u00e9micas en la Universidad de Buenos Aires, Argentina, y a trav\u00e9s del Programa Proyecta 100,000, en la Universidad de Nuevo M\u00e9xico, Estados Unidos.<\/p>\n<p>\u201cEsta beca me va abrir horizontes personales y profesionales para descubrir e investigar acerca de lo que me apasiona. En los pa\u00edses europeos a los que asistir\u00e9 hay archivos filos\u00f3ficos a los que voy a poder acceder y donde conocer\u00e9 a profesores especializados\u201d.<\/p>\n<p>Christian Ramos Garc\u00eda manifest\u00f3 que los estudios de filosof\u00eda en M\u00e9xico se enfrentan principalmente a la crisis de violencia por la que atraviesa el pa\u00eds. Esta beca, asegur\u00f3, \u201cme permitir\u00e1 comprender de una mejor manera este problema y a mi regreso me enfocar\u00e9 en ayudar a los dem\u00e1s\u201d.<\/p>\n","protected":false},"excerpt":{"rendered":"<p>Christian Ramos Garc\u00eda, alumno de la Facultad de Humanidades de la Universidad Aut\u00f3noma del Estado de M\u00e9xico, obtuvo la Beca EuroPhilosophie, otorgada por el programa de la Uni\u00f3n Europea Erasmus Mundus, que le permitir\u00e1 realizar sus estudios de maestr\u00eda en tres universidades europeas.<\/p>\n","protected":false},"author":3,"featured_media":462904,"comment_status":"open","ping_status":"open","sticky":false,"template":"","format":"standard","meta":{"_monsterinsights_skip_tracking":false,"_monsterinsights_sitenote_active":false,"_monsterinsights_sitenote_note":"","_monsterinsights_sitenote_category":0,"footnotes":""},"categories":[5],"tags":[90504,90505,43675,66631,64257,452,1491],"class_list":["post-462818","post","type-post","status-publish","format-standard","has-post-thumbnail","hentry","category-estado-de-mexico","tag-beca-europhilosophie","tag-becca","tag-estado-de-mexico","tag-estudiante","tag-gana","tag-toluca","tag-uaem"],"_links":{"self":[{"href":"https:\/\/www.diarioimagen.net\/index.php?rest_route=\/wp\/v2\/posts\/462818","targetHints":{"allow":["GET"]}}],"collection":[{"href":"https:\/\/www.diarioimagen.net\/index.php?rest_route=\/wp\/v2\/posts"}],"about":[{"href":"https:\/\/www.diarioimagen.net\/index.php?rest_route=\/wp\/v2\/types\/post"}],"author":[{"embeddable":true,"href":"https:\/\/www.diarioimagen.net\/index.php?rest_route=\/wp\/v2\/users\/3"}],"replies":[{"embeddable":true,"href":"https:\/\/www.diarioimagen.net\/index.php?rest_route=%2Fwp%2Fv2%2Fcomments&post=462818"}],"version-history":[{"count":0,"href":"https:\/\/www.diarioimagen.net\/index.php?rest_route=\/wp\/v2\/posts\/462818\/revisions"}],"wp:featuredmedia":[{"embeddable":true,"href":"https:\/\/www.diarioimagen.net\/index.php?rest_route=\/wp\/v2\/media\/462904"}],"wp:attachment":[{"href":"https:\/\/www.diarioimagen.net\/index.php?rest_route=%2Fwp%2Fv2%2Fmedia&parent=462818"}],"wp:term":[{"taxonomy":"category","embeddable":true,"href":"https:\/\/www.diarioimagen.net\/index.php?rest_route=%2Fwp%2Fv2%2Fcategories&post=462818"},{"taxonomy":"post_tag","embeddable":true,"href":"https:\/\/www.diarioimagen.net\/index.php?rest_route=%2Fwp%2Fv2%2Ftags&post=462818"}],"curies":[{"name":"wp","href":"https:\/\/api.w.org\/{rel}","templated":true}]}}