{"id":462822,"date":"2020-03-09T00:01:13","date_gmt":"2020-03-09T06:01:13","guid":{"rendered":"https:\/\/www.diarioimagen.net\/?p=462822"},"modified":"2020-03-09T01:50:08","modified_gmt":"2020-03-09T07:50:08","slug":"lufthansa-tiene-aviones-que-parecen-cruceros-alados-por-lo-espaciosos-y-estructura-interior-opera-en-102-paises","status":"publish","type":"post","link":"https:\/\/www.diarioimagen.net\/?p=462822","title":{"rendered":"<em>Lufthansa<\/em> tiene aviones que parecen cruceros alados, por lo espaciosos y estructura interior; opera en 102 pa\u00edses"},"content":{"rendered":"<h2>De cinco estrellas<\/h2>\n<h5>Victoria Gonz\u00e1lez Prado<\/h5>\n<p>&nbsp;<\/p>\n<div id=\"attachment_462910\" style=\"width: 470px\" class=\"wp-caption aligncenter\"><a href=\"https:\/\/www.diarioimagen.net\/?attachment_id=462910\" rel=\"attachment wp-att-462910\"><img loading=\"lazy\" decoding=\"async\" aria-describedby=\"caption-attachment-462910\" class=\"size-large wp-image-462910\" src=\"https:\/\/www.diarioimagen.net\/wp-content\/uploads\/2020\/03\/turismo-3-460x259.jpg\" alt=\"\" width=\"460\" height=\"259\" srcset=\"https:\/\/www.diarioimagen.net\/wp-content\/uploads\/2020\/03\/turismo-3-460x259.jpg 460w, https:\/\/www.diarioimagen.net\/wp-content\/uploads\/2020\/03\/turismo-3-240x135.jpg 240w, https:\/\/www.diarioimagen.net\/wp-content\/uploads\/2020\/03\/turismo-3-235x132.jpg 235w, https:\/\/www.diarioimagen.net\/wp-content\/uploads\/2020\/03\/turismo-3-202x114.jpg 202w, https:\/\/www.diarioimagen.net\/wp-content\/uploads\/2020\/03\/turismo-3-350x196.jpg 350w, https:\/\/www.diarioimagen.net\/wp-content\/uploads\/2020\/03\/turismo-3-220x123.jpg 220w, https:\/\/www.diarioimagen.net\/wp-content\/uploads\/2020\/03\/turismo-3-237x132.jpg 237w, https:\/\/www.diarioimagen.net\/wp-content\/uploads\/2020\/03\/turismo-3.jpg 480w\" sizes=\"auto, (max-width: 460px) 100vw, 460px\" \/><\/a><p id=\"caption-attachment-462910\" class=\"wp-caption-text\">Felipe Bonifatti nos gui\u00f3 por todos los rincones del avi\u00f3n.<\/p><\/div>\n<p>&nbsp;<\/p>\n<p><strong>Felipe Bonifatti<\/strong>, director general de Lufthansa en M\u00e9xico nos invit\u00f3\u00a0 a conocer, muy de cerca, el avi\u00f3n <em>Airbus A340-600<\/em> que vuela cinco veces por semana entre el aeropuerto internacional de la Ciudad de M\u00e9xico y el de Munich, Alemania. Por sus dimensiones y estructura interior, este aparato bien parece crucero alado.<\/p>\n<p>Mesuradamente atento y cordial siempre<strong>, Bonifatti<\/strong> fue nuestro gu\u00eda mientras recorrimos todos los rincones del avi\u00f3n, que tiene cuatro cabinas: f<em>irst class, businnes class<\/em>, p<em>remium economy class<\/em> y e<em>conomy class, <\/em>dotadas, respectivamente, con ocho, 44<em>,<\/em> 32 y 213 asientos.<\/p>\n<p>Que nos les quede duda cuando les digo que visitamos todos los rincones de la aeronave, pues nos metimos \u201chasta la cocina\u201d. Estuvimos en los dormitorios de los sobrecargos, vimos d\u00f3nde calientan la comida y d\u00f3nde conservan los vinos, nos metimos a la cabina de pilotos, que luce botones grandes y peque\u00f1os por doquier, ventanas de frente y a los lados. Incluso nos sentamos en los asientos de los pilotos y \u201cpilotamos\u201d.<\/p>\n<p>Cuando salimos de la nave nos dimos cuenta del enorme tama\u00f1o de las llantas, y las tocamos; nos tomamos fotograf\u00edas al lado de las grandes turbinas e intentamos ver \u2013el sol resplandec\u00eda sobre el avi\u00f3n\u2014 el logotipo de la l\u00ednea a\u00e9rea, que lo renov\u00f3 al cabo de 100 a\u00f1os.<\/p>\n<p>Nuestro recorrido comenz\u00f3 en<em> first class, cuyos <\/em>asientos se convierten en camas. Se pueden levantar mamparas entre unas y otras para privac\u00eda de los ocho pasajeros, quienes reciben atenci\u00f3n personalizada por parte de dos aeromozas.<\/p>\n<p>En esta cabina se disfruta m\u00e1s confort y silencio, pues el suelo y las paredes del avi\u00f3n son de materiales aislantes de ruido, y cuenta con dos ba\u00f1os exclusivos, pijamas y <em>kits<\/em> de lujo elaborados por dise\u00f1adores europeos, con diferentes <em>amenitis<\/em> para aseo personal.<\/p>\n<p>El men\u00fa <em>gourmet<\/em> tiene cinco opciones de comida y distintas etiquetas de vinos blancos y tintos de diferentes lugares del mundo.<\/p>\n<p>Tambi\u00e9n la<em> business class<\/em> cuenta con asientos-cama para mayor comodidad y descanso. Aunque con menos privilegios que la primera clase, para el servicio de comida tiene cat\u00e1logo de platillos creados por reconocidos chefs internacionales.<\/p>\n<p><em>Premium economy class <\/em>brinda a los pasajeros m\u00e1s beneficios que la clase econ\u00f3mica para vuelos de larga distancia, pero a costo m\u00e1s accesible. Los asientos tienen mayor espacio para las piernas y son poco m\u00e1s anchos y se reclinan algo m\u00e1s que en <em>economy class<\/em> se puede llevar m\u00e1s equipaje y hay la posibilidad de elegir la comida en men\u00fa especial.<\/p>\n<p>Viajar en e<em>conomy class, <\/em>\u00e1rea que tiene el mayor n\u00famero de asientos, requiere menor desembolso pero tambi\u00e9n tiene comodidades, aunque menores; los privilegios de los pasajeros son elegir cualquiera de dos men\u00fas para la comida, derecho a 23 kilos de equipaje documentado (en fuselaje) y diez kilos en cabina.<\/p>\n<p>Para romper la monoton\u00eda en todas las cabinas los pasajeros tienen a su disposici\u00f3n pantallas individuales, con acceso a 180 pel\u00edculas, incluidas las m\u00e1s exitosas recientes. en varios idiomas.<\/p>\n<p>En la ruta Ciudad de M\u00e9xico\u2014Munich y viceversa, a bordo del <em>Airbus A340-600<\/em> de <em>Lufthansa, <\/em>hay ventajas exclusivas, de las que destaca que la mitad de la tripulaci\u00f3n habla espa\u00f1ol y en <em>first class<\/em> y p<em>remium economy class<\/em> ofrecen tequila, grato para quienes somos \u201cfans\u201d de esta espirituosa bebida.<\/p>\n<p><strong>Felipe Bonifatti<\/strong>, visiblemente orgulloso del avi\u00f3n, coment\u00f3 que a bordo tambi\u00e9n cuentan con servicio de <em>wifi <\/em>en dos modalidades: <em>Hotspot, <\/em>conexi\u00f3n\u00a0por medio de red <em>wifi, <\/em>y <em>Roaming,<\/em> que se conecta directamente con la red de telefon\u00eda con que los pasajeros tienen contratado su servicio. Ambas conexiones est\u00e1n incluidas en f<em>irst class,<\/em> y para las dem\u00e1s clases se ofrecen diversos planes con costo, dependiendo de las necesidades de los usuarios.<\/p>\n<p>Nuestro pa\u00eds, asegur\u00f3 <strong>Bonifatti,<\/strong> \u201ces mercado importante para <em>Lufthansa<\/em> y ha sido clave para su crecimiento en la regi\u00f3n. Ofrece cinco vuelos semanales en la ruta Ciudad de M\u00e9xico-Munich en el <em>Airbus A340-600<\/em>, y un vuelo diario a Frankfurt en <em>Boeing B747-800.<\/em> Desde Canc\u00fan tambi\u00e9n vuela a Frankfurt tres veces a la\u00a0 semana.<\/p>\n<p>Por otra parte coment\u00f3 que en febrero de 2018, despu\u00e9s de 100 a\u00f1os de fundada, la aerol\u00ednea se decidi\u00f3 renovar el logotipo; la famosa grulla, distintivo de <em>Lufthansa,<\/em> cambio de colores, ahora predomina el azul oscuro y se elimin\u00f3 el amarillo aunque, los usuarios lo relacionan con <em>Lufthansa, y <\/em>hay peque\u00f1os detalles de ese tono en sus aviones.<\/p>\n<p>Tras precisar que la digitalizaci\u00f3n es clave para ofrecer experiencias \u00fanicas y personalizadas a los pasajeros, el director de la aerol\u00ednea plante\u00f3: \u201cnuestro principal objetivo es mantener cuatro pilares importantes: ser la primera opci\u00f3n para viajar, que los colaboradores quieran seguir en nuestra plantilla, que los socios nos elijan y los inversionistas sigan confiando en <em>Lufthansa<\/em>\u201d.<\/p>\n<p>Por \u00faltimo, <strong>Felipe<\/strong> <strong>Bonifatti<\/strong> refiri\u00f3 algunos detalles que hacen la diferencia entre <em>Lufthansa <\/em>y otras aerol\u00edneas: \u201ces la \u00fanica compa\u00f1\u00eda a\u00e9rea\u00a0 europea con cinco estrellas <em>Skytrax; v<\/em>uela a 350 destinos en 102 pa\u00edses, su flota est\u00e1 integrada por 763 aviones y en 2018 transport\u00f3 142 millones de pasajeros\u201d.<\/p>\n<p>&nbsp;<\/p>\n<blockquote>\n<p style=\"text-align: right;\"><strong>\u201cEl \u00e1ngel de la fama tiene sus alas hechas de papel&#8230; peri\u00f3dico\u201d.<\/strong><\/p>\n<\/blockquote>\n<p>&nbsp;<\/p>\n<p><em><span class=\"Apple-converted-space\"><a href=\"mailto:victoriagprado@gmail.com\" target=\"_blank\" rel=\"noopener noreferrer\">victoriagprado@gmail.com<\/a><br \/>\nTwitter: <a href=\"https:\/\/twitter.com\/victoriagprado\" target=\"_blank\" rel=\"noopener noreferrer\">@victoriagprado<\/a><\/span><\/em><\/p>\n","protected":false},"excerpt":{"rendered":"<p><strong>Felipe Bonifatti<\/strong>, director general de Lufthansa en M\u00e9xico nos invit\u00f3  a conocer, muy de cerca, el avi\u00f3n <em>Airbus A340-600<\/em> que vuela cinco veces por semana entre el aeropuerto internacional de la Ciudad de M\u00e9xico y el de Munich, Alemania. Por sus dimensiones y estructura interior, este aparato bien parece crucero alado.<\/p>\n","protected":false},"author":3,"featured_media":462910,"comment_status":"open","ping_status":"open","sticky":false,"template":"","format":"standard","meta":{"_monsterinsights_skip_tracking":false,"_monsterinsights_sitenote_active":false,"_monsterinsights_sitenote_note":"","_monsterinsights_sitenote_category":0,"footnotes":""},"categories":[11],"tags":[107,15444,43674,43681,106],"class_list":["post-462822","post","type-post","status-publish","format-standard","has-post-thumbnail","hentry","category-turismo","tag-de-cinco-estrellas","tag-lufthansa","tag-opinion","tag-turismo","tag-victoria-gonzalez-prado"],"_links":{"self":[{"href":"https:\/\/www.diarioimagen.net\/index.php?rest_route=\/wp\/v2\/posts\/462822","targetHints":{"allow":["GET"]}}],"collection":[{"href":"https:\/\/www.diarioimagen.net\/index.php?rest_route=\/wp\/v2\/posts"}],"about":[{"href":"https:\/\/www.diarioimagen.net\/index.php?rest_route=\/wp\/v2\/types\/post"}],"author":[{"embeddable":true,"href":"https:\/\/www.diarioimagen.net\/index.php?rest_route=\/wp\/v2\/users\/3"}],"replies":[{"embeddable":true,"href":"https:\/\/www.diarioimagen.net\/index.php?rest_route=%2Fwp%2Fv2%2Fcomments&post=462822"}],"version-history":[{"count":0,"href":"https:\/\/www.diarioimagen.net\/index.php?rest_route=\/wp\/v2\/posts\/462822\/revisions"}],"wp:featuredmedia":[{"embeddable":true,"href":"https:\/\/www.diarioimagen.net\/index.php?rest_route=\/wp\/v2\/media\/462910"}],"wp:attachment":[{"href":"https:\/\/www.diarioimagen.net\/index.php?rest_route=%2Fwp%2Fv2%2Fmedia&parent=462822"}],"wp:term":[{"taxonomy":"category","embeddable":true,"href":"https:\/\/www.diarioimagen.net\/index.php?rest_route=%2Fwp%2Fv2%2Fcategories&post=462822"},{"taxonomy":"post_tag","embeddable":true,"href":"https:\/\/www.diarioimagen.net\/index.php?rest_route=%2Fwp%2Fv2%2Ftags&post=462822"}],"curies":[{"name":"wp","href":"https:\/\/api.w.org\/{rel}","templated":true}]}}