{"id":462828,"date":"2020-03-09T00:03:32","date_gmt":"2020-03-09T06:03:32","guid":{"rendered":"https:\/\/www.diarioimagen.net\/?p=462828"},"modified":"2020-03-09T02:09:35","modified_gmt":"2020-03-09T08:09:35","slug":"huixquilucan-platicas-a-servidores-publicos-sobre-prevencion-de-adicciones","status":"publish","type":"post","link":"https:\/\/www.diarioimagen.net\/?p=462828","title":{"rendered":"Huixquilucan: pl\u00e1ticas a servidores p\u00fablicos sobre prevenci\u00f3n de adicciones"},"content":{"rendered":"<ul>\n<li><strong><em>A trav\u00e9s de Desarrollo Social y la sexta Regidur\u00eda<\/em><\/strong><\/li>\n<\/ul>\n<p>&nbsp;<\/p>\n<div id=\"attachment_462927\" style=\"width: 470px\" class=\"wp-caption aligncenter\"><a href=\"https:\/\/www.diarioimagen.net\/?attachment_id=462927\" rel=\"attachment wp-att-462927\"><img loading=\"lazy\" decoding=\"async\" aria-describedby=\"caption-attachment-462927\" class=\"size-large wp-image-462927\" src=\"https:\/\/www.diarioimagen.net\/wp-content\/uploads\/2020\/03\/HUIXQUILUCAN-3-460x259.jpg\" alt=\"\" width=\"460\" height=\"259\" srcset=\"https:\/\/www.diarioimagen.net\/wp-content\/uploads\/2020\/03\/HUIXQUILUCAN-3-460x259.jpg 460w, https:\/\/www.diarioimagen.net\/wp-content\/uploads\/2020\/03\/HUIXQUILUCAN-3-240x135.jpg 240w, https:\/\/www.diarioimagen.net\/wp-content\/uploads\/2020\/03\/HUIXQUILUCAN-3-235x132.jpg 235w, https:\/\/www.diarioimagen.net\/wp-content\/uploads\/2020\/03\/HUIXQUILUCAN-3-202x114.jpg 202w, https:\/\/www.diarioimagen.net\/wp-content\/uploads\/2020\/03\/HUIXQUILUCAN-3-350x196.jpg 350w, https:\/\/www.diarioimagen.net\/wp-content\/uploads\/2020\/03\/HUIXQUILUCAN-3-220x123.jpg 220w, https:\/\/www.diarioimagen.net\/wp-content\/uploads\/2020\/03\/HUIXQUILUCAN-3-237x132.jpg 237w, https:\/\/www.diarioimagen.net\/wp-content\/uploads\/2020\/03\/HUIXQUILUCAN-3.jpg 480w\" sizes=\"auto, (max-width: 460px) 100vw, 460px\" \/><\/a><p id=\"caption-attachment-462927\" class=\"wp-caption-text\">Personal del \u00e1rea de salud expuso los da\u00f1os que ocasiona el tabaco tanto a nivel personal como a las personas que est\u00e1n en el entorno inmediato.<\/p><\/div>\n<p>&nbsp;<\/p>\n<p><strong>Huixquilucan, Estado de M\u00e9xico<\/strong>.- El gobierno municipal, a trav\u00e9s de la Direcci\u00f3n General de Desarrollo Social y la sexta Regidur\u00eda, realizaron\u00a0 pl\u00e1ticas de prevenci\u00f3n de consumo de tabaco para los servidores p\u00fablicos.<\/p>\n<p>Reunidos en el auditorio del sistema municipal para el Desarrollo Integral de la Familia (DIF), personal del \u00e1rea de salud expuso los da\u00f1os que ocasiona el tabaco tanto a nivel personal como a las personas que est\u00e1n en el entorno inmediato.<\/p>\n<p>Recordaron que de acuerdo con las estad\u00edsticas, en M\u00e9xico se estima que diariamente mueren 167 personas a consecuencia de padecimientos relacionadas con el consumo de tabaco, como es el c\u00e1ncer, enfermedades respiratorias y cardiacas, presi\u00f3n arterial, entre otras.<\/p>\n<p>Mar\u00eda Eugenia Torres P\u00e9rez Tejada, sexta regidora enfatiz\u00f3 que el gobierno municipal cuenta con espacios certificados libres de humo de tabaco, situaci\u00f3n que contribuye a prevenir enfermedades entre los servidores p\u00fablicos.<\/p>\n<p>Puntualiz\u00f3 que en todo el municipio se est\u00e1 trabajando en el combate a las adicciones, por lo que las pl\u00e1ticas de sensibilizaci\u00f3n son de vital importancia para ello.<\/p>\n","protected":false},"excerpt":{"rendered":"<p>El gobierno municipal, a trav\u00e9s de la Direcci\u00f3n General de Desarrollo Social y la sexta Regidur\u00eda, realizaron\u00a0 pl\u00e1ticas de prevenci\u00f3n de consumo de tabaco para los servidores p\u00fablicos.<\/p>\n","protected":false},"author":3,"featured_media":462927,"comment_status":"open","ping_status":"open","sticky":false,"template":"","format":"standard","meta":{"_monsterinsights_skip_tracking":false,"_monsterinsights_sitenote_active":false,"_monsterinsights_sitenote_note":"","_monsterinsights_sitenote_category":0,"footnotes":""},"categories":[5],"tags":[6986,43675,1097,2575],"class_list":["post-462828","post","type-post","status-publish","format-standard","has-post-thumbnail","hentry","category-estado-de-mexico","tag-adicciones","tag-estado-de-mexico","tag-huixquilucan","tag-servidores-publicos"],"_links":{"self":[{"href":"https:\/\/www.diarioimagen.net\/index.php?rest_route=\/wp\/v2\/posts\/462828","targetHints":{"allow":["GET"]}}],"collection":[{"href":"https:\/\/www.diarioimagen.net\/index.php?rest_route=\/wp\/v2\/posts"}],"about":[{"href":"https:\/\/www.diarioimagen.net\/index.php?rest_route=\/wp\/v2\/types\/post"}],"author":[{"embeddable":true,"href":"https:\/\/www.diarioimagen.net\/index.php?rest_route=\/wp\/v2\/users\/3"}],"replies":[{"embeddable":true,"href":"https:\/\/www.diarioimagen.net\/index.php?rest_route=%2Fwp%2Fv2%2Fcomments&post=462828"}],"version-history":[{"count":0,"href":"https:\/\/www.diarioimagen.net\/index.php?rest_route=\/wp\/v2\/posts\/462828\/revisions"}],"wp:featuredmedia":[{"embeddable":true,"href":"https:\/\/www.diarioimagen.net\/index.php?rest_route=\/wp\/v2\/media\/462927"}],"wp:attachment":[{"href":"https:\/\/www.diarioimagen.net\/index.php?rest_route=%2Fwp%2Fv2%2Fmedia&parent=462828"}],"wp:term":[{"taxonomy":"category","embeddable":true,"href":"https:\/\/www.diarioimagen.net\/index.php?rest_route=%2Fwp%2Fv2%2Fcategories&post=462828"},{"taxonomy":"post_tag","embeddable":true,"href":"https:\/\/www.diarioimagen.net\/index.php?rest_route=%2Fwp%2Fv2%2Ftags&post=462828"}],"curies":[{"name":"wp","href":"https:\/\/api.w.org\/{rel}","templated":true}]}}