{"id":462867,"date":"2020-03-09T00:00:03","date_gmt":"2020-03-09T06:00:03","guid":{"rendered":"https:\/\/www.diarioimagen.net\/?p=462867"},"modified":"2020-03-09T00:40:22","modified_gmt":"2020-03-09T06:40:22","slug":"peligran-eventos-masivos-y-convenciones","status":"publish","type":"post","link":"https:\/\/www.diarioimagen.net\/?p=462867","title":{"rendered":"Peligran eventos masivos y convenciones"},"content":{"rendered":"<h2>\u201cHora 14\u201d<\/h2>\n<h5>Mauricio Conde Olivares<\/h5>\n<p>&nbsp;<\/p>\n<p>El Consejo Mexicano de la Industria de Reuniones (COMIR), comparti\u00f3 la preocupaci\u00f3n por el COVID-19 y lo que representa este desaf\u00edo. El bienestar del p\u00fablico siempre ser\u00e1 prioridad.<\/p>\n<p>A medida que numerosas organizaciones determinan planes relacionados con la realizaci\u00f3n de congresos, convenciones, exposiciones y viajes de incentivo, donde las personas se re\u00fanen para realizar negocios, alentamos firmemente a guiarse por informaci\u00f3n basada en datos cient\u00edficos y m\u00e9dicos, y proveniente de las autoridades gubernamentales y de salud p\u00fablica.<\/p>\n<p>Mientras que los expertos dicen ser prudentes y practican las mejores recomendaciones de salud que son similares a la prevenci\u00f3n de la gripe estacional, las autoridades de salud p\u00fablica no dicen que los viajes de negocios o eventos deban reducirse o cancelarse.<\/p>\n<p>En el COMIR estamos firmemente comprometidos, me indican, a prestar atenci\u00f3n a las indicaciones de las autoridades de salud p\u00fablica y estamos preparados para cambiar seg\u00fan lo dicte la situaci\u00f3n, pero a falta de cualquier notificaci\u00f3n oficial de que las reuniones deban limitarse de alguna manera, alentamos la continuaci\u00f3n de viajes y eventos.<\/p>\n<p>Diversas organizaciones (incluida la nuestra) contin\u00faan organizando y celebrando reuniones y eventos en todo el mundo, y aplaudimos la decisi\u00f3n de hacerlo de manera segura, no solo por la continuidad del negocio, sino por los millones de trabajadores que integran esta industria.<\/p>\n<p>La decisi\u00f3n de cancelar reuniones y eventos crea un impacto significativo en la econom\u00eda y en los trabajadores cuyos trabajos y medios de vida se ven afectados por las reducciones en estos eventos.<\/p>\n<p>Las anteriores recomendaciones deben ser tomadas muy en cuenta por los turisteros y operadores de Canc\u00fan y la Riviera Maya, ahora que recrudecen las estad\u00edsticas del coronavirus.<\/p>\n<p>Por otra parte, The Home Depot, la tienda de mejoras para el hogar n\u00famero uno en M\u00e9xico, cerr\u00f3 2019 alcanzando sus objetivos de negocio, al operar 125 tiendas en las 32 entidades del pa\u00eds y llegar a 65 trimestres consecutivos de crecimiento positivo en M\u00e9xico.<\/p>\n<p>La empresa reforzar\u00e1 su compromiso con M\u00e9xico al invertir $2,395 millones de pesos para consolidar su presencia en el pa\u00eds, enfoc\u00e1ndose fuertemente en mejorar la experiencia de sus clientes en cada uno de sus acercamientos con la marca, uniendo las tiendas f\u00edsicas con las ventajas de la tecnolog\u00eda y los canales digitales para facilitar su proceso de compra.<\/p>\n<p>Todas las iniciativas del 2020 estar\u00e1n enfocadas en fortalecer el liderazgo como marca l\u00edder de productos de mejoras para el hogar, brindar la mejor experiencia a sus clientes, y mantener la productividad y la eficiencia de la empresa. En 2020 se implementar\u00e1n proyectos que permitan vincular cada vez m\u00e1s a las tiendas f\u00edsicas con el comercio electr\u00f3nico, as\u00ed como mejorar la comunicaci\u00f3n con los clientes y atenderlos en cualquier momento y desde cualquier lugar de una manera m\u00e1s \u00e1gil y oportuna.<\/p>\n<p>Para asegurar el inventario en tiendas, as\u00ed como continuar mejorando el proceso de entrega de las compras en l\u00ednea, se implementar\u00e1n diversos proyectos en la cadena de suministro, incluyendo la apertura de dos nodos log\u00edsticos que permitir\u00e1n mejorar el abastecimiento a tiendas con menor inventario en piso de venta; la ampliaci\u00f3n de sus dos centros de distribuci\u00f3n para incrementar la capacidad de almacenamiento; as\u00ed como la renovaci\u00f3n de su plataforma tecnol\u00f3gica y la mecanizaci\u00f3n de algunas actividades para lograr eficiencias operativas, entre otros<\/p>\n<p>Tambi\u00e9n fortalecer\u00e1 su estrategia PRO, dirigida a profesionistas de la construcci\u00f3n, tanto en tiendas como en l\u00ednea a trav\u00e9s de la renovaci\u00f3n de los m\u00f3dulos y atenci\u00f3n personalizada en tienda, facilidades de compra a nivel nacional, entrega en obra, y compra expr\u00e9s; as\u00ed como la implementaci\u00f3n del sitio para venta en l\u00ednea a profesionales, que ofrecer\u00e1, entre otras, la ventaja de comprar los productos necesarios desde cualquier lugar, utilizando los esquemas de precio y pagos aplicables a este tipo de cliente.<\/p>\n<p>Adem\u00e1s, la compa\u00f1\u00eda continuar\u00e1 con su plan de expansi\u00f3n en el pa\u00eds, para lo cual abrir\u00e1 de 2 a 4 tiendas en el territorio nacional, con lo que seguir\u00e1 brindando empleo de calidad a m\u00e1s mexicanos, y generando alianzas comerciales con proveedores locales. Actualmente, m\u00e1s del 80 por ciento de los productos en sus tiendas son de proveedores en M\u00e9xico.<\/p>\n<p>Para reforzar el servicio al cliente dentro de sus 126 tiendas a nivel nacional, la empresa llevar\u00e1 a cabo proyectos enfocados en mejorar la experiencia de compra en piso de venta y l\u00ednea de cajas, as\u00ed como en incrementar la productividad de los asociados a trav\u00e9s de herramientas de movilidad.<\/p>\n<p>Lo anterior incluye inversi\u00f3n en infraestructura para mejorar la experiencia en l\u00ednea de cajas con la renovaci\u00f3n del formato de atenci\u00f3n, y modelo <em>paperless<\/em> para pago con tarjetas, entre otros.<\/p>\n<p>Tambi\u00e9n destacan proyectos que permitir\u00e1n a los clientes localizar los productos en tienda a trav\u00e9s del sitio web, mayor rapidez en el procesamiento de \u00f3rdenes de servicio a domicilio e instalaciones, y la renovaci\u00f3n de la estructura de entrega de compras en l\u00ednea.<\/p>\n<p>The Home Depot, comprometido con el desarrollo de M\u00e9xico y su valor de Devolver a la comunidad, inform\u00f3 que continuar\u00e1 realizando sus programas de Responsabilidad Social, enfocados en construcci\u00f3n de vivienda y rehabilitaci\u00f3n de espacios p\u00fablicos.<\/p>\n<p>Durante 2019, la compa\u00f1\u00eda reforz\u00f3 su presencia en el pa\u00eds con la apertura de dos nuevas tiendas y la renovaci\u00f3n completa de su tienda en l\u00ednea, que ofrece m\u00e1s de 25 mil art\u00edculos, consolid\u00e1ndose como el cat\u00e1logo de productos de mejora para el hogar en l\u00ednea m\u00e1s grande de M\u00e9xico; empero, lo anterior ser\u00e1 motivo de posterior an\u00e1lisis en otra entrega de <strong><em>Hora 14<\/em><\/strong>.<\/p>\n<p><em><a href=\"mailto:%20mauricio_conde@msn.com\" target=\"_blank\" rel=\"noopener noreferrer\">mauricioconde59@outlook.com<\/a><\/em><br \/>\n<em><a href=\"https:\/\/twitter.com\/mauconde007\" target=\"_blank\" rel=\"noopener noreferrer\">@mauconde007<\/a> <\/em><br \/>\n<em><a href=\"https:\/\/mauriciocondeblog.wordpress.com\" target=\"_blank\" rel=\"noopener noreferrer\">https:\/\/mauriciocondeblog.wordpress.com<\/a><\/em><\/p>\n","protected":false},"excerpt":{"rendered":"<p><span style=\"color: #005497;\"><strong>Mauricio Conde Olivares<\/strong><\/span><\/p>\n","protected":false},"author":3,"featured_media":0,"comment_status":"open","ping_status":"open","sticky":false,"template":"","format":"standard","meta":{"_monsterinsights_skip_tracking":false,"_monsterinsights_sitenote_active":false,"_monsterinsights_sitenote_note":"","_monsterinsights_sitenote_category":0,"footnotes":""},"categories":[35889],"tags":[43712,43674,44860],"class_list":["post-462867","post","type-post","status-publish","format-standard","hentry","category-mauricio-conde-olivares","tag-mauricio-conde-olivares","tag-opinion","tag-hora-14"],"_links":{"self":[{"href":"https:\/\/www.diarioimagen.net\/index.php?rest_route=\/wp\/v2\/posts\/462867","targetHints":{"allow":["GET"]}}],"collection":[{"href":"https:\/\/www.diarioimagen.net\/index.php?rest_route=\/wp\/v2\/posts"}],"about":[{"href":"https:\/\/www.diarioimagen.net\/index.php?rest_route=\/wp\/v2\/types\/post"}],"author":[{"embeddable":true,"href":"https:\/\/www.diarioimagen.net\/index.php?rest_route=\/wp\/v2\/users\/3"}],"replies":[{"embeddable":true,"href":"https:\/\/www.diarioimagen.net\/index.php?rest_route=%2Fwp%2Fv2%2Fcomments&post=462867"}],"version-history":[{"count":0,"href":"https:\/\/www.diarioimagen.net\/index.php?rest_route=\/wp\/v2\/posts\/462867\/revisions"}],"wp:attachment":[{"href":"https:\/\/www.diarioimagen.net\/index.php?rest_route=%2Fwp%2Fv2%2Fmedia&parent=462867"}],"wp:term":[{"taxonomy":"category","embeddable":true,"href":"https:\/\/www.diarioimagen.net\/index.php?rest_route=%2Fwp%2Fv2%2Fcategories&post=462867"},{"taxonomy":"post_tag","embeddable":true,"href":"https:\/\/www.diarioimagen.net\/index.php?rest_route=%2Fwp%2Fv2%2Ftags&post=462867"}],"curies":[{"name":"wp","href":"https:\/\/api.w.org\/{rel}","templated":true}]}}