{"id":462879,"date":"2020-03-09T00:03:37","date_gmt":"2020-03-09T06:03:37","guid":{"rendered":"https:\/\/www.diarioimagen.net\/?p=462879"},"modified":"2020-03-09T00:53:10","modified_gmt":"2020-03-09T06:53:10","slug":"dia-de-la-mujer","status":"publish","type":"post","link":"https:\/\/www.diarioimagen.net\/?p=462879","title":{"rendered":"D\u00eda de la Mujer"},"content":{"rendered":"<h2>Perfiles de M\u00e9xico<\/h2>\n<h5>Armando R\u00edos Ruiz<\/h5>\n<p>&nbsp;<\/p>\n<p>Los poetas que vertieron los m\u00e1s hermosos halagos a los innumerables atributos de la mujer y encontraron en ellos motivos suficientes para despertar los sentimientos m\u00e1s fecundos de su inspiraci\u00f3n, han pasado a la historia, pero han sido suplidos en esa pr\u00e1ctica por los compositores de canciones, que no dejan de encontrar el numen m\u00e1s exquisito para dedicarles sus creaciones.<\/p>\n<p>Pero tambi\u00e9n la poes\u00eda que se inserta en la m\u00fasica registra una tendencia a cambiar y a dar un trato diferente a la mujer, cada d\u00eda m\u00e1s alejado del reconocimiento a sus virtudes. Cada d\u00eda m\u00e1s lejano de la admiraci\u00f3n a su belleza y a otras bondades que no dejar\u00e1n de ser cualidades exclusivas suyas.<\/p>\n<p>El trato que le dan los hombres en general y a nivel mundial, es diferente en cada regi\u00f3n, acorde al nivel de civilizaci\u00f3n alcanzado en cada latitud y aunque se conoce que en pa\u00edses avanzados tambi\u00e9n existen discordias y abusos en contra del sexo femenino, en los m\u00e1s atrasados, es notoria la imposici\u00f3n de la fuerza en su contra y el avance de su eliminaci\u00f3n con m\u00e9todos asombrosamente salvajes.<\/p>\n<p>Hace ya muchos a\u00f1os, Ciudad Ju\u00e1rez comenz\u00f3 a presentar grandes y cotidianos problemas de feminicidios, que se atendieron por las autoridades locales sin ning\u00fan progreso, pues lejos de encontrarles soluci\u00f3n, el problema se hizo cotidiano y com\u00fan y por lo tanto,\u00a0 las investigaciones serias cesaron. Los cr\u00edmenes aumentaron y se hizo tanto ruido, que los medios concentraron parte de sus publicaciones del asunto a esa entidad.<\/p>\n<p>El gobierno del estado norte\u00f1o inici\u00f3 una campa\u00f1a, mediante la cual solicit\u00f3 que los medios no hablaran s\u00f3lo de la situaci\u00f3n en ese lugar, pues lo afectaba de diversas maneras. Entonces, la noticia volte\u00f3 los ojos hacia el estado de M\u00e9xico, en donde los asesinatos de ese g\u00e9nero lo hab\u00edan superado en n\u00famero.<\/p>\n<p>El problema dio muestras de un crecimiento explosivo hasta llegar a nuestros d\u00edas en que el actual gobierno, lejos de buscar soluciones, parece alentar a los criminales a actuar a placer, porque se sienten apapachados y libres de hacer pr\u00e1cticamente lo que quieran.<\/p>\n<p>Desde la misma cumbre del poder se arenga a los mexicanos para que reconozcan que los\u00a0 criminales tambi\u00e9n son seres humanos que necesitan ser comprendidos, aunque cuando act\u00faan, no den se\u00f1ales de humanidad. M\u00e1s bien de un salvajismo sin comparaci\u00f3n, que supera el actuar de las fieras m\u00e1s sanguinarias.<\/p>\n<p>Recientemente, en una conferencia ma\u00f1anera, la reportera Isabel Gonz\u00e1lez, de Grupo Imagen, se quej\u00f3 ante el Presidente de haber sido v\u00edctima de violencia en su contra, pues el dizque periodista Paul Vel\u00e1zquez, le dese\u00f3 que la balearan \u201cMe pongo en sus manos y en manos de las autoridades\u201d, dijo<\/p>\n<p>Seguramente esperaba otra respuesta. La que escuch\u00f3, tambi\u00e9n seguramente la decepcion\u00f3. El Mandatario le dijo: \u201cpor qu\u00e9 no perdonarlo, porque si no, vamos a seguir promoviendo ese tipo de cosas\u00a0\u00a0\u00a0\u00a0\u00a0\u00a0\u00a0\u00a0\u00a0\u00a0\u00a0 \u2026\u201d Obviamente, la actitud, el consejo, fueron criticados, sencillamente porque incitan a la violencia.<\/p>\n<p>\u00bfQui\u00e9n es el promotor de cr\u00edmenes de odio? Dicha contestaci\u00f3n dej\u00f3 plenamente complacido al del ojo parchado. Su sonrisa sarc\u00e1stica y burlona lo denunci\u00f3 perfectamente. Luego entonces, \u00bfqui\u00e9n puede exponer una queja en contra de los que acuden a las conferencias, que ni siquiera son periodistas, pero que cumplen con la funci\u00f3n de injuriar a los que interrogan, porque resultan inc\u00f3modos?<\/p>\n<p>Isabel le record\u00f3 al Presidente que el sujeto es el mismo que \u201cllam\u00f3 a todas las compa\u00f1eras \u2018prostitutas de la informaci\u00f3n\u2019, hace ya varios meses\u201d. Eso no vali\u00f3 para que le quitaran la cobija. Seguramente cumple una funci\u00f3n muy importante: la de coadyuvar a desvirtuar a los representantes de los diferentes medios. Por eso es imposible quitarle la acreditaci\u00f3n.<\/p>\n<p>Ojal\u00e1 que las mujeres organizadas, tanto aqu\u00ed como en todo el mundo, alcancen soluciones firmes y para siempre, al terrible problema que ahora sufren. Ojal\u00e1 se frene de inmediato y engendren conciencia en toda la sociedad y en las autoridades, que hasta hoy, las han soslayado.<\/p>\n<p><a href=\"mailto:ariosruiz@gmail.com\" target=\"_blank\" rel=\"noopener noreferrer\"><em>ariosruiz@gmail.com<\/em><\/a><\/p>\n","protected":false},"excerpt":{"rendered":"<p><span style=\"color: #005497;\"><strong>Armando R\u00edos Ruiz<\/strong><\/span><\/p>\n","protected":false},"author":3,"featured_media":0,"comment_status":"open","ping_status":"open","sticky":false,"template":"","format":"standard","meta":{"_monsterinsights_skip_tracking":false,"_monsterinsights_sitenote_active":false,"_monsterinsights_sitenote_note":"","_monsterinsights_sitenote_category":0,"footnotes":""},"categories":[88405],"tags":[88407,43674,88406],"class_list":["post-462879","post","type-post","status-publish","format-standard","hentry","category-armando-rios-ruiz","tag-armando-rios-ruiz","tag-opinion","tag-perfiles-de-mexico"],"_links":{"self":[{"href":"https:\/\/www.diarioimagen.net\/index.php?rest_route=\/wp\/v2\/posts\/462879","targetHints":{"allow":["GET"]}}],"collection":[{"href":"https:\/\/www.diarioimagen.net\/index.php?rest_route=\/wp\/v2\/posts"}],"about":[{"href":"https:\/\/www.diarioimagen.net\/index.php?rest_route=\/wp\/v2\/types\/post"}],"author":[{"embeddable":true,"href":"https:\/\/www.diarioimagen.net\/index.php?rest_route=\/wp\/v2\/users\/3"}],"replies":[{"embeddable":true,"href":"https:\/\/www.diarioimagen.net\/index.php?rest_route=%2Fwp%2Fv2%2Fcomments&post=462879"}],"version-history":[{"count":0,"href":"https:\/\/www.diarioimagen.net\/index.php?rest_route=\/wp\/v2\/posts\/462879\/revisions"}],"wp:attachment":[{"href":"https:\/\/www.diarioimagen.net\/index.php?rest_route=%2Fwp%2Fv2%2Fmedia&parent=462879"}],"wp:term":[{"taxonomy":"category","embeddable":true,"href":"https:\/\/www.diarioimagen.net\/index.php?rest_route=%2Fwp%2Fv2%2Fcategories&post=462879"},{"taxonomy":"post_tag","embeddable":true,"href":"https:\/\/www.diarioimagen.net\/index.php?rest_route=%2Fwp%2Fv2%2Ftags&post=462879"}],"curies":[{"name":"wp","href":"https:\/\/api.w.org\/{rel}","templated":true}]}}