{"id":462999,"date":"2020-03-10T00:07:26","date_gmt":"2020-03-10T06:07:26","guid":{"rendered":"https:\/\/www.diarioimagen.net\/?p=462999"},"modified":"2020-03-10T22:19:53","modified_gmt":"2020-03-11T04:19:53","slug":"vendedoras-ambulantes-trabajaron-con-normalidad","status":"publish","type":"post","link":"https:\/\/www.diarioimagen.net\/?p=462999","title":{"rendered":"Vendedoras ambulantes trabajaron con normalidad"},"content":{"rendered":"<p><a href=\"https:\/\/www.diarioimagen.net\/?attachment_id=463107\" rel=\"attachment wp-att-463107\"><img loading=\"lazy\" decoding=\"async\" class=\"aligncenter size-large wp-image-463107\" src=\"https:\/\/www.diarioimagen.net\/wp-content\/uploads\/2020\/03\/MUJERES10b-460x259.jpg\" alt=\"\" width=\"460\" height=\"259\" srcset=\"https:\/\/www.diarioimagen.net\/wp-content\/uploads\/2020\/03\/MUJERES10b-460x259.jpg 460w, https:\/\/www.diarioimagen.net\/wp-content\/uploads\/2020\/03\/MUJERES10b-240x135.jpg 240w, https:\/\/www.diarioimagen.net\/wp-content\/uploads\/2020\/03\/MUJERES10b-235x132.jpg 235w, https:\/\/www.diarioimagen.net\/wp-content\/uploads\/2020\/03\/MUJERES10b-202x114.jpg 202w, https:\/\/www.diarioimagen.net\/wp-content\/uploads\/2020\/03\/MUJERES10b-350x196.jpg 350w, https:\/\/www.diarioimagen.net\/wp-content\/uploads\/2020\/03\/MUJERES10b-220x123.jpg 220w, https:\/\/www.diarioimagen.net\/wp-content\/uploads\/2020\/03\/MUJERES10b-237x132.jpg 237w, https:\/\/www.diarioimagen.net\/wp-content\/uploads\/2020\/03\/MUJERES10b.jpg 480w\" sizes=\"auto, (max-width: 460px) 100vw, 460px\" \/><\/a><\/p>\n<p>&nbsp;<\/p>\n<p>Para las mujeres vendedoras ambulantes este 9 de marzo fue como cualquier d\u00eda. Aunque algunas dicen respaldar el movimiento femenista, al que se convoc\u00f3 este lunes, no pudieron dejar de trabajar \u201cporque no tenemos el sueldo asegurado\u201d.<\/p>\n<p>Tambi\u00e9n en la CDMX, cerca de los tribunales en Avenida Ni\u00f1os H\u00e9roes, hay mujeres trabajando, pero no las suficientes para generar la bulla acostumbrada.<\/p>\n<p>La mayor\u00eda de los puestos ambulantes que se colocan en Dr. Jim\u00e9nez y Claudio Bernard trabajaron excepto el de medias, los de cosm\u00e9ticos, el de postres y los de ropa para mujer. Todos ellos atendidos por mujeres.Martha Estela sali\u00f3 a poner su puesto de pijamas en una calle que est\u00e1 muy cerca de la C\u00e1mara de Diputados. En un d\u00eda bueno puede ganar hasta 300 pesos, dinero utilizado para pagar sus alimentos y el de su familia.<\/p>\n<p>\u201cMe enter\u00e9 del paro nacional por la televisi\u00f3n y est\u00e1 muy bien que las mujeres lo hagan, siempre estamos cocinando, atendiendo a la familia, trabajando, nos merecemos un d\u00eda sin hacer nada.\u00a0 \u201cYo no me pude sumar porque ya hab\u00eda pagado la renta de mi espacio para venir a vender, adem\u00e1s de que las comerciantes venimos al d\u00eda y no podemos faltar\u201d, se\u00f1al\u00f3 Martha.<\/p>\n","protected":false},"excerpt":{"rendered":"<p>Para las mujeres vendedoras ambulantes este 9 de marzo fue como cualquier d\u00eda. Aunque algunas dicen respaldar el movimiento femenista, al que se convoc\u00f3 este lunes, no pudieron dejar de trabajar \u201cporque no tenemos el sueldo asegurado\u201d.<\/p>\n","protected":false},"author":3,"featured_media":463107,"comment_status":"open","ping_status":"open","sticky":false,"template":"","format":"standard","meta":{"_monsterinsights_skip_tracking":false,"_monsterinsights_sitenote_active":false,"_monsterinsights_sitenote_note":"","_monsterinsights_sitenote_category":0,"footnotes":""},"categories":[3],"tags":[87347,1921,43673,8961,90528],"class_list":["post-462999","post","type-post","status-publish","format-standard","has-post-thumbnail","hentry","category-nacional","tag-feministas","tag-mujeres","tag-nacional","tag-trabajo","tag-vendoras-ambuanates"],"_links":{"self":[{"href":"https:\/\/www.diarioimagen.net\/index.php?rest_route=\/wp\/v2\/posts\/462999","targetHints":{"allow":["GET"]}}],"collection":[{"href":"https:\/\/www.diarioimagen.net\/index.php?rest_route=\/wp\/v2\/posts"}],"about":[{"href":"https:\/\/www.diarioimagen.net\/index.php?rest_route=\/wp\/v2\/types\/post"}],"author":[{"embeddable":true,"href":"https:\/\/www.diarioimagen.net\/index.php?rest_route=\/wp\/v2\/users\/3"}],"replies":[{"embeddable":true,"href":"https:\/\/www.diarioimagen.net\/index.php?rest_route=%2Fwp%2Fv2%2Fcomments&post=462999"}],"version-history":[{"count":0,"href":"https:\/\/www.diarioimagen.net\/index.php?rest_route=\/wp\/v2\/posts\/462999\/revisions"}],"wp:featuredmedia":[{"embeddable":true,"href":"https:\/\/www.diarioimagen.net\/index.php?rest_route=\/wp\/v2\/media\/463107"}],"wp:attachment":[{"href":"https:\/\/www.diarioimagen.net\/index.php?rest_route=%2Fwp%2Fv2%2Fmedia&parent=462999"}],"wp:term":[{"taxonomy":"category","embeddable":true,"href":"https:\/\/www.diarioimagen.net\/index.php?rest_route=%2Fwp%2Fv2%2Fcategories&post=462999"},{"taxonomy":"post_tag","embeddable":true,"href":"https:\/\/www.diarioimagen.net\/index.php?rest_route=%2Fwp%2Fv2%2Ftags&post=462999"}],"curies":[{"name":"wp","href":"https:\/\/api.w.org\/{rel}","templated":true}]}}