{"id":463001,"date":"2020-03-10T00:03:38","date_gmt":"2020-03-10T06:03:38","guid":{"rendered":"https:\/\/www.diarioimagen.net\/?p=463001"},"modified":"2020-03-10T01:18:43","modified_gmt":"2020-03-10T07:18:43","slug":"confia-el-presidente-en-que-mercados-retomen-la-calma","status":"publish","type":"post","link":"https:\/\/www.diarioimagen.net\/?p=463001","title":{"rendered":"Conf\u00eda el Presidente en que mercados retomen la calma"},"content":{"rendered":"<p><a href=\"https:\/\/www.diarioimagen.net\/?attachment_id=463083\" rel=\"attachment wp-att-463083\"><img loading=\"lazy\" decoding=\"async\" class=\"aligncenter size-large wp-image-463083\" src=\"https:\/\/www.diarioimagen.net\/wp-content\/uploads\/2020\/03\/MERCADOS10-460x259.jpg\" alt=\"\" width=\"460\" height=\"259\" srcset=\"https:\/\/www.diarioimagen.net\/wp-content\/uploads\/2020\/03\/MERCADOS10-460x259.jpg 460w, https:\/\/www.diarioimagen.net\/wp-content\/uploads\/2020\/03\/MERCADOS10-240x135.jpg 240w, https:\/\/www.diarioimagen.net\/wp-content\/uploads\/2020\/03\/MERCADOS10-235x132.jpg 235w, https:\/\/www.diarioimagen.net\/wp-content\/uploads\/2020\/03\/MERCADOS10-202x114.jpg 202w, https:\/\/www.diarioimagen.net\/wp-content\/uploads\/2020\/03\/MERCADOS10-350x196.jpg 350w, https:\/\/www.diarioimagen.net\/wp-content\/uploads\/2020\/03\/MERCADOS10-220x123.jpg 220w, https:\/\/www.diarioimagen.net\/wp-content\/uploads\/2020\/03\/MERCADOS10-237x132.jpg 237w, https:\/\/www.diarioimagen.net\/wp-content\/uploads\/2020\/03\/MERCADOS10.jpg 480w\" sizes=\"auto, (max-width: 460px) 100vw, 460px\" \/><\/a><\/p>\n<p>&nbsp;<\/p>\n<p>Ante el desplome de los mercados financieros en Am\u00e9rica, Asia y Europa ante la guerra de precios de los energ\u00e9ticos, el presidente Andr\u00e9s Manuel L\u00f3pez Obrador dijo que su gobierno espera que las bolsas mundiales retomen la calma.<\/p>\n<p>Este lunes, en Palacio Nacional, el mandatario federal se reuni\u00f3 con los miembros del gabinete energ\u00e9tico y financiero para esta problem\u00e1tica, entre otros temas.<\/p>\n<p>En el encuentro participaron Alfonso Romo, jefe de la Oficina de la Presidencia; Arturo Herrera, secretario de Hacienda; Roc\u00edo Nahle, titular de Energ\u00eda; y el director de Petr\u00f3leos Mexicanos, Octavio Romero Oropeza.<\/p>\n<p>\u201cEstamos tratando eso desde muy temprano, les dir\u00eda que desde ayer por la noche, desde las seis, siete de la tarde de ayer estamos viendo esto que se da b\u00e1sicamente por la ca\u00edda en el precio del petroleo; entonces que se normalice la situaci\u00f3n de las bolsas en los mercados internacionales\u201d, expres\u00f3 el mandatario.<\/p>\n<p>\u201cEst\u00e1n afectadas las bolsas del mundo y estamos esperando que haya tranquilidad, que tengamos estabilidad econ\u00f3mica\u201d, dijo en su conferencia de prensa. La debacle en las bolsas del mundo se debe a la decisi\u00f3n de Arabia Saudita de aumentar su producci\u00f3n y bajar los precios del petr\u00f3leo ante su desacuerdo con la Organizaci\u00f3n de Pa\u00edses Productores de Petr\u00f3leo (OPEP) con Rusia.<\/p>\n<p>Este lunes, Wall Street tuvo que detener sus operaciones ante un desplome mayor al 5 por ciento.<\/p>\n<p style=\"text-align: center;\"><strong>\u201cExplosi\u00f3n de autobomba en Celaya fue propagand\u00edstico\u201d<\/strong><\/p>\n<p>Durante su conferencia matutina el presidente L\u00f3pez Obrador asegur\u00f3 que recibi\u00f3 el informe sobre la explosi\u00f3n del domingo en Celaya por parte de los integrantes del Gabinete de Seguridad.<\/p>\n<p>Fue un explosivo artesanal el que utilizaron para hacer explotar un coche que era usado por la Guardia Nacional, el cual fue detonado ayer alrededor de las 18:00 horas en las inmediaciones de la Feria de Celaya, Guanajuato.<\/p>\n<p>\u201cYa se tiene m\u00e1s informaci\u00f3n, es un explosivo artesanal, ya han habido casos parecidos en Guanajuato. Afortunadamente no hubo heridos, fue un acto propagand\u00edstico\u201d, refiri\u00f3 L\u00f3pez Obrador.<\/p>\n","protected":false},"excerpt":{"rendered":"<p>Ante el desplome de los mercados financieros en Am\u00e9rica, Asia y Europa ante la guerra de precios de los energ\u00e9ticos, el presidente Andr\u00e9s Manuel L\u00f3pez Obrador dijo que su gobierno espera que las bolsas mundiales retomen la calma.<\/p>\n","protected":false},"author":3,"featured_media":463083,"comment_status":"open","ping_status":"open","sticky":false,"template":"","format":"standard","meta":{"_monsterinsights_skip_tracking":false,"_monsterinsights_sitenote_active":false,"_monsterinsights_sitenote_note":"","_monsterinsights_sitenote_category":0,"footnotes":""},"categories":[8],"tags":[1352,85742,43678,12530,90529],"class_list":["post-463001","post","type-post","status-publish","format-standard","has-post-thumbnail","hentry","category-finanzas","tag-andres-manuel-lopez-obrador","tag-calma","tag-finanzas","tag-mercados","tag-retomen"],"_links":{"self":[{"href":"https:\/\/www.diarioimagen.net\/index.php?rest_route=\/wp\/v2\/posts\/463001","targetHints":{"allow":["GET"]}}],"collection":[{"href":"https:\/\/www.diarioimagen.net\/index.php?rest_route=\/wp\/v2\/posts"}],"about":[{"href":"https:\/\/www.diarioimagen.net\/index.php?rest_route=\/wp\/v2\/types\/post"}],"author":[{"embeddable":true,"href":"https:\/\/www.diarioimagen.net\/index.php?rest_route=\/wp\/v2\/users\/3"}],"replies":[{"embeddable":true,"href":"https:\/\/www.diarioimagen.net\/index.php?rest_route=%2Fwp%2Fv2%2Fcomments&post=463001"}],"version-history":[{"count":0,"href":"https:\/\/www.diarioimagen.net\/index.php?rest_route=\/wp\/v2\/posts\/463001\/revisions"}],"wp:featuredmedia":[{"embeddable":true,"href":"https:\/\/www.diarioimagen.net\/index.php?rest_route=\/wp\/v2\/media\/463083"}],"wp:attachment":[{"href":"https:\/\/www.diarioimagen.net\/index.php?rest_route=%2Fwp%2Fv2%2Fmedia&parent=463001"}],"wp:term":[{"taxonomy":"category","embeddable":true,"href":"https:\/\/www.diarioimagen.net\/index.php?rest_route=%2Fwp%2Fv2%2Fcategories&post=463001"},{"taxonomy":"post_tag","embeddable":true,"href":"https:\/\/www.diarioimagen.net\/index.php?rest_route=%2Fwp%2Fv2%2Ftags&post=463001"}],"curies":[{"name":"wp","href":"https:\/\/api.w.org\/{rel}","templated":true}]}}