{"id":463008,"date":"2020-03-10T00:05:59","date_gmt":"2020-03-10T06:05:59","guid":{"rendered":"https:\/\/www.diarioimagen.net\/?p=463008"},"modified":"2020-03-10T01:20:42","modified_gmt":"2020-03-10T07:20:42","slug":"imprescindible-que-varones-reconozcan-y-se-hagan-responsables-del-poder-que-ejercen-sobre-las-mujeres","status":"publish","type":"post","link":"https:\/\/www.diarioimagen.net\/?p=463008","title":{"rendered":"Imprescindible, que varones reconozcan y se hagan responsables del poder que ejercen sobre las mujeres"},"content":{"rendered":"<div id=\"attachment_463086\" style=\"width: 470px\" class=\"wp-caption aligncenter\"><a href=\"https:\/\/www.diarioimagen.net\/?attachment_id=463086\" rel=\"attachment wp-att-463086\"><img loading=\"lazy\" decoding=\"async\" aria-describedby=\"caption-attachment-463086\" class=\"size-large wp-image-463086\" src=\"https:\/\/www.diarioimagen.net\/wp-content\/uploads\/2020\/03\/UAEM-10-460x259.jpg\" alt=\"\" width=\"460\" height=\"259\" srcset=\"https:\/\/www.diarioimagen.net\/wp-content\/uploads\/2020\/03\/UAEM-10-460x259.jpg 460w, https:\/\/www.diarioimagen.net\/wp-content\/uploads\/2020\/03\/UAEM-10-240x135.jpg 240w, https:\/\/www.diarioimagen.net\/wp-content\/uploads\/2020\/03\/UAEM-10-235x132.jpg 235w, https:\/\/www.diarioimagen.net\/wp-content\/uploads\/2020\/03\/UAEM-10-202x114.jpg 202w, https:\/\/www.diarioimagen.net\/wp-content\/uploads\/2020\/03\/UAEM-10-350x196.jpg 350w, https:\/\/www.diarioimagen.net\/wp-content\/uploads\/2020\/03\/UAEM-10-220x123.jpg 220w, https:\/\/www.diarioimagen.net\/wp-content\/uploads\/2020\/03\/UAEM-10-237x132.jpg 237w, https:\/\/www.diarioimagen.net\/wp-content\/uploads\/2020\/03\/UAEM-10.jpg 480w\" sizes=\"auto, (max-width: 460px) 100vw, 460px\" \/><\/a><p id=\"caption-attachment-463086\" class=\"wp-caption-text\">En el marco del paro nacional #UnD\u00edaSinNosotras, el especialista Alejandro Garc\u00eda Guti\u00e9rrez dict\u00f3 la conferencia \u201cPoder y responsabilidad de los hombres ante la violencia contra las mujeres\u201d, en la UAEM.<\/p><\/div>\n<p>&nbsp;<\/p>\n<p><strong>Toluca, Estado de M\u00e9xico<\/strong>.\u2013 En las relaciones de poder, la mayor\u00eda de los varones est\u00e1 colocada por encima de las mujeres, afirm\u00f3 el integrante de la asociaci\u00f3n civil Hombres por la Equidad, Alejandro Garc\u00eda Guti\u00e9rrez, en la Universidad Aut\u00f3noma del Estado de M\u00e9xico.<\/p>\n<p>Al dictar la conferencia \u201cPoder y responsabilidad de los hombres ante la violencia contra las mujeres\u201d, expres\u00f3 que es imprescindible que los varones reconozcan y se hagan responsables del poder que ejercen sobre las mujeres en las relaciones de pareja, as\u00ed como en los \u00e1mbitos laboral y educativo.<\/p>\n<p>En el Auditorio \u201cJos\u00e9 Yurrieta Vald\u00e9s\u201d del Edificio Administrativo y en el marco del paro nacional #UnD\u00edaSinNosotras, el especialista detall\u00f3 que los hombres gozan de privilegios sobre las mujeres como el uso y apropiaci\u00f3n de tiempo, el espacio p\u00fablico y el dinero, as\u00ed como la forma de vestir.<\/p>\n<p>El egresado de la Universidad Aut\u00f3noma Metropolitana indic\u00f3 que \u201cpor la violencia de g\u00e9nero que impera en la actualidad, las mujeres deben ser cuidadosas en la forma de vestir, caminar y los lugares por los que transitan. Los hombres, en cambio, no nos preocupamos por esos aspectos, ya que contra nosotros no existen casos de violencia sexual en v\u00edas p\u00fablicas, acoso y hostigamiento\u201d.<\/p>\n<p>Explic\u00f3 que entre las acciones que los hombres pueden realizar para no reproducir actitudes machistas se encuentra el autoan\u00e1lisis, que puede apoyarse con terapias individuales o grupales.<\/p>\n<p>Otra, dijo, es hacerse responsable de los actos machistas y violentos que han realizado y que, en ocasiones, est\u00e1n normalizados. Tambi\u00e9n, mencion\u00f3, es necesario ser sensibles, \u201creconocer a la otra y el otro como diferente, comprender y ser emp\u00e1tico con los problemas coyunturales\u201d.<\/p>\n<p>Asimismo, Alejandro Garc\u00eda Guti\u00e9rrez recomend\u00f3 ser flexibles con la diversidad de ideas y argumentos con los que no podr\u00edan estar en total acuerdo, as\u00ed como convivir con personas de diversas \u00e1reas y formas de pensamiento.<\/p>\n","protected":false},"excerpt":{"rendered":"<p>En las relaciones de poder, la mayor\u00eda de los varones est\u00e1 colocada por encima de las mujeres, afirm\u00f3 el integrante de la asociaci\u00f3n civil Hombres por la Equidad, Alejandro Garc\u00eda Guti\u00e9rrez, en la Universidad Aut\u00f3noma del Estado de M\u00e9xico.<\/p>\n","protected":false},"author":3,"featured_media":463086,"comment_status":"open","ping_status":"open","sticky":false,"template":"","format":"standard","meta":{"_monsterinsights_skip_tracking":false,"_monsterinsights_sitenote_active":false,"_monsterinsights_sitenote_note":"","_monsterinsights_sitenote_category":0,"footnotes":""},"categories":[5],"tags":[43675,1921,65852,452,90534],"class_list":["post-463008","post","type-post","status-publish","format-standard","has-post-thumbnail","hentry","category-estado-de-mexico","tag-estado-de-mexico","tag-mujeres","tag-responsables","tag-toluca","tag-varones"],"_links":{"self":[{"href":"https:\/\/www.diarioimagen.net\/index.php?rest_route=\/wp\/v2\/posts\/463008","targetHints":{"allow":["GET"]}}],"collection":[{"href":"https:\/\/www.diarioimagen.net\/index.php?rest_route=\/wp\/v2\/posts"}],"about":[{"href":"https:\/\/www.diarioimagen.net\/index.php?rest_route=\/wp\/v2\/types\/post"}],"author":[{"embeddable":true,"href":"https:\/\/www.diarioimagen.net\/index.php?rest_route=\/wp\/v2\/users\/3"}],"replies":[{"embeddable":true,"href":"https:\/\/www.diarioimagen.net\/index.php?rest_route=%2Fwp%2Fv2%2Fcomments&post=463008"}],"version-history":[{"count":0,"href":"https:\/\/www.diarioimagen.net\/index.php?rest_route=\/wp\/v2\/posts\/463008\/revisions"}],"wp:featuredmedia":[{"embeddable":true,"href":"https:\/\/www.diarioimagen.net\/index.php?rest_route=\/wp\/v2\/media\/463086"}],"wp:attachment":[{"href":"https:\/\/www.diarioimagen.net\/index.php?rest_route=%2Fwp%2Fv2%2Fmedia&parent=463008"}],"wp:term":[{"taxonomy":"category","embeddable":true,"href":"https:\/\/www.diarioimagen.net\/index.php?rest_route=%2Fwp%2Fv2%2Fcategories&post=463008"},{"taxonomy":"post_tag","embeddable":true,"href":"https:\/\/www.diarioimagen.net\/index.php?rest_route=%2Fwp%2Fv2%2Ftags&post=463008"}],"curies":[{"name":"wp","href":"https:\/\/api.w.org\/{rel}","templated":true}]}}