{"id":463173,"date":"2020-03-11T00:03:47","date_gmt":"2020-03-11T06:03:47","guid":{"rendered":"https:\/\/www.diarioimagen.net\/?p=463173"},"modified":"2020-03-11T02:26:37","modified_gmt":"2020-03-11T08:26:37","slug":"en-naucalpan-no-mas-violencia-de-genero-demanda-tomas-palomares","status":"publish","type":"post","link":"https:\/\/www.diarioimagen.net\/?p=463173","title":{"rendered":"En Naucalpan, \u00abno m\u00e1s violencia de g\u00e9nero\u00bb demanda Tom\u00e1s Palomares"},"content":{"rendered":"<ul>\n<li><strong><em>Apoyo a iniciativa de colectivos de mujeres<\/em><\/strong><\/li>\n<\/ul>\n<p>&nbsp;<\/p>\n<div id=\"attachment_463265\" style=\"width: 470px\" class=\"wp-caption aligncenter\"><a href=\"https:\/\/www.diarioimagen.net\/?attachment_id=463265\" rel=\"attachment wp-att-463265\"><img loading=\"lazy\" decoding=\"async\" aria-describedby=\"caption-attachment-463265\" class=\"size-large wp-image-463265\" src=\"https:\/\/www.diarioimagen.net\/wp-content\/uploads\/2020\/03\/NAUCALPAN-5-460x259.jpg\" alt=\"\" width=\"460\" height=\"259\" srcset=\"https:\/\/www.diarioimagen.net\/wp-content\/uploads\/2020\/03\/NAUCALPAN-5-460x259.jpg 460w, https:\/\/www.diarioimagen.net\/wp-content\/uploads\/2020\/03\/NAUCALPAN-5-240x135.jpg 240w, https:\/\/www.diarioimagen.net\/wp-content\/uploads\/2020\/03\/NAUCALPAN-5-235x132.jpg 235w, https:\/\/www.diarioimagen.net\/wp-content\/uploads\/2020\/03\/NAUCALPAN-5-202x114.jpg 202w, https:\/\/www.diarioimagen.net\/wp-content\/uploads\/2020\/03\/NAUCALPAN-5-350x196.jpg 350w, https:\/\/www.diarioimagen.net\/wp-content\/uploads\/2020\/03\/NAUCALPAN-5-220x123.jpg 220w, https:\/\/www.diarioimagen.net\/wp-content\/uploads\/2020\/03\/NAUCALPAN-5-237x132.jpg 237w, https:\/\/www.diarioimagen.net\/wp-content\/uploads\/2020\/03\/NAUCALPAN-5.jpg 480w\" sizes=\"auto, (max-width: 460px) 100vw, 460px\" \/><\/a><p id=\"caption-attachment-463265\" class=\"wp-caption-text\">El secretario general del SUTEyM-secci\u00f3n Naucalpan, Tomas Palomares Parra, demand\u00f3 \u201cno m\u00e1s violencia de g\u00e9nero\u201d.<\/p><\/div>\n<p>&nbsp;<\/p>\n<p><strong>Naucalpan, Estado de M\u00e9xico<\/strong>.- En el marco de la iniciativa que a nivel nacional convocaron colectivos \u00a0de mujeres y organizaciones fundamentalmente feministas #El9ningunasemueve, el secretario general del Sindicato \u00danico de Trabajadores del Estado y de los Municipios (SUTEYM), secci\u00f3n Naucalpan, Tomas Palomares Parra, demand\u00f3 \u201cno m\u00e1s violencia de g\u00e9nero\u201d.<\/p>\n<p>En un mensaje dirigido a las mujeres, sobre todo trabajadoras suteymisntas,\u00a0 el joven dirigente destac\u00f3 que \u00a0\u201cla nostalgia por su ausencia est\u00e1 presente en todas las \u00e1reas de trabajo, en las calles, en los centros comerciales. Y eso nos da una gran lecci\u00f3n como sociedad, nos hace ver lo necesarias que son cada una de ustedes en la vida de nosotros\u201d indic\u00f3 .<\/p>\n<p>Menciono que \u201ces importante que reconozcamos que la sociedad no es la misma si ustedes no se encuentran presentes. Para nosotros como clase trabajadora, el ver nuestras oficinas vac\u00edas nos representa un gran golpe emocional porque sabemos que si ustedes no se encuentran todos los d\u00edas haciendo su trabajo dif\u00edcilmente podr\u00edamos avanzar\u201d, dijo.<\/p>\n<p>Y abund\u00f3 que la iniciativa \u201cm\u00e1s que un golpe a la econom\u00eda o a las grandes empresas, es un golpe de conciencia que nos debe recordar que alguien en alg\u00fan lugar decidi\u00f3 tejer cada uno de nuestros huesos, de nuestros m\u00fasculos, de nuestros tejidos y nos dio un lugar dentro de cada una de ustedes.<\/p>\n<p>\u201cSabemos que nos han llevado durante nueve meses dentro de su vientre, pero tambi\u00e9n estamos ciertos de que nos llevar\u00e1n toda su vida dentro del coraz\u00f3n\u201d.<\/p>\n<p>Se manifest\u00f3 asimismo \u201cpor una sociedad que rechace la violencia contra las mujeres. Nos unimos a favor de ustedes y a favor de este grito que han hecho.<\/p>\n<p>\u201cComo clase trabajadora, como hombres, como varones, decimos no m\u00e1s violencia de g\u00e9nero, ni una menos de ustedes en la sociedad\u201d, sentenci\u00f3 contundente el l\u00edder gremial.<\/p>\n","protected":false},"excerpt":{"rendered":"<p>En el marco de la iniciativa que a nivel nacional convocaron colectivos \u00a0de mujeres y organizaciones fundamentalmente feministas #El9ningunasemueve, el secretario general del Sindicato \u00danico de Trabajadores del Estado y de los Municipios (SUTEYM), secci\u00f3n Naucalpan, Tomas Palomares Parra, demand\u00f3 \u201cno m\u00e1s violencia de g\u00e9nero\u201d.<\/p>\n","protected":false},"author":3,"featured_media":463265,"comment_status":"open","ping_status":"open","sticky":false,"template":"","format":"standard","meta":{"_monsterinsights_skip_tracking":false,"_monsterinsights_sitenote_active":false,"_monsterinsights_sitenote_note":"","_monsterinsights_sitenote_category":0,"footnotes":""},"categories":[5],"tags":[43675,970,2572,14425],"class_list":["post-463173","post","type-post","status-publish","format-standard","has-post-thumbnail","hentry","category-estado-de-mexico","tag-estado-de-mexico","tag-naucalpan","tag-suteym","tag-violencia-de-genero"],"_links":{"self":[{"href":"https:\/\/www.diarioimagen.net\/index.php?rest_route=\/wp\/v2\/posts\/463173","targetHints":{"allow":["GET"]}}],"collection":[{"href":"https:\/\/www.diarioimagen.net\/index.php?rest_route=\/wp\/v2\/posts"}],"about":[{"href":"https:\/\/www.diarioimagen.net\/index.php?rest_route=\/wp\/v2\/types\/post"}],"author":[{"embeddable":true,"href":"https:\/\/www.diarioimagen.net\/index.php?rest_route=\/wp\/v2\/users\/3"}],"replies":[{"embeddable":true,"href":"https:\/\/www.diarioimagen.net\/index.php?rest_route=%2Fwp%2Fv2%2Fcomments&post=463173"}],"version-history":[{"count":0,"href":"https:\/\/www.diarioimagen.net\/index.php?rest_route=\/wp\/v2\/posts\/463173\/revisions"}],"wp:featuredmedia":[{"embeddable":true,"href":"https:\/\/www.diarioimagen.net\/index.php?rest_route=\/wp\/v2\/media\/463265"}],"wp:attachment":[{"href":"https:\/\/www.diarioimagen.net\/index.php?rest_route=%2Fwp%2Fv2%2Fmedia&parent=463173"}],"wp:term":[{"taxonomy":"category","embeddable":true,"href":"https:\/\/www.diarioimagen.net\/index.php?rest_route=%2Fwp%2Fv2%2Fcategories&post=463173"},{"taxonomy":"post_tag","embeddable":true,"href":"https:\/\/www.diarioimagen.net\/index.php?rest_route=%2Fwp%2Fv2%2Ftags&post=463173"}],"curies":[{"name":"wp","href":"https:\/\/api.w.org\/{rel}","templated":true}]}}