{"id":463177,"date":"2020-03-11T00:02:59","date_gmt":"2020-03-11T06:02:59","guid":{"rendered":"https:\/\/www.diarioimagen.net\/?p=463177"},"modified":"2020-03-11T02:46:48","modified_gmt":"2020-03-11T08:46:48","slug":"instituto-hacendario-del-estado-de-mexico-impartio-curso-en-c-izcalli","status":"publish","type":"post","link":"https:\/\/www.diarioimagen.net\/?p=463177","title":{"rendered":"Instituto Hacendario del Estado de M\u00e9xico imparti\u00f3 curso en C. Izcalli"},"content":{"rendered":"<p><a href=\"https:\/\/www.diarioimagen.net\/?attachment_id=463268\" rel=\"attachment wp-att-463268\"><img loading=\"lazy\" decoding=\"async\" class=\"aligncenter size-large wp-image-463268\" src=\"https:\/\/www.diarioimagen.net\/wp-content\/uploads\/2020\/03\/CUAUTITL\u00c1N-IZCALLI-460x259.jpg\" alt=\"\" width=\"460\" height=\"259\" srcset=\"https:\/\/www.diarioimagen.net\/wp-content\/uploads\/2020\/03\/CUAUTITL\u00c1N-IZCALLI-460x259.jpg 460w, https:\/\/www.diarioimagen.net\/wp-content\/uploads\/2020\/03\/CUAUTITL\u00c1N-IZCALLI-240x135.jpg 240w, https:\/\/www.diarioimagen.net\/wp-content\/uploads\/2020\/03\/CUAUTITL\u00c1N-IZCALLI-235x132.jpg 235w, https:\/\/www.diarioimagen.net\/wp-content\/uploads\/2020\/03\/CUAUTITL\u00c1N-IZCALLI-202x114.jpg 202w, https:\/\/www.diarioimagen.net\/wp-content\/uploads\/2020\/03\/CUAUTITL\u00c1N-IZCALLI-350x196.jpg 350w, https:\/\/www.diarioimagen.net\/wp-content\/uploads\/2020\/03\/CUAUTITL\u00c1N-IZCALLI-220x123.jpg 220w, https:\/\/www.diarioimagen.net\/wp-content\/uploads\/2020\/03\/CUAUTITL\u00c1N-IZCALLI-237x132.jpg 237w, https:\/\/www.diarioimagen.net\/wp-content\/uploads\/2020\/03\/CUAUTITL\u00c1N-IZCALLI.jpg 480w\" sizes=\"auto, (max-width: 460px) 100vw, 460px\" \/><\/a><\/p>\n<p>&nbsp;<\/p>\n<p><strong>Cuautitl\u00e1n Izcalli, Estado de M\u00e9xico<\/strong><strong>.- <\/strong>El Ayuntamiento que encabeza Ricardo N\u00fa\u00f1ez Ayala, a trav\u00e9s de la Direcci\u00f3n General de Administraci\u00f3n llev\u00f3 acabo el curso taller denominado \u201cMetodolog\u00eda para la elaboraci\u00f3n de Manuales de Organizaci\u00f3n, Procedimientos y Reglamentaci\u00f3n\u201d, impartido por el Instituto Hacendario del Estado de M\u00e9xico (IHEM).<\/p>\n<p>Alrededor de 100 servidores p\u00fablicos recibieron el curso, aprendieron a conocer y describir, en forma ordenada, la informaci\u00f3n b\u00e1sica de la organizaci\u00f3n y el funcionamiento de las unidades administrativas para lograr el \u00f3ptimo aprovechamiento de los recursos humanos, materiales y financieros, atendiendo a criterios de innovaci\u00f3n eficacia y calidad.<\/p>\n","protected":false},"excerpt":{"rendered":"<p>El Ayuntamiento que encabeza Ricardo N\u00fa\u00f1ez Ayala, a trav\u00e9s de la Direcci\u00f3n General de Administraci\u00f3n llev\u00f3 acabo el curso taller denominado \u201cMetodolog\u00eda para la elaboraci\u00f3n de Manuales de Organizaci\u00f3n, Procedimientos y Reglamentaci\u00f3n\u201d, impartido por el Instituto Hacendario del Estado de M\u00e9xico (IHEM).<\/p>\n","protected":false},"author":3,"featured_media":463268,"comment_status":"open","ping_status":"open","sticky":false,"template":"","format":"standard","meta":{"_monsterinsights_skip_tracking":false,"_monsterinsights_sitenote_active":false,"_monsterinsights_sitenote_note":"","_monsterinsights_sitenote_category":0,"footnotes":""},"categories":[5],"tags":[971,43390,43675],"class_list":["post-463177","post","type-post","status-publish","format-standard","has-post-thumbnail","hentry","category-estado-de-mexico","tag-cuautitlan-izcalli","tag-curso","tag-estado-de-mexico"],"_links":{"self":[{"href":"https:\/\/www.diarioimagen.net\/index.php?rest_route=\/wp\/v2\/posts\/463177","targetHints":{"allow":["GET"]}}],"collection":[{"href":"https:\/\/www.diarioimagen.net\/index.php?rest_route=\/wp\/v2\/posts"}],"about":[{"href":"https:\/\/www.diarioimagen.net\/index.php?rest_route=\/wp\/v2\/types\/post"}],"author":[{"embeddable":true,"href":"https:\/\/www.diarioimagen.net\/index.php?rest_route=\/wp\/v2\/users\/3"}],"replies":[{"embeddable":true,"href":"https:\/\/www.diarioimagen.net\/index.php?rest_route=%2Fwp%2Fv2%2Fcomments&post=463177"}],"version-history":[{"count":0,"href":"https:\/\/www.diarioimagen.net\/index.php?rest_route=\/wp\/v2\/posts\/463177\/revisions"}],"wp:featuredmedia":[{"embeddable":true,"href":"https:\/\/www.diarioimagen.net\/index.php?rest_route=\/wp\/v2\/media\/463268"}],"wp:attachment":[{"href":"https:\/\/www.diarioimagen.net\/index.php?rest_route=%2Fwp%2Fv2%2Fmedia&parent=463177"}],"wp:term":[{"taxonomy":"category","embeddable":true,"href":"https:\/\/www.diarioimagen.net\/index.php?rest_route=%2Fwp%2Fv2%2Fcategories&post=463177"},{"taxonomy":"post_tag","embeddable":true,"href":"https:\/\/www.diarioimagen.net\/index.php?rest_route=%2Fwp%2Fv2%2Ftags&post=463177"}],"curies":[{"name":"wp","href":"https:\/\/api.w.org\/{rel}","templated":true}]}}