{"id":463356,"date":"2020-03-12T00:04:18","date_gmt":"2020-03-12T06:04:18","guid":{"rendered":"https:\/\/www.diarioimagen.net\/?p=463356"},"modified":"2020-03-12T04:41:19","modified_gmt":"2020-03-12T10:41:19","slug":"en-naucalpan-imparten-talleres-de-masculinidades-en-fes-acatlan","status":"publish","type":"post","link":"https:\/\/www.diarioimagen.net\/?p=463356","title":{"rendered":"En Naucalpan, imparten talleres de masculinidades en FES Acatl\u00e1n"},"content":{"rendered":"<ul>\n<li><strong><em>Se centr\u00f3 en detectar uso del lenguaje<\/em><\/strong><\/li>\n<\/ul>\n<p>&nbsp;<\/p>\n<div id=\"attachment_463433\" style=\"width: 470px\" class=\"wp-caption aligncenter\"><a href=\"https:\/\/www.diarioimagen.net\/?attachment_id=463433\" rel=\"attachment wp-att-463433\"><img loading=\"lazy\" decoding=\"async\" aria-describedby=\"caption-attachment-463433\" class=\"size-large wp-image-463433\" src=\"https:\/\/www.diarioimagen.net\/wp-content\/uploads\/2020\/03\/NAUCALPAN-6-460x259.jpg\" alt=\"\" width=\"460\" height=\"259\" srcset=\"https:\/\/www.diarioimagen.net\/wp-content\/uploads\/2020\/03\/NAUCALPAN-6-460x259.jpg 460w, https:\/\/www.diarioimagen.net\/wp-content\/uploads\/2020\/03\/NAUCALPAN-6-240x135.jpg 240w, https:\/\/www.diarioimagen.net\/wp-content\/uploads\/2020\/03\/NAUCALPAN-6-235x132.jpg 235w, https:\/\/www.diarioimagen.net\/wp-content\/uploads\/2020\/03\/NAUCALPAN-6-202x114.jpg 202w, https:\/\/www.diarioimagen.net\/wp-content\/uploads\/2020\/03\/NAUCALPAN-6-350x196.jpg 350w, https:\/\/www.diarioimagen.net\/wp-content\/uploads\/2020\/03\/NAUCALPAN-6-220x123.jpg 220w, https:\/\/www.diarioimagen.net\/wp-content\/uploads\/2020\/03\/NAUCALPAN-6-237x132.jpg 237w, https:\/\/www.diarioimagen.net\/wp-content\/uploads\/2020\/03\/NAUCALPAN-6.jpg 480w\" sizes=\"auto, (max-width: 460px) 100vw, 460px\" \/><\/a><p id=\"caption-attachment-463433\" class=\"wp-caption-text\">Exhortan a los estudiantes a acercarse a la visi\u00f3n de la igualdad de g\u00e9nero y no a las creencias y prejuicios familiares o religiosos.<\/p><\/div>\n<p>&nbsp;<\/p>\n<p><strong>Nauclpan, Estado de M\u00e9xico<\/strong>.- En el marco de la convocatoria #UnD\u00edaSinNostras, la Secretar\u00eda de las Mujeres Naucalpenses y la Igualdad Sustantiva ofreci\u00f3 pl\u00e1ticas sobre la construcci\u00f3n social de la masculinidad y c\u00f3mo afecta en la vida diaria.<\/p>\n<p>Ante alumnos de la Facultad de Estudios Superiores (FES) Acatl\u00e1n, Roberto Rocha Pe\u00f1a, director de la Unidad de Igualdad Sustantiva, imparti\u00f3 el taller \u201cMasculinidades y estereotipos de g\u00e9nero\u201d. Se\u00f1al\u00f3 a los estudiantes que la masculinidad tradicional del hombre que todo lo puede, lo domina, incluso la vida de las mujeres, no se ajusta a la realidad y frena el desarrollo social, pol\u00edtico y econ\u00f3mico de las personas.<\/p>\n<p>\u201cLos roles y los estereotipos han decidido c\u00f3mo pensar y c\u00f3mo actuar, es un tema de desigualdad y no se va a detener la violencia ni los feminicidios si no cambiamos.<\/p>\n<p>\u201cSi podemos transmitirle este mensaje a los hombres en un d\u00eda como hoy, va a ser punto de partida para cambiar nuestra manera de vernos\u201d, destac\u00f3 Rocha Pe\u00f1a.<\/p>\n<p>Pidi\u00f3 a los estudiantes acercarse a la visi\u00f3n de la igualdad de g\u00e9nero y no a las creencias y prejuicios familiares o religiosos, que determinan al hombre como el padre de familia que provee y a la mujer como ama de casa.<\/p>\n<p>El grupo de 90 alumnos se mantuvo atento en una facultad en la que se not\u00f3 la ausencia de las mujeres que decidieron unirse al paro y no asistir a clase o a dar c\u00e1tedra.<\/p>\n<p>Bernardo Morales Lara, quien acudi\u00f3 en representaci\u00f3n de la Jefa de la Divisi\u00f3n de Ciencias Socioecon\u00f3micas, Claudia M\u00e1rquez D\u00edaz, coment\u00f3 que la UNAM est\u00e1 atenta a los fen\u00f3menos de desigualdad y violencia que se presentan, y por ello decidi\u00f3 implementar el taller en coordinaci\u00f3n con el Municipio de Naucalpan.<\/p>\n<p>Por su parte, Luis \u00c1ngel, alumno de la FES, rescat\u00f3 la importancia de asistir a sesiones donde se visibilice la violencia que a diario viven las mujeres y tambi\u00e9n las personas que no se ajustan a los estereotipos establecidos.<\/p>\n<p>\u201cEs una forma de visibilizar los efectos que tiene el machismo en la sociedad y c\u00f3mo nos oprime de cierta manera a todos. Este tipo de talleres te abre un panorama sobre nuestra realidad social\u201d, coment\u00f3.<\/p>\n<p>En el taller, Rocha Pe\u00f1a mencion\u00f3 que a la Secretar\u00eda de las Mujeres Naucalpenses y la Igualdad Sustantiva llegan al d\u00eda 14 mujeres v\u00edctimas de violencia, unos 268 casos mensuales, aproximadamente, y que en 2019 se registraron m\u00e1s de 3 mil 300 mujeres violentadas.<\/p>\n<p>En el turno vespertino, otros 80 alumnos tomaron el taller \u201cNuevas Masculinidades y lenguaje inclusivo\u201d, el cual se centr\u00f3 en detectar la violencia m\u00e1s dif\u00edcil de percibir, como el uso del lenguaje que excluye a las mujeres.<\/p>\n","protected":false},"excerpt":{"rendered":"<p>En el marco de la convocatoria #UnD\u00edaSinNostras, la Secretar\u00eda de las Mujeres Naucalpenses y la Igualdad Sustantiva ofreci\u00f3 pl\u00e1ticas sobre la construcci\u00f3n social de la masculinidad y c\u00f3mo afecta en la vida diaria.<\/p>\n","protected":false},"author":3,"featured_media":463433,"comment_status":"open","ping_status":"open","sticky":false,"template":"","format":"standard","meta":{"_monsterinsights_skip_tracking":false,"_monsterinsights_sitenote_active":false,"_monsterinsights_sitenote_note":"","_monsterinsights_sitenote_category":0,"footnotes":""},"categories":[5],"tags":[90583,43675,90582],"class_list":["post-463356","post","type-post","status-publish","format-standard","has-post-thumbnail","hentry","category-estado-de-mexico","tag-undiasinnostrasm","tag-estado-de-mexico","tag-nauclpan"],"_links":{"self":[{"href":"https:\/\/www.diarioimagen.net\/index.php?rest_route=\/wp\/v2\/posts\/463356","targetHints":{"allow":["GET"]}}],"collection":[{"href":"https:\/\/www.diarioimagen.net\/index.php?rest_route=\/wp\/v2\/posts"}],"about":[{"href":"https:\/\/www.diarioimagen.net\/index.php?rest_route=\/wp\/v2\/types\/post"}],"author":[{"embeddable":true,"href":"https:\/\/www.diarioimagen.net\/index.php?rest_route=\/wp\/v2\/users\/3"}],"replies":[{"embeddable":true,"href":"https:\/\/www.diarioimagen.net\/index.php?rest_route=%2Fwp%2Fv2%2Fcomments&post=463356"}],"version-history":[{"count":0,"href":"https:\/\/www.diarioimagen.net\/index.php?rest_route=\/wp\/v2\/posts\/463356\/revisions"}],"wp:featuredmedia":[{"embeddable":true,"href":"https:\/\/www.diarioimagen.net\/index.php?rest_route=\/wp\/v2\/media\/463433"}],"wp:attachment":[{"href":"https:\/\/www.diarioimagen.net\/index.php?rest_route=%2Fwp%2Fv2%2Fmedia&parent=463356"}],"wp:term":[{"taxonomy":"category","embeddable":true,"href":"https:\/\/www.diarioimagen.net\/index.php?rest_route=%2Fwp%2Fv2%2Fcategories&post=463356"},{"taxonomy":"post_tag","embeddable":true,"href":"https:\/\/www.diarioimagen.net\/index.php?rest_route=%2Fwp%2Fv2%2Ftags&post=463356"}],"curies":[{"name":"wp","href":"https:\/\/api.w.org\/{rel}","templated":true}]}}