{"id":463362,"date":"2020-03-12T00:01:17","date_gmt":"2020-03-12T06:01:17","guid":{"rendered":"https:\/\/www.diarioimagen.net\/?p=463362"},"modified":"2020-03-12T04:29:16","modified_gmt":"2020-03-12T10:29:16","slug":"atizapan-impulsa-carrera-deportiva-de-atletas","status":"publish","type":"post","link":"https:\/\/www.diarioimagen.net\/?p=463362","title":{"rendered":"Atizap\u00e1n impulsa carrera deportiva de atletas"},"content":{"rendered":"<p><a href=\"https:\/\/www.diarioimagen.net\/?attachment_id=463414\" rel=\"attachment wp-att-463414\"><img loading=\"lazy\" decoding=\"async\" class=\"aligncenter size-large wp-image-463414\" src=\"https:\/\/www.diarioimagen.net\/wp-content\/uploads\/2020\/03\/ATIZAP\u00c1N-3-460x259.jpg\" alt=\"\" width=\"460\" height=\"259\" srcset=\"https:\/\/www.diarioimagen.net\/wp-content\/uploads\/2020\/03\/ATIZAP\u00c1N-3-460x259.jpg 460w, https:\/\/www.diarioimagen.net\/wp-content\/uploads\/2020\/03\/ATIZAP\u00c1N-3-240x135.jpg 240w, https:\/\/www.diarioimagen.net\/wp-content\/uploads\/2020\/03\/ATIZAP\u00c1N-3-235x132.jpg 235w, https:\/\/www.diarioimagen.net\/wp-content\/uploads\/2020\/03\/ATIZAP\u00c1N-3-202x114.jpg 202w, https:\/\/www.diarioimagen.net\/wp-content\/uploads\/2020\/03\/ATIZAP\u00c1N-3-350x196.jpg 350w, https:\/\/www.diarioimagen.net\/wp-content\/uploads\/2020\/03\/ATIZAP\u00c1N-3-220x123.jpg 220w, https:\/\/www.diarioimagen.net\/wp-content\/uploads\/2020\/03\/ATIZAP\u00c1N-3-237x132.jpg 237w, https:\/\/www.diarioimagen.net\/wp-content\/uploads\/2020\/03\/ATIZAP\u00c1N-3.jpg 480w\" sizes=\"auto, (max-width: 460px) 100vw, 460px\" \/><\/a><\/p>\n<p>&nbsp;<\/p>\n<p><strong>Atizap\u00e1n, Estado de M\u00e9xico.-<\/strong> Como un impulso a su carrera deportiva, atletas originarios de\u00a0\u00a0Atizap\u00e1n recibieron apoyo del gobierno municipal con kit de entrenamiento y becas que les permiten representar al municipio y pa\u00eds en competiciones internacionales y nacionales.<\/p>\n<p>La Presidenta municipal Ruth Olvera le entreg\u00f3 una beca econ\u00f3mica David Monta\u00f1o Mel\u00e9ndez participar\u00e1 en la competencia mundial de gimnasia aer\u00f3bica en la ciudad de Tokio, Jap\u00f3n, que le permitir\u00e1 solventar transporte a\u00e9reo, hospedaje y vi\u00e1ticos en la poblaci\u00f3n asi\u00e1tica m\u00e1s habitada\u00a0\u00a0del\u00a0\u00a0mundo.<\/p>\n","protected":false},"excerpt":{"rendered":"<p>Como un impulso a su carrera deportiva, atletas originarios de\u00a0\u00a0Atizap\u00e1n recibieron apoyo del gobierno municipal con kit de entrenamiento y becas que les permiten representar al municipio y pa\u00eds en competiciones internacionales y nacionales.<\/p>\n","protected":false},"author":3,"featured_media":463414,"comment_status":"open","ping_status":"open","sticky":false,"template":"","format":"standard","meta":{"_monsterinsights_skip_tracking":false,"_monsterinsights_sitenote_active":false,"_monsterinsights_sitenote_note":"","_monsterinsights_sitenote_category":0,"footnotes":""},"categories":[5],"tags":[969,5291,66392,43675],"class_list":["post-463362","post","type-post","status-publish","format-standard","has-post-thumbnail","hentry","category-estado-de-mexico","tag-atizapan","tag-atletas","tag-deportivo","tag-estado-de-mexico"],"_links":{"self":[{"href":"https:\/\/www.diarioimagen.net\/index.php?rest_route=\/wp\/v2\/posts\/463362","targetHints":{"allow":["GET"]}}],"collection":[{"href":"https:\/\/www.diarioimagen.net\/index.php?rest_route=\/wp\/v2\/posts"}],"about":[{"href":"https:\/\/www.diarioimagen.net\/index.php?rest_route=\/wp\/v2\/types\/post"}],"author":[{"embeddable":true,"href":"https:\/\/www.diarioimagen.net\/index.php?rest_route=\/wp\/v2\/users\/3"}],"replies":[{"embeddable":true,"href":"https:\/\/www.diarioimagen.net\/index.php?rest_route=%2Fwp%2Fv2%2Fcomments&post=463362"}],"version-history":[{"count":0,"href":"https:\/\/www.diarioimagen.net\/index.php?rest_route=\/wp\/v2\/posts\/463362\/revisions"}],"wp:featuredmedia":[{"embeddable":true,"href":"https:\/\/www.diarioimagen.net\/index.php?rest_route=\/wp\/v2\/media\/463414"}],"wp:attachment":[{"href":"https:\/\/www.diarioimagen.net\/index.php?rest_route=%2Fwp%2Fv2%2Fmedia&parent=463362"}],"wp:term":[{"taxonomy":"category","embeddable":true,"href":"https:\/\/www.diarioimagen.net\/index.php?rest_route=%2Fwp%2Fv2%2Fcategories&post=463362"},{"taxonomy":"post_tag","embeddable":true,"href":"https:\/\/www.diarioimagen.net\/index.php?rest_route=%2Fwp%2Fv2%2Ftags&post=463362"}],"curies":[{"name":"wp","href":"https:\/\/api.w.org\/{rel}","templated":true}]}}