{"id":463573,"date":"2020-03-13T00:00:22","date_gmt":"2020-03-13T06:00:22","guid":{"rendered":"https:\/\/www.diarioimagen.net\/?p=463573"},"modified":"2020-03-13T03:06:06","modified_gmt":"2020-03-13T09:06:06","slug":"cancelan-reservaciones-y-cruceros-por-covid-19","status":"publish","type":"post","link":"https:\/\/www.diarioimagen.net\/?p=463573","title":{"rendered":"\u00a0Cancelan reservaciones y cruceros por Covid-19"},"content":{"rendered":"<h2>\u201cHora 14\u201d<\/h2>\n<h5>Mauricio Conde Olivares<\/h5>\n<p>&nbsp;<\/p>\n<p>El gobernador de Quintana Roo, Carlos Joaqu\u00edn Gonz\u00e1lez, declar\u00f3 respecto a la suspensi\u00f3n de vuelos desde Europa a los EU, que el Covid-19 est\u00e1 presente en todo el mundo, y que evidentemente Quintana Roo es un estado estrechamente vinculado con muchos pa\u00edses en donde se originan los turistas que nos visitan y hay que estar pendientes.<\/p>\n<p>Tenemos que partir, dijo, de que la mayor parte de las medidas que se est\u00e1n dando en el mundo se est\u00e1n generando en esos propios pa\u00edses y en muchos de ellos, est\u00e1n evitando la salida de sus turistas; lo est\u00e1 haciendo Estados Unidos, la gran mayor\u00eda de los pa\u00edses de Europa y muchos de los pa\u00edses de Asia.<\/p>\n<p>Evidentemente, habr\u00e1 una disminuci\u00f3n tur\u00edstica mundial que por supuesto tendr\u00e1 impacto tambi\u00e9n en el destino, en Quintana Roo, donde tenemos que estar muy atentos y preparados.<\/p>\n<p>Pero evidentemente, expres\u00f3 que si se convierte en un lugar que pueden seguir viniendo, no hay todav\u00eda casos, los tres sospechosos que ten\u00edamos el d\u00eda de ayer, salieron los tres negativos. \u201cInsisto, me han comentado, el clima, la humedad, ayudan tambi\u00e9n en mucho y hay que ir programando todas las medidas preventivas necesarias para que estemos preparados ante una situaci\u00f3n que puede darse\u201d, cit\u00f3.<\/p>\n<p>Mencion\u00f3 el gobernador que en redes han generado temor y p\u00e1nico: me parece importante tener informaci\u00f3n permanente y Quintana Roo tiene que estar preparado y listo en toda su industria tur\u00edstica pero tambi\u00e9n los habitantes del estado.<\/p>\n<p>Dijo que a\u00fan no se registran cancelaciones de reservaciones, s\u00ed de algunos vuelos cancelados como son dos procedentes de San Francisco para Canc\u00fan, de los de Italia que vienen todav\u00eda pero vac\u00edos para recoger a los turistas que terminan sus vacaciones en la zona. No tenemos mayor informaci\u00f3n sobre nuevas cancelaciones, insisti\u00f3.<\/p>\n<p>Vamos a seguir nuestro trabajo de mantener seguridad el destino, hacer todas las medidas preventivas de acuerdo al protocolo internacional precisamente para tener un destino, en estos momentos, libre de la presencia de este virus.<\/p>\n<p>En el caso de los eventos masivos, pues siguen en pie, \u00bfqu\u00e9 habr\u00e1 que esperar?, cuestion\u00f3 para a\u00f1adir que habr\u00e1 que ver cu\u00e1les son los pa\u00edses que participan en estos eventos y saber cual es la participaci\u00f3n, si van o no a venir, y todo depender\u00e1 de esa situaci\u00f3n.<\/p>\n<p>Muchas de las restricciones que est\u00e1n haciendo los pa\u00edses son por tiempo limitado, acot\u00f3 al explicar que Estados Unidos cancel\u00f3 por 30 d\u00edas, Italia cancel\u00f3 por 15 d\u00edas, en fin, todos tienen tiempos limitados y habr\u00e1 que esperar.<\/p>\n<p>Ante el cuestionamiento de que dos l\u00edneas de cruceros cancelaron sus llegadas a Isla de Cozumel reiter\u00f3 que todas las restricciones son por tiempo limitado y habr\u00e1 que esperar otra situaci\u00f3n, seguimos teniendo mucha afluencia nacional y trabajaremos sobre esa situaci\u00f3n para mantener al destino como se ha venido dando que seguramente es una alternativa importante de turismo; habr\u00e1 que tomar restricciones en materia de eventos masivos y cosas de ese tipo, para evitar cualquier situaci\u00f3n que pueda generar un problema que hoy no tenemos.<\/p>\n<p>Carlos Joaqu\u00edn Gonz\u00e1lez dijo que en el tema de los cruceros las restricciones son para las personas de la tercera de edad: \u201c no es para todos los pasajeros seg\u00fan el Departamento de Estado de los Estados Unidos\u201d.<\/p>\n<p>Hab\u00eda algunos congresos y convenciones que se han suspendido precisamente por los pa\u00edses donde se originan los visitantes que vienen a esos eventos.<\/p>\n<p>A\u00f1adi\u00f3 que somos un estado totalmente dependiente del sector tur\u00edstico y cualquier tema tur\u00edstico tendr\u00e1 un impacto en la econom\u00eda del estado y hay que trabajar precisamente con la informaci\u00f3n que se va generando y los tiempos tambi\u00e9n que se vayan dando en estas acciones, el saber cu\u00e1les ser\u00e1n las medidas que se tomen por eso las reuniones con la sociedad civil, sector privado y gubernamental.<\/p>\n<p>Cuestionado sobre c\u00f3mo est\u00e1n las finanzas en Quintana Roo para enfrentar el problema, el gobernador dijo que \u201ctenemos ya una asignaci\u00f3n presupuestal con el sector salud dirigido expresamente para el tema del coronavirus y que permita medidas adecuadas para ello. Evidentemente tambi\u00e9n tendr\u00e1n un impacto en las finanzas del pa\u00eds\u201d.<\/p>\n<p>Precis\u00f3 que se trata de una ampliaci\u00f3n presupuestal de 70 mdp para la compra de gel antibacterial, pruebas, medidas y contratar personal adicional en materia de revisi\u00f3n, adem\u00e1s de una red sanitaria en caso de ser necesario.<\/p>\n<p>Agreg\u00f3 que \u201cestamos en la fase de prevenci\u00f3n que implica tomar medidas en aeropuertos, puertos, estaciones de autobuses, frontera sur, a trav\u00e9s del protocolo que marca Sanidad Internacional para la verificaci\u00f3n de la llegada de cualquier persona infectada\u201d.<\/p>\n<p>No tenemos planes ni programas en este momento, tendr\u00edan que venir del nivel nacional para cierre de fronteras; no estamos en esa situaci\u00f3n, tenemos la posibilidad en este instante de seguir recibiendo turistas, argument\u00f3.<\/p>\n<p>Los impactos se van a ver muy r\u00e1pido porque las cancelaciones significan cuartos de hotel, tarifas que se van a dejar de cubrir y eso, por supuesto, va a tener un impacto de tipo econ\u00f3mico pero habr\u00e1 que ver los tiempos de restricci\u00f3n, eso es muy importante y como se desarrolla, principalmente lo que est\u00e1 pasando ahora en Europa porque si vamos un poquito a la historia, China y Asia van ya en una fase m\u00e1s adelantada de que ya pr\u00e1cticamente no tienen nuevos infectados; est\u00e1n ya en la parte de curaci\u00f3n de muchos de ellos y Europa entr\u00f3 en una fase muy fuerte, todav\u00eda en la fase de infecci\u00f3n, que es lo que ha empezado a generar problemas que empiezan a llegar a Estados Unidos, que por supuesto tiene un impacto directo en Quintana Roo y sobre su econom\u00eda.<\/p>\n<p>Por eso afirm\u00f3 que hay que estar muy pendientes de la evoluci\u00f3n de lo que va pasando en esos pa\u00edses para conocer los datos de cual va a ser el impacto en Quintana Roo por la llegada de estos casos.<\/p>\n<p>Los laboratorios son uno por estado, est\u00e1 en Chetumal, es muy eficiente y adem\u00e1s de pruebas de coronavirus hace otras m\u00e1s.<\/p>\n<p>La mitad de los enfermos son asintom\u00e1ticos y ni siquiera midiendo temperatura, eso genera una mayor dificultad de identificar a quien sea portador de este virus, pero si hay ciertos rasgos de d\u00f3nde has estado, en qu\u00e9 pa\u00eds, y todas esas preguntas dan la pauta de identificar quien tiene la enfermedad.<\/p>\n<p>Es muy dif\u00edcil aun cerrando todo tener cero infectados, sin embargo, recordemos en el 2009 el tema de H1N1 hubo afectaci\u00f3n en Quintana Roo con un gran problema econ\u00f3mico y hay que cuidar esa situaci\u00f3n, con equilibrio, cuidando el tema de salud sin entrar en fases que a\u00fan no tenemos.<\/p>\n<p>Esto es algo que viene importado y debemos seguir los protocolos para evitarlo. Debemos ser m\u00e1s responsables, concluy\u00f3 el gobernador de Quintana Roo; empero, lo anterior ser\u00e1 motivo de posterior an\u00e1lisis en otra entrega de <strong><em>Hora 14<\/em><\/strong>.<\/p>\n<p><em><a href=\"mailto:%20mauricio_conde@msn.com\" target=\"_blank\" rel=\"noopener noreferrer\">mauricioconde59@outlook.com<\/a><\/em><br \/>\n<em><a href=\"https:\/\/twitter.com\/mauconde007\" target=\"_blank\" rel=\"noopener noreferrer\">@mauconde007<\/a> <\/em><br \/>\n<em><a href=\"https:\/\/mauriciocondeblog.wordpress.com\" target=\"_blank\" rel=\"noopener noreferrer\">https:\/\/mauriciocondeblog.wordpress.com<\/a><\/em><\/p>\n","protected":false},"excerpt":{"rendered":"<p><span style=\"color: #005497;\"><strong>Mauricio Conde Olivares<\/strong><\/span><\/p>\n","protected":false},"author":3,"featured_media":0,"comment_status":"open","ping_status":"open","sticky":false,"template":"","format":"standard","meta":{"_monsterinsights_skip_tracking":false,"_monsterinsights_sitenote_active":false,"_monsterinsights_sitenote_note":"","_monsterinsights_sitenote_category":0,"footnotes":""},"categories":[35889],"tags":[43712,43674,44860],"class_list":["post-463573","post","type-post","status-publish","format-standard","hentry","category-mauricio-conde-olivares","tag-mauricio-conde-olivares","tag-opinion","tag-hora-14"],"_links":{"self":[{"href":"https:\/\/www.diarioimagen.net\/index.php?rest_route=\/wp\/v2\/posts\/463573","targetHints":{"allow":["GET"]}}],"collection":[{"href":"https:\/\/www.diarioimagen.net\/index.php?rest_route=\/wp\/v2\/posts"}],"about":[{"href":"https:\/\/www.diarioimagen.net\/index.php?rest_route=\/wp\/v2\/types\/post"}],"author":[{"embeddable":true,"href":"https:\/\/www.diarioimagen.net\/index.php?rest_route=\/wp\/v2\/users\/3"}],"replies":[{"embeddable":true,"href":"https:\/\/www.diarioimagen.net\/index.php?rest_route=%2Fwp%2Fv2%2Fcomments&post=463573"}],"version-history":[{"count":0,"href":"https:\/\/www.diarioimagen.net\/index.php?rest_route=\/wp\/v2\/posts\/463573\/revisions"}],"wp:attachment":[{"href":"https:\/\/www.diarioimagen.net\/index.php?rest_route=%2Fwp%2Fv2%2Fmedia&parent=463573"}],"wp:term":[{"taxonomy":"category","embeddable":true,"href":"https:\/\/www.diarioimagen.net\/index.php?rest_route=%2Fwp%2Fv2%2Fcategories&post=463573"},{"taxonomy":"post_tag","embeddable":true,"href":"https:\/\/www.diarioimagen.net\/index.php?rest_route=%2Fwp%2Fv2%2Ftags&post=463573"}],"curies":[{"name":"wp","href":"https:\/\/api.w.org\/{rel}","templated":true}]}}