{"id":463591,"date":"2020-03-13T00:04:05","date_gmt":"2020-03-13T06:04:05","guid":{"rendered":"https:\/\/www.diarioimagen.net\/?p=463591"},"modified":"2020-03-13T03:20:12","modified_gmt":"2020-03-13T09:20:12","slug":"la-lucha-contra-el-narco","status":"publish","type":"post","link":"https:\/\/www.diarioimagen.net\/?p=463591","title":{"rendered":"La lucha contra el \u201cnarco\u201d"},"content":{"rendered":"<h2>Punto por punto<\/h2>\n<h5>Augusto Corro<\/h5>\n<p>&nbsp;<\/p>\n<p>Las autoridades estadounidenses est\u00e1n decididas a combatir el narcotr\u00e1fico en su pa\u00eds.<\/p>\n<p>Ofrecen dos millones de d\u00f3lares a quien lleve a la captura de Nemesio \u201cEl Mencho\u201d Oseguera, capo del C\u00e1rtel Jalisco Nueva Generaci\u00f3n (CGNG).<\/p>\n<p>La recompensa apoya las acciones de los representantes de la ley contra el CJNG y sus ramificaciones.<\/p>\n<p>Antier, se inform\u00f3 la detenci\u00f3n de 200 personas relacionadas con esa organizaci\u00f3n criminal en Estados Unidos.<\/p>\n<p>En total, durante los \u00faltimos seis meses fueron aprehendidos 750 operadores de ese cartel en el vecino pa\u00eds.<\/p>\n<p>Adem\u00e1s, las autoridades les confiscaron 20 millones de d\u00f3lares en efectivo y 20 toneladas de droga.<\/p>\n<p>Tambi\u00e9n se se\u00f1al\u00f3 a cuatro empresas de Jalisco y Colima que formaban parte del negocio ilegal.<\/p>\n<p>En M\u00e9xico, seg\u00fan se inform\u00f3, la Unidad de Inteligencia Financiera (UIF) incorpor\u00f3 a la lista de Personas Bloqueadas a seis empresas y cinco personas f\u00edsicas presuntamente relacionadas con el CJNG.<\/p>\n<p>Los movimientos bancarios de dichos operadores alcanzaron dep\u00f3sitos por 370 millones de peos y retiros por 66 millones de pesos.<\/p>\n<p>En febrero pasado, Rub\u00e9n Oseguera Gonz\u00e1lez\u00a0 (a) \u201cEl Menchito\u201d, hijo del capo principal del CJNG, Nemesio \u201cEl Mencho\u201d Oseguera, fue extraditado al vecino pa\u00eds.<\/p>\n<p>Y en EU fue detenida tambi\u00e9n el mes pasado la hija de \u201cEl Mencho\u201d, Jessica Johana Oseguera.<\/p>\n<p>Como se ve, el CJNG se encuentra en dificultades pues las autoridades decidieron, por fin, enfrentarlo.<\/p>\n<p style=\"text-align: center;\"><strong>El capo del huachicol<\/strong><\/p>\n<p>La otra historia de persecuciones tiene como protagonista a Jos\u00e9 Antonio Yepez Ortiz (a) \u201cEl Marro\u201d, l\u00edder del C\u00e1rtel de Santa Rosa de Lima.<\/p>\n<p>La secretaria de Gobernaci\u00f3n, Olga S\u00e1nchez Cordero, dijo que la seguridad del l\u00edder mencionado est\u00e1 debilitada y podr\u00eda anticipar la detenci\u00f3n de este presunto criminal.<\/p>\n<p>Las autoridades municipales, estatales y federales montaron un operativo para detener a presuntos miembros del Cartel de Santa Rosa de Lima, en Guanajuato.<\/p>\n<p>Los delincuentes protestaron contra esas acciones con la quema de veh\u00edculos y narcobloqueos en v\u00edas principales de la citada entidad.<\/p>\n<p>No se logr\u00f3 la captura de ning\u00fan delincuente. Por cierto, corri\u00f3 el rumor de la detenci\u00f3n de \u201cEl Marro\u201d pero luego se desminti\u00f3.<\/p>\n<p>Como se\u00f1alamos ayer en este espacio, los guanajuatenses viven una espiral de violencia que los tiene aterrorizados.<\/p>\n<p>A pesar de contar con la Marina, el Ej\u00e9rcito y la Guardia Nacional (GN) sigue la delincuencia con sus acciones criminales, sin temor alguno.<\/p>\n<p style=\"text-align: center;\"><strong>El accidente del metro<\/strong><\/p>\n<p>Al filo de la medianoche del martes, se registr\u00f3 un accidente en el Metro de la Ciudad de M\u00e9xico.<\/p>\n<p>Una persona muri\u00f3 y 41 pasajeros m\u00e1s resultaron lesionados.<\/p>\n<p>En las primeras declaraciones se dijo que el problema surgi\u00f3 porque fallaron los frenos.<\/p>\n<p>Uno de los vagones, sin control, se fue cuesta abajo y sin posibilidades de detenerlo colision\u00f3 con un ferrocarril estacionado, en la estaci\u00f3n Tacubaya.<\/p>\n<p>El Sistema de Metro capitalinos transporta a cinco millones y medio de pasajeros cada d\u00eda.<\/p>\n<p>\u00bfQu\u00e9 ocasion\u00f3 el accidente? Las autoridades est\u00e1n obligadas a investigar e informar que fue realmente lo que ocasion\u00f3 esa tragedia.<\/p>\n<p>\u00bfD\u00f3nde empieza y d\u00f3nde termina la responsabilidad de los funcionarios encargados de administrar el mencionado sistema de transporte?<\/p>\n<p>\u00bfC\u00f3mo est\u00e1 eso de que un transporte de las dimensiones del Metro se qued\u00f3 sin frenos?<\/p>\n<p>Si algo tan elemental como la revisi\u00f3n peri\u00f3dica de los frenos no se realiza, \u00bfqu\u00e9 se puede esperar de una maquinaria en las condiciones?<\/p>\n<p>Si los vagones ya se encuentran desgastados por el uso a qu\u00e9 son sometidos, \u00bfqu\u00e9 esperan para cambiarlos? Por el bien de todos, esos accidentes no deben repetirse. \u00bfUsted qu\u00e9 opina amble lector?<\/p>\n<p style=\"text-align: right;\"><strong><em>Feliz fin de semana.<\/em><\/strong><\/p>\n<p><span class=\"Apple-converted-space\"><em><u><a href=\"mailto:aco2742@hotmail.com\" target=\"_blank\" rel=\"noopener noreferrer\">aco2742@hotmail.com<\/a><\/u><\/em><\/span><\/p>\n","protected":false},"excerpt":{"rendered":"<p><span style=\"color: #005497;\"><strong>Augusto Corro<\/strong><\/span><\/p>\n","protected":false},"author":3,"featured_media":0,"comment_status":"open","ping_status":"open","sticky":false,"template":"","format":"standard","meta":{"_monsterinsights_skip_tracking":false,"_monsterinsights_sitenote_active":false,"_monsterinsights_sitenote_note":"","_monsterinsights_sitenote_category":0,"footnotes":""},"categories":[157],"tags":[43686,43674,11515],"class_list":["post-463591","post","type-post","status-publish","format-standard","hentry","category-augusto-corro","tag-augusto-corro","tag-opinion","tag-punto-por-punto"],"_links":{"self":[{"href":"https:\/\/www.diarioimagen.net\/index.php?rest_route=\/wp\/v2\/posts\/463591","targetHints":{"allow":["GET"]}}],"collection":[{"href":"https:\/\/www.diarioimagen.net\/index.php?rest_route=\/wp\/v2\/posts"}],"about":[{"href":"https:\/\/www.diarioimagen.net\/index.php?rest_route=\/wp\/v2\/types\/post"}],"author":[{"embeddable":true,"href":"https:\/\/www.diarioimagen.net\/index.php?rest_route=\/wp\/v2\/users\/3"}],"replies":[{"embeddable":true,"href":"https:\/\/www.diarioimagen.net\/index.php?rest_route=%2Fwp%2Fv2%2Fcomments&post=463591"}],"version-history":[{"count":0,"href":"https:\/\/www.diarioimagen.net\/index.php?rest_route=\/wp\/v2\/posts\/463591\/revisions"}],"wp:attachment":[{"href":"https:\/\/www.diarioimagen.net\/index.php?rest_route=%2Fwp%2Fv2%2Fmedia&parent=463591"}],"wp:term":[{"taxonomy":"category","embeddable":true,"href":"https:\/\/www.diarioimagen.net\/index.php?rest_route=%2Fwp%2Fv2%2Fcategories&post=463591"},{"taxonomy":"post_tag","embeddable":true,"href":"https:\/\/www.diarioimagen.net\/index.php?rest_route=%2Fwp%2Fv2%2Ftags&post=463591"}],"curies":[{"name":"wp","href":"https:\/\/api.w.org\/{rel}","templated":true}]}}