{"id":463594,"date":"2020-03-13T00:03:24","date_gmt":"2020-03-13T06:03:24","guid":{"rendered":"https:\/\/www.diarioimagen.net\/?p=463594"},"modified":"2020-03-13T03:21:48","modified_gmt":"2020-03-13T09:21:48","slug":"porfirio-munoz-ledo","status":"publish","type":"post","link":"https:\/\/www.diarioimagen.net\/?p=463594","title":{"rendered":"Porfirio Mu\u00f1oz Ledo"},"content":{"rendered":"<h2>Espacio Electoral<\/h2>\n<h5>Eleazar Flores<\/h5>\n<p>&nbsp;<\/p>\n<p><strong>AMLO NO LE RESPONDE<\/strong>.- Ante las acusaciones del ide\u00f3logo Porfirio Mu\u00f1oz Ledo que calific\u00f3 de \u201chip\u00f3critas y lambiscones\u201d a los diputados morenistas quienes sol\u00edcitos le aprueban al presidente Andr\u00e9s Manuel L\u00f3pez Obrador todas sus iniciativas, el silencio de la divisa fue total.<\/p>\n<p>A Mu\u00f1oz Ledo se le podr\u00e1 calificar de todo, este espacio lo ha hecho, pero los adjetivos que adjudic\u00f3 el martes pasado a sus compa\u00f1eros de curul son indesmentibles, salvo su opini\u00f3n.<\/p>\n<p>La reacci\u00f3n del ex priista, ex perredista y dem\u00e1s, fue tan pronto se enter\u00f3 que algunas iniciativas suyas que se hab\u00edan incluido con anterioridad, literalmente fueron congeladas a cambio de las propuestas presidenciales que de inmediato se analizaron, se aprobaron en comisiones, se subieron a consideraci\u00f3n de la asamblea y con horas ininterrumpidas de trabajo\u2026 se aprobaron.<\/p>\n<p>Se trata de las reformas al art\u00edculo cuarto constitucional que se relacionan con elevar a rango constitucional los apoyos econ\u00f3micos a grupos \u00e9tnicos, a personas con discapacidad y a los adultos mayores que no est\u00e1n inscritos en ning\u00fan r\u00e9gimen oficial de seguridad como pudieran ser el IMSS, ISSSTE y dem\u00e1s. O sea que ser\u00edan atendidos de manera gratuita por el sector salud.<\/p>\n<p>El prop\u00f3sito es viable, lo que Mu\u00f1oz Ledo enjuici\u00f3 es la docilidad de los legisladores no solo del Movimiento de Regeneraci\u00f3n Nacional, sino tambi\u00e9n del Partido del Trabajo, el de Encuentro Social y obviamente, el del entreguista Verde Ecologista.<\/p>\n<p>Ser\u00eda interesante conocer el punto de vista del padre de la cuarta transformaci\u00f3n en torno a la opini\u00f3n de Mu\u00f1oz Ledo, su compa\u00f1ero de lucha desde fines de los ochentas y noventas a la fecha, no vaya a resultar que tambi\u00e9n lo califique de neoliberal y conservador.<\/p>\n<p><strong>UAEMEX<\/strong>.- En la Universidad Aut\u00f3noma del estado de M\u00e9xico los problemas no cesan, al contrario se agudizan desde su d\u00eda de aniversario, -3 de marzo-, cuando el rector Barrera ni pudo leer su tercer y pen\u00faltimo informe de trabajo, lo que agudiz\u00f3 su distanciamiento ante la comunidad.<\/p>\n<p>A la fecha, ya son seis las escuelas y facultades en paro, cuyo prop\u00f3sito inicial era apoyar la soluci\u00f3n de problemas por temas de feminicidio y acoso sexual a las estudiantes, temas que el rector minimiz\u00f3, creyendo que con su indiferencia la comunidad universitaria iba a olvidar pero no fue as\u00ed, por el contrario, los reclamos fueron mayores.<\/p>\n<p>Las instituciones en paro son Humanidades, Arquitectura, Ciencias de la Conducta, Ciencias Pol\u00edticas y Sociales, cuyos alumnos fueron \u201cplantados\u201d por el rector Alfredo Barrera Baca, quien envi\u00f3 a su emisora Janeth Valero a recibir su pliego petitorio, por lo que se negaron a entregarlo.<\/p>\n<p><a href=\"mailto:elefa44@gmail.com\" target=\"_blank\" rel=\"noopener noreferrer\"><em>elefa44@gmail.com<\/em><\/a><\/p>\n","protected":false},"excerpt":{"rendered":"<p><span style=\"color: #005497;\"><strong>Eleazar Flores<\/strong><\/span><\/p>\n","protected":false},"author":3,"featured_media":0,"comment_status":"open","ping_status":"open","sticky":false,"template":"","format":"standard","meta":{"_monsterinsights_skip_tracking":false,"_monsterinsights_sitenote_active":false,"_monsterinsights_sitenote_note":"","_monsterinsights_sitenote_category":0,"footnotes":""},"categories":[81743],"tags":[46970,43674],"class_list":["post-463594","post","type-post","status-publish","format-standard","hentry","category-eleazar-flores","tag-espacio","tag-opinion"],"_links":{"self":[{"href":"https:\/\/www.diarioimagen.net\/index.php?rest_route=\/wp\/v2\/posts\/463594","targetHints":{"allow":["GET"]}}],"collection":[{"href":"https:\/\/www.diarioimagen.net\/index.php?rest_route=\/wp\/v2\/posts"}],"about":[{"href":"https:\/\/www.diarioimagen.net\/index.php?rest_route=\/wp\/v2\/types\/post"}],"author":[{"embeddable":true,"href":"https:\/\/www.diarioimagen.net\/index.php?rest_route=\/wp\/v2\/users\/3"}],"replies":[{"embeddable":true,"href":"https:\/\/www.diarioimagen.net\/index.php?rest_route=%2Fwp%2Fv2%2Fcomments&post=463594"}],"version-history":[{"count":0,"href":"https:\/\/www.diarioimagen.net\/index.php?rest_route=\/wp\/v2\/posts\/463594\/revisions"}],"wp:attachment":[{"href":"https:\/\/www.diarioimagen.net\/index.php?rest_route=%2Fwp%2Fv2%2Fmedia&parent=463594"}],"wp:term":[{"taxonomy":"category","embeddable":true,"href":"https:\/\/www.diarioimagen.net\/index.php?rest_route=%2Fwp%2Fv2%2Fcategories&post=463594"},{"taxonomy":"post_tag","embeddable":true,"href":"https:\/\/www.diarioimagen.net\/index.php?rest_route=%2Fwp%2Fv2%2Ftags&post=463594"}],"curies":[{"name":"wp","href":"https:\/\/api.w.org\/{rel}","templated":true}]}}