{"id":463691,"date":"2020-03-16T00:13:47","date_gmt":"2020-03-16T06:13:47","guid":{"rendered":"https:\/\/www.diarioimagen.net\/?p=463691"},"modified":"2020-03-16T22:59:25","modified_gmt":"2020-03-17T04:59:25","slug":"ya-son-53-casos-confirmados-de-covid-19-en-el-pais-2-graves","status":"publish","type":"post","link":"https:\/\/www.diarioimagen.net\/?p=463691","title":{"rendered":"Ya son 53 casos confirmados de Covid-19 en el pa\u00eds; 2, graves"},"content":{"rendered":"<h2>Derecho de r\u00e9plica<\/h2>\n<h5>Jos\u00e9 Luis Monta\u00f1ez<\/h5>\n<p>&nbsp;<\/p>\n<ul>\n<li><strong><em>Hasta el momento existen 176 sospechosos que est\u00e1n en an\u00e1lisis<\/em><\/strong><\/li>\n<\/ul>\n<p>&nbsp;<\/p>\n<div id=\"attachment_463755\" style=\"width: 470px\" class=\"wp-caption aligncenter\"><a href=\"https:\/\/www.diarioimagen.net\/?attachment_id=463755\" rel=\"attachment wp-att-463755\"><img loading=\"lazy\" decoding=\"async\" aria-describedby=\"caption-attachment-463755\" class=\"size-large wp-image-463755\" src=\"https:\/\/www.diarioimagen.net\/wp-content\/uploads\/2020\/03\/derecho-4-460x259.jpg\" alt=\"\" width=\"460\" height=\"259\" srcset=\"https:\/\/www.diarioimagen.net\/wp-content\/uploads\/2020\/03\/derecho-4-460x259.jpg 460w, https:\/\/www.diarioimagen.net\/wp-content\/uploads\/2020\/03\/derecho-4-240x135.jpg 240w, https:\/\/www.diarioimagen.net\/wp-content\/uploads\/2020\/03\/derecho-4-235x132.jpg 235w, https:\/\/www.diarioimagen.net\/wp-content\/uploads\/2020\/03\/derecho-4-202x114.jpg 202w, https:\/\/www.diarioimagen.net\/wp-content\/uploads\/2020\/03\/derecho-4-350x196.jpg 350w, https:\/\/www.diarioimagen.net\/wp-content\/uploads\/2020\/03\/derecho-4-220x123.jpg 220w, https:\/\/www.diarioimagen.net\/wp-content\/uploads\/2020\/03\/derecho-4-237x132.jpg 237w, https:\/\/www.diarioimagen.net\/wp-content\/uploads\/2020\/03\/derecho-4.jpg 480w\" sizes=\"auto, (max-width: 460px) 100vw, 460px\" \/><\/a><p id=\"caption-attachment-463755\" class=\"wp-caption-text\">Durante el fin de semana se sumaron 6 casos sospechosos de Covid-19 en Quintana Roo, pero hasta ahora un solo contagiado confirmado.<\/p><\/div>\n<p>&nbsp;<\/p>\n<p>M\u00e9xico cerr\u00f3 la semana con un total de 53 casos confirmados de Covid-19 en todo su territorio, seg\u00fan inform\u00f3 anoche por la noche la Secretar\u00eda de Salud del gobierno federal; las autoridades sanitarias tambi\u00e9n confirmaron que dos pacientes se encuentran graves, pero ninguno hab\u00eda sido entubado hasta ese momento, aunque s\u00ed aclararon que uno de ellos lo requer\u00eda. Mientras tanto, Quintana Roo se mantiene con un solo caso confirmado.<\/p>\n<p>En rueda de prensa para dar seguimiento al tema, la dependencia detall\u00f3 que 60% de esos casos positivos corresponde a hombres y el 40% restante a mujeres. Hasta el momento existen 176 casos sospechosos en an\u00e1lisis. Para reducir la velocidad de la propagaci\u00f3n del virus, en los siguientes d\u00edas se promover\u00e1n medidas de aislamiento social, puesto que \u00fanicamente del s\u00e1bado al domingo pasados, la cifra de casos confirmados fue de 12 a 41 y de 41 a 53 en un periodo muy reducido de tiempo.<\/p>\n<p>Algunas de las medidas que se promover\u00e1n son la suspensi\u00f3n de actividades no esenciales y la reprogramaci\u00f3n de eventos p\u00fablicos masivos que re\u00fanan a m\u00e1s de mil personas.<\/p>\n<p style=\"text-align: center;\"><strong>Contagios en Q. Roo se mantienen en uno<\/strong><\/p>\n<p>Durante el fin de semana se sumaron 6 casos sospechosos de Covid-19 en Quintana Roo, pero la cifra de un solo contagiado se mantiene desde el pasado viernes y al corte de las 18 horas de ayer, mientras que siete son analizados, seg\u00fan inform\u00f3 la Secretar\u00eda estatal de Salud.<\/p>\n<p>De acuerdo con resultados de las pruebas de laboratorio, solo un caso result\u00f3 positivo, 16 son negativos y 7 m\u00e1s se encuentran en estudio<\/p>\n<p>Apenas el viernes pasado el gobierno de Quintana Roo identific\u00f3 el primer caso positivo en la entidad, precisando que las personas que tuvieron contacto con el paciente ya fueron localizadas y diagnosticadas sin s\u00edntomas. Las autoridades dieron a conocer que al corte del 13 de marzo se hab\u00edan identificado 18 casos sospechosos, que 16 fueron negativos, uno estaba en estudio y el que fue detectado como positivo.<\/p>\n<p style=\"text-align: center;\"><strong>Estrictas medidas de prevenci\u00f3n<\/strong><\/p>\n<p>En el corredor tur\u00edstico Canc\u00fan-Riviera Maya, autoridades municipales contin\u00faan aplicando estrictas medidas de prevenci\u00f3n para impedir la propagaci\u00f3n del coronavirus en la entidad.<\/p>\n<p>El gobierno municipal de Solidaridad inform\u00f3 que mantiene las acciones de prevenci\u00f3n que de manera conjunta se lleva a cabo con el gobierno del estado y federal, ante la llegada del coronavirus Covid-19 al territorio quintanarroense.<\/p>\n<p>Por su parte, el titular de la Direcci\u00f3n de Salud F\u00edsica y Emocional, H\u00e9ctor Gonz\u00e1lez Rodr\u00edguez insta a la poblaci\u00f3n a mantener la calma, pues afirma que la entidad est\u00e1 cumpliendo con el protocolo y adem\u00e1s cuenta con el personal capacitado, los insumos y la infraestructura necesaria para atender los casos que lleguen a confirmarse.<\/p>\n<p style=\"text-align: center;\"><strong>Se realizan protocolos coordinados<\/strong><\/p>\n<p>Gonz\u00e1lez Rodr\u00edguez inform\u00f3 que los protocolos de prevenci\u00f3n se realizan de manera coordinada y transversal, para actuar de manera pronta ante cualquier caso de sospecha, adem\u00e1s para brindar atenci\u00f3n a los contagiados de acuerdo con los criterios de la OMS y lineamientos federales.<\/p>\n<p>Reiter\u00f3 que la informaci\u00f3n debe ser cotejada con la oficial para constatar que sea ver\u00eddica, y esto se puede hacer a trav\u00e9s de los medios oficiales donde se inform\u00f3 que cada caso en la entidad ha sido estudiado, para luego informar que que de 18 casos sospechosos se dio s\u00f3lo uno result\u00f3 ser positivo, hasta ahora.<\/p>\n<p>\u201cLa infecci\u00f3n est\u00e1 presente en nuestro pa\u00eds y a\u00fan no hay transmisi\u00f3n local, los casos que se han documentado en M\u00e9xico siguen siendo importados, reiteramos y reforzamos el compromiso que existe para este tema, el cual, es alinearnos a todas las estrategias que est\u00e1n llev\u00e1ndose a cabo a nivel estatal y federal\u201d, puntualiz\u00f3 Gonz\u00e1lez Rodr\u00edguez.<\/p>\n<p style=\"text-align: center;\"><strong>Contener el virus es tarea de todos<\/strong><\/p>\n<p>La tarea de contener el coronavirus es responsabilidad de todos, puntualiz\u00f3, por ello se debe mantener la limpieza necesaria en el hogar y personal; \u201csi estamos enfermos, no salir de casa y aplicar todas las medidas de contenci\u00f3n y prevenci\u00f3n que ya se establecieron y que circulan en las redes oficiales del Ayuntamiento de Solidaridad y medios oficiales. Cualquier duda, los instamos a acercarse a los servicios de salud del estado o los del municipio\u201d, asever\u00f3.<\/p>\n<p>En Puerto Morelos, el gobierno municipal se sum\u00f3 a los protocolos sanitarios puestos en marcha desde el estado y la Federaci\u00f3n para evitar la presencia de la pandemia del coronavirus (Covid-19) en la demarcaci\u00f3n. El trabajo comenz\u00f3 con un curso de capacitaci\u00f3n para m\u00e9dicos y personal de enfermer\u00eda del sector p\u00fablico y privado sobre el Covid-19. Por su parte, en Canc\u00fan, el gobierno se sum\u00f3 al llamado a la ciudadan\u00eda para mantener la calma y hacer caso omiso a rumores.Actualmente permanece en actividad el Comit\u00e9 Operativo Especializado en Fen\u00f3menos Sanitario-Ecol\u00f3gicos en el municipio, el cual fue activado desde el pasado martes 10 de marzo.<\/p>\n<p style=\"text-align: center;\"><strong>Belice cerr\u00f3 parcialmente su frontera <\/strong><\/p>\n<p>Desde ayer el gobierno de Belice prohibi\u00f3 el acceso a su territorio de todos aquellos que hayan viajado en los \u00faltimos 30 d\u00edas desde China, Hong Kong, Ir\u00e1n, Jap\u00f3n, Corea del Sur y Europa mientras que todos los nacionales y residentes de Belice que regresen al pa\u00eds estar\u00e1n bajo auto aislamiento a su llegada y se siguiendo los protocolos del ministro de salud.<\/p>\n<p>Belice contin\u00faa libre de este virus, por lo que su gobierno confirm\u00f3 que tomar\u00e1n todas las medidas preventivas necesarias para proteger a la poblaci\u00f3n.<\/p>\n<p style=\"text-align: center;\"><strong>El comunicado:<\/strong><\/p>\n<p>Dada la creciente preocupaci\u00f3n por la salud p\u00fablica y la amenaza inminente a Belice, el gobierno de Belice anuncia la siguiente actualizaci\u00f3n de viaje restrictivo vigente a partir del 15 de marzo.<\/p>\n<p>Los nacionales y las personas que hayan viajado dentro de 30 d\u00edas desde China, Hong Kong, Ir\u00e1n, Jap\u00f3n, Corea del Sur y Europa tendr\u00e1n prohibido el ingreso a Belice.<\/p>\n<p>1-Esta lista restringida de viajes de pa\u00edses estar\u00e1 continuamente monitoreada y actualizada seg\u00fan sea necesario.<\/p>\n<p>2.-Todos los nacionales y residentes de Belice que regresen a Belice a trav\u00e9s de cualquier punto de entrada desde cualquiera de los pa\u00edses restringidos o un \u00e1rea donde exista infecci\u00f3n y diseminaci\u00f3n de la enfermedad estar\u00e1n bajo auto aislamiento a su llegada y se espera que sigan los protocolos del ministro de salud.<\/p>\n<p>3-Los ciudadanos de Belice y residentes que regresan a Belice que han estado en el extranjero y creen que han estado expuestos al Covid 10 deben contactar a su proveedor de atenci\u00f3n m\u00e9dica local.<\/p>\n<p>Los viajes no esenciales de ciudadanos y residentes de Belice a otros pa\u00edses son altamente desalentadores Estas medidas se deben tomar para proteger la salud y el bienestar de la poblaci\u00f3n de Belice en un esfuerzo por reducir el riesgo por exposici\u00f3n al Covid 19.<\/p>\n<p style=\"text-align: center;\"><strong>Hay compras de p\u00e1nico en la entidad<\/strong><\/p>\n<p>Al confirmarse el primer caso de Covid 19 en Quintana Roo, las compras de p\u00e1nico de productos de limpieza, alcohol y sanitizantes hicieron presencia en la entidad, raz\u00f3n por la que los proveedores de insumos invitaron a las familias a limitarse en sus compras.<\/p>\n<p>De manera similar a lo que ocurre en temporada de huracanes, los habitantes de Canc\u00fan abarrotaron tiendas de autoservicio para hacerse de todo tipo de productos de limpieza, de acuerdo a los protocolos de salud, donde se invita a la gente al constante lavado de manos as\u00ed como a utilizar productos sanitizantes y antibacteriales.<\/p>\n<p>En Chetumal, las tiendas incluso han tenido que restringir la venta de productos por determinado numero para lograr que una mayor cantidad de poblaci\u00f3n pueda adquirir lo necesario \u201cEstimado cliente, para favorecer a un mayor de familias la venta de art\u00edculos de limpieza, sanitizantes y desinfectantes se limita a 3 piezas por familia\u201d escribieron en carteles por todos los supermercados.<\/p>\n<p>Asimismo, informaron que apenas en un fin de semana los productos sanitizantes se agotaron, ante la falta de conciencia de muchos ciudadanos que se llevaron productos en exceso, quiz\u00e1 algunos incluso para su reventa a precios inflados.<\/p>\n<p>La escases de art\u00edculos como alcohol, jeringas, cubrebocas, material de curaci\u00f3n y otros tambi\u00e9n ha llegado a los centros hospitalarios como el Hospital General de Chetumal, donde m\u00e9dicos y enfermeras afirman que no se les han resurtido los insumos para atender a pacientes sospechosos.<\/p>\n<p><a href=\"mailto:montanezaguilar@gmail.com\" target=\"_blank\" rel=\"noopener noreferrer\"><em>montanezaguilar@gmail.com<\/em><\/a><\/p>\n","protected":false},"excerpt":{"rendered":"<p><span style=\"color: #005497;\"><strong>Jos\u00e9 Luis Monta\u00f1ez<\/strong><\/span><br \/>\n<br \/>\nM\u00e9xico cerr\u00f3 la semana con un total de 53 casos confirmados de Covid-19 en todo su territorio, seg\u00fan inform\u00f3 anoche por la noche la Secretar\u00eda de Salud del gobierno federal; las autoridades sanitarias tambi\u00e9n confirmaron que dos pacientes se encuentran graves, pero ninguno hab\u00eda sido entubado hasta ese momento, aunque s\u00ed aclararon que uno de ellos lo requer\u00eda. Mientras tanto, Quintana Roo se mantiene con un solo caso confirmado.<\/p>\n","protected":false},"author":3,"featured_media":463755,"comment_status":"open","ping_status":"open","sticky":false,"template":"","format":"standard","meta":{"_monsterinsights_skip_tracking":false,"_monsterinsights_sitenote_active":false,"_monsterinsights_sitenote_note":"","_monsterinsights_sitenote_category":0,"footnotes":""},"categories":[11622,25512],"tags":[47840,54579,43674],"class_list":["post-463691","post","type-post","status-publish","format-standard","has-post-thumbnail","hentry","category-jose-luis-montanez-aguilar","category-nacional-nacional","tag-derecho-de-replica","tag-jose-luis-montanez","tag-opinion"],"_links":{"self":[{"href":"https:\/\/www.diarioimagen.net\/index.php?rest_route=\/wp\/v2\/posts\/463691","targetHints":{"allow":["GET"]}}],"collection":[{"href":"https:\/\/www.diarioimagen.net\/index.php?rest_route=\/wp\/v2\/posts"}],"about":[{"href":"https:\/\/www.diarioimagen.net\/index.php?rest_route=\/wp\/v2\/types\/post"}],"author":[{"embeddable":true,"href":"https:\/\/www.diarioimagen.net\/index.php?rest_route=\/wp\/v2\/users\/3"}],"replies":[{"embeddable":true,"href":"https:\/\/www.diarioimagen.net\/index.php?rest_route=%2Fwp%2Fv2%2Fcomments&post=463691"}],"version-history":[{"count":0,"href":"https:\/\/www.diarioimagen.net\/index.php?rest_route=\/wp\/v2\/posts\/463691\/revisions"}],"wp:featuredmedia":[{"embeddable":true,"href":"https:\/\/www.diarioimagen.net\/index.php?rest_route=\/wp\/v2\/media\/463755"}],"wp:attachment":[{"href":"https:\/\/www.diarioimagen.net\/index.php?rest_route=%2Fwp%2Fv2%2Fmedia&parent=463691"}],"wp:term":[{"taxonomy":"category","embeddable":true,"href":"https:\/\/www.diarioimagen.net\/index.php?rest_route=%2Fwp%2Fv2%2Fcategories&post=463691"},{"taxonomy":"post_tag","embeddable":true,"href":"https:\/\/www.diarioimagen.net\/index.php?rest_route=%2Fwp%2Fv2%2Ftags&post=463691"}],"curies":[{"name":"wp","href":"https:\/\/api.w.org\/{rel}","templated":true}]}}