{"id":463733,"date":"2020-03-16T00:02:23","date_gmt":"2020-03-16T06:02:23","guid":{"rendered":"https:\/\/www.diarioimagen.net\/?p=463733"},"modified":"2020-03-16T03:27:28","modified_gmt":"2020-03-16T09:27:28","slug":"entrega-el-sistema-municipal-dif-en-cuautitlan-apoyos-funcionales","status":"publish","type":"post","link":"https:\/\/www.diarioimagen.net\/?p=463733","title":{"rendered":"Entrega el sistema municipal DIF en Cuautitl\u00e1n apoyos funcionales"},"content":{"rendered":"<ul>\n<li><strong><em>Beneficios a personas con alguna discapacidad<\/em><\/strong><\/li>\n<\/ul>\n<p>&nbsp;<\/p>\n<div id=\"attachment_463816\" style=\"width: 470px\" class=\"wp-caption aligncenter\"><a href=\"https:\/\/www.diarioimagen.net\/?attachment_id=463816\" rel=\"attachment wp-att-463816\"><img loading=\"lazy\" decoding=\"async\" aria-describedby=\"caption-attachment-463816\" class=\"wp-image-463816 size-large\" src=\"https:\/\/www.diarioimagen.net\/wp-content\/uploads\/2020\/03\/CUAUTITL\u00c1N-3-460x259.jpg\" alt=\"\" width=\"460\" height=\"259\" srcset=\"https:\/\/www.diarioimagen.net\/wp-content\/uploads\/2020\/03\/CUAUTITL\u00c1N-3-460x259.jpg 460w, https:\/\/www.diarioimagen.net\/wp-content\/uploads\/2020\/03\/CUAUTITL\u00c1N-3-240x135.jpg 240w, https:\/\/www.diarioimagen.net\/wp-content\/uploads\/2020\/03\/CUAUTITL\u00c1N-3-235x132.jpg 235w, https:\/\/www.diarioimagen.net\/wp-content\/uploads\/2020\/03\/CUAUTITL\u00c1N-3-202x114.jpg 202w, https:\/\/www.diarioimagen.net\/wp-content\/uploads\/2020\/03\/CUAUTITL\u00c1N-3-350x196.jpg 350w, https:\/\/www.diarioimagen.net\/wp-content\/uploads\/2020\/03\/CUAUTITL\u00c1N-3-220x123.jpg 220w, https:\/\/www.diarioimagen.net\/wp-content\/uploads\/2020\/03\/CUAUTITL\u00c1N-3-237x132.jpg 237w, https:\/\/www.diarioimagen.net\/wp-content\/uploads\/2020\/03\/CUAUTITL\u00c1N-3.jpg 480w\" sizes=\"auto, (max-width: 460px) 100vw, 460px\" \/><\/a><p id=\"caption-attachment-463816\" class=\"wp-caption-text\">El DIF de Cuautitl\u00e1n entrega sillas de ruedas, bastones, pa\u00f1ales y otros art\u00edculos a\u00a0 personas con alguna discapacidad.<\/p><\/div>\n<p>&nbsp;<\/p>\n<p><strong>Cuautitl\u00e1n, Estado de M\u00e9xico<\/strong>.- El Sistema Municipal DIF de Cuautitl\u00e1n canaliza la entrega de apoyos a las solicitudes de sillas de ruedas, bastones, pa\u00f1ales y otros art\u00edculos de las personas que los requieren para mejorar su calidad de vida y en atenci\u00f3n a las necesidades de las familias cuautitlenses.<\/p>\n<p>Desde el inicio de la administraci\u00f3n se han facilitado diversos apoyos a cientos de vecinos con alguna discapacidad, de bajos recursos, adultos mayores y personas con necesidades que requieran de asistentes funcionales y que debido a su condici\u00f3n econ\u00f3mica no les es posible la compra de alguno de ellos.<\/p>\n<p>En d\u00edas pasados se hizo entrega a un vecino de San Francisco Cascantitla una silla de ruedas; a una vecina de Misiones 1, una andadera y una silla de ruedas y a otro habitante de Misiones 1, una carriola, art\u00edculos que les permitir\u00e1n mayor movilidad en su entorno inmediato.<\/p>\n<p>El sistema municipal DIF informa que las personas que requieran de alg\u00fan aparato funcional; (silla de ruedas, silla deportiva, silla especial, silla p.c.i. bastones, muletas, andador juanito, auxiliares auditivos, lo pueden solicitar cubriendo los siguientes requisitos:<\/p>\n<p>Si el paciente es adulto deber\u00e1 presentar: INE, CURP, acta de nacimiento, comprobante de domicilio, fotograf\u00eda de cuerpo completo e impresa a tama\u00f1o postal, resumen cl\u00ednico (realizado por el m\u00e9dico rehabilitador de la unidad de rehabilitaci\u00f3n (URIS), donde especifique que aparato funcional necesita y porqu\u00e9, en caso de auxiliares auditivos (estudio de audiometr\u00eda, realizado por el m\u00e9dico audi\u00f3logo (a) de la unidad (URIS).<\/p>\n<p>Si el paciente es menor deber\u00e1 presentar: acta de nacimiento, CURP, m\u00e1s los documentos de su pap\u00e1 o mam\u00e1, (quien haga el tr\u00e1mite), INE, CURP, comprobante de domicilio, fotograf\u00eda de cuerpo completo e impresa a tama\u00f1o postal, resumen cl\u00ednico (realizado por el m\u00e9dico rehabilitador de la unidad de rehabilitaci\u00f3n (URIS), donde especifique que aparato funcional necesita y porqu\u00e9, en caso de auxiliares auditivos (estudio de\u00a0 audiometr\u00eda, realizado por el m\u00e9dico audi\u00f3logo (a) de la unidad (URIS).<\/p>\n<p>Deber\u00e1n presentar estos documentos en la unidad de rehabilitaci\u00f3n con la trabajadora social para abrir expediente. Cabe mencionar que el programa es permanente y los documentos son en copias, solo el resumen cl\u00ednico y la audiometr\u00eda son originales.<\/p>\n","protected":false},"excerpt":{"rendered":"<p>El Sistema Municipal DIF de Cuautitl\u00e1n canaliza la entrega de apoyos a las solicitudes de sillas de ruedas, bastones, pa\u00f1ales y otros art\u00edculos de las personas que los requieren para mejorar su calidad de vida y en atenci\u00f3n a las necesidades de las familias cuautitlenses.<\/p>\n","protected":false},"author":3,"featured_media":463816,"comment_status":"open","ping_status":"open","sticky":false,"template":"","format":"standard","meta":{"_monsterinsights_skip_tracking":false,"_monsterinsights_sitenote_active":false,"_monsterinsights_sitenote_note":"","_monsterinsights_sitenote_category":0,"footnotes":""},"categories":[5],"tags":[2701,681,2954,43675,77463],"class_list":["post-463733","post","type-post","status-publish","format-standard","has-post-thumbnail","hentry","category-estado-de-mexico","tag-apoyo","tag-cuautitlan","tag-dif","tag-estado-de-mexico","tag-funcionales"],"_links":{"self":[{"href":"https:\/\/www.diarioimagen.net\/index.php?rest_route=\/wp\/v2\/posts\/463733","targetHints":{"allow":["GET"]}}],"collection":[{"href":"https:\/\/www.diarioimagen.net\/index.php?rest_route=\/wp\/v2\/posts"}],"about":[{"href":"https:\/\/www.diarioimagen.net\/index.php?rest_route=\/wp\/v2\/types\/post"}],"author":[{"embeddable":true,"href":"https:\/\/www.diarioimagen.net\/index.php?rest_route=\/wp\/v2\/users\/3"}],"replies":[{"embeddable":true,"href":"https:\/\/www.diarioimagen.net\/index.php?rest_route=%2Fwp%2Fv2%2Fcomments&post=463733"}],"version-history":[{"count":0,"href":"https:\/\/www.diarioimagen.net\/index.php?rest_route=\/wp\/v2\/posts\/463733\/revisions"}],"wp:featuredmedia":[{"embeddable":true,"href":"https:\/\/www.diarioimagen.net\/index.php?rest_route=\/wp\/v2\/media\/463816"}],"wp:attachment":[{"href":"https:\/\/www.diarioimagen.net\/index.php?rest_route=%2Fwp%2Fv2%2Fmedia&parent=463733"}],"wp:term":[{"taxonomy":"category","embeddable":true,"href":"https:\/\/www.diarioimagen.net\/index.php?rest_route=%2Fwp%2Fv2%2Fcategories&post=463733"},{"taxonomy":"post_tag","embeddable":true,"href":"https:\/\/www.diarioimagen.net\/index.php?rest_route=%2Fwp%2Fv2%2Ftags&post=463733"}],"curies":[{"name":"wp","href":"https:\/\/api.w.org\/{rel}","templated":true}]}}