{"id":464066,"date":"2020-03-18T00:05:33","date_gmt":"2020-03-18T06:05:33","guid":{"rendered":"https:\/\/www.diarioimagen.net\/?p=464066"},"modified":"2020-03-18T07:13:11","modified_gmt":"2020-03-18T13:13:11","slug":"registra-el-edomex-su-primer-caso-de-sarampion-en-ecatepec","status":"publish","type":"post","link":"https:\/\/www.diarioimagen.net\/?p=464066","title":{"rendered":"Registra el Edomex su primer caso de sarampi\u00f3n, en Ecatepec"},"content":{"rendered":"<ul>\n<li><strong><em>Se trata de una ni\u00f1a que no estaba vacunada<\/em><\/strong><\/li>\n<\/ul>\n<p>&nbsp;<\/p>\n<p><a href=\"https:\/\/www.diarioimagen.net\/?attachment_id=464163\" rel=\"attachment wp-att-464163\"><img loading=\"lazy\" decoding=\"async\" class=\"aligncenter size-large wp-image-464163\" src=\"https:\/\/www.diarioimagen.net\/wp-content\/uploads\/2020\/03\/SARAMPION18-460x259.jpg\" alt=\"\" width=\"460\" height=\"259\" srcset=\"https:\/\/www.diarioimagen.net\/wp-content\/uploads\/2020\/03\/SARAMPION18-460x259.jpg 460w, https:\/\/www.diarioimagen.net\/wp-content\/uploads\/2020\/03\/SARAMPION18-240x135.jpg 240w, https:\/\/www.diarioimagen.net\/wp-content\/uploads\/2020\/03\/SARAMPION18-235x132.jpg 235w, https:\/\/www.diarioimagen.net\/wp-content\/uploads\/2020\/03\/SARAMPION18-202x114.jpg 202w, https:\/\/www.diarioimagen.net\/wp-content\/uploads\/2020\/03\/SARAMPION18-350x196.jpg 350w, https:\/\/www.diarioimagen.net\/wp-content\/uploads\/2020\/03\/SARAMPION18-220x123.jpg 220w, https:\/\/www.diarioimagen.net\/wp-content\/uploads\/2020\/03\/SARAMPION18-237x132.jpg 237w, https:\/\/www.diarioimagen.net\/wp-content\/uploads\/2020\/03\/SARAMPION18.jpg 480w\" sizes=\"auto, (max-width: 460px) 100vw, 460px\" \/><\/a><\/p>\n<p>&nbsp;<\/p>\n<p>El gobierno del Estado de M\u00e9xico inform\u00f3 sobre el registro de un primer caso de sarampi\u00f3n en Ecatepec, por lo que las autoridades de Salud realizaron un cerco epidemiol\u00f3gico de 25 manzanas.<\/p>\n<p>Con relaci\u00f3n a este hecho, la Secretar\u00eda de Salud estatal informa que se trata de una ni\u00f1a de un a\u00f1o de edad, sin antecedente de vacunaci\u00f3n, residente de Ecatepec, quien ya se encuentra asintom\u00e1tica, por lo que ya no puede transmitir el virus.<\/p>\n<p>Detalla que la menor contrajo el pat\u00f3geno al estar en contacto con un paciente infectado en la sala de espera de un hospital en la Ciudad de M\u00e9xico.<\/p>\n<p>Como lo establece el protocolo, personal de Salud de la Jurisdicci\u00f3n Sanitaria de Ecatepec, implement\u00f3 un cerco sanitario en 25 manzanas alrededor del domicilio de la infante y aplic\u00f3 204 vacunas triple viral a ni\u00f1os sin antecedente de vacuna, as\u00ed como otras 570 dosis de doble viral como refuerzo. La dependencia se\u00f1ala que se tienen plenamente identificados a los contactos de la menor, mismos que hasta el momento est\u00e1n asintom\u00e1ticos y bajo vigilancia epidemiol\u00f3gica que concluye el pr\u00f3ximo primero de abril.<\/p>\n<p>En apego a la pol\u00edtica de salud impulsada por el Gobernador Alfredo Del Mazo Maza, el Secretario del ramo en la entidad, Gabriel O\u2019Shea Cuevas, reitera el llamado a los padres de familia a completar el esquema de vacunaci\u00f3n de sus hijos, a fin u yu de prevenir el riesgo de contraer padecimientos como el sarampi\u00f3n.<\/p>\n<p>El gobierno mexiquense recibir\u00e1 un lote de m\u00e1s de 500 mil dosis de vacuna contra dicha enfermedad y en d\u00edas pasados liberaron 180 mil dosis contra el sarampi\u00f3n como parte de las acciones de prevenci\u00f3n.<\/p>\n","protected":false},"excerpt":{"rendered":"<p>El gobierno del Estado de M\u00e9xico inform\u00f3 sobre el registro de un primer caso de sarampi\u00f3n en Ecatepec, por lo que las autoridades de Salud realizaron un cerco epidemiol\u00f3gico de 25 manzanas.<\/p>\n","protected":false},"author":3,"featured_media":464163,"comment_status":"open","ping_status":"open","sticky":false,"template":"","format":"standard","meta":{"_monsterinsights_skip_tracking":false,"_monsterinsights_sitenote_active":false,"_monsterinsights_sitenote_note":"","_monsterinsights_sitenote_category":0,"footnotes":""},"categories":[5],"tags":[70733,454,43675,9521],"class_list":["post-464066","post","type-post","status-publish","format-standard","has-post-thumbnail","hentry","category-estado-de-mexico","tag-caso","tag-ecatepec","tag-estado-de-mexico","tag-sarampion"],"_links":{"self":[{"href":"https:\/\/www.diarioimagen.net\/index.php?rest_route=\/wp\/v2\/posts\/464066","targetHints":{"allow":["GET"]}}],"collection":[{"href":"https:\/\/www.diarioimagen.net\/index.php?rest_route=\/wp\/v2\/posts"}],"about":[{"href":"https:\/\/www.diarioimagen.net\/index.php?rest_route=\/wp\/v2\/types\/post"}],"author":[{"embeddable":true,"href":"https:\/\/www.diarioimagen.net\/index.php?rest_route=\/wp\/v2\/users\/3"}],"replies":[{"embeddable":true,"href":"https:\/\/www.diarioimagen.net\/index.php?rest_route=%2Fwp%2Fv2%2Fcomments&post=464066"}],"version-history":[{"count":0,"href":"https:\/\/www.diarioimagen.net\/index.php?rest_route=\/wp\/v2\/posts\/464066\/revisions"}],"wp:featuredmedia":[{"embeddable":true,"href":"https:\/\/www.diarioimagen.net\/index.php?rest_route=\/wp\/v2\/media\/464163"}],"wp:attachment":[{"href":"https:\/\/www.diarioimagen.net\/index.php?rest_route=%2Fwp%2Fv2%2Fmedia&parent=464066"}],"wp:term":[{"taxonomy":"category","embeddable":true,"href":"https:\/\/www.diarioimagen.net\/index.php?rest_route=%2Fwp%2Fv2%2Fcategories&post=464066"},{"taxonomy":"post_tag","embeddable":true,"href":"https:\/\/www.diarioimagen.net\/index.php?rest_route=%2Fwp%2Fv2%2Ftags&post=464066"}],"curies":[{"name":"wp","href":"https:\/\/api.w.org\/{rel}","templated":true}]}}