{"id":464411,"date":"2020-03-20T00:01:05","date_gmt":"2020-03-20T06:01:05","guid":{"rendered":"https:\/\/www.diarioimagen.net\/?p=464411"},"modified":"2020-03-20T00:54:47","modified_gmt":"2020-03-20T06:54:47","slug":"aviso-de-la-uaem-2","status":"publish","type":"post","link":"https:\/\/www.diarioimagen.net\/?p=464411","title":{"rendered":"AVISO DE LA UAEM"},"content":{"rendered":"<div id=\"attachment_464414\" style=\"width: 469px\" class=\"wp-caption aligncenter\"><img loading=\"lazy\" decoding=\"async\" aria-describedby=\"caption-attachment-464414\" class=\" wp-image-464414\" src=\"https:\/\/www.diarioimagen.net\/wp-content\/uploads\/2020\/03\/UAEM-POORTAL.png\" alt=\"\" width=\"459\" height=\"754\" \/><p id=\"caption-attachment-464414\" class=\"wp-caption-text\">AVISO DE LA UAEM<\/p><\/div>\n<p>&nbsp;<\/p>\n<p>&nbsp;<\/p>\n<p><img loading=\"lazy\" decoding=\"async\" class=\"aligncenter wp-image-464415\" src=\"https:\/\/www.diarioimagen.net\/wp-content\/uploads\/2020\/03\/UAEM-PORTAL.png\" alt=\"\" width=\"467\" height=\"263\" srcset=\"https:\/\/www.diarioimagen.net\/wp-content\/uploads\/2020\/03\/UAEM-PORTAL-480x270.png 480w, https:\/\/www.diarioimagen.net\/wp-content\/uploads\/2020\/03\/UAEM-PORTAL-235x132.png 235w, https:\/\/www.diarioimagen.net\/wp-content\/uploads\/2020\/03\/UAEM-PORTAL-202x114.png 202w, https:\/\/www.diarioimagen.net\/wp-content\/uploads\/2020\/03\/UAEM-PORTAL-350x196.png 350w, https:\/\/www.diarioimagen.net\/wp-content\/uploads\/2020\/03\/UAEM-PORTAL-220x123.png 220w, https:\/\/www.diarioimagen.net\/wp-content\/uploads\/2020\/03\/UAEM-PORTAL-237x132.png 237w\" sizes=\"auto, (max-width: 467px) 100vw, 467px\" \/><\/p>\n<p>&nbsp;<\/p>\n<p>&nbsp;<\/p>\n<p>&nbsp;<\/p>\n","protected":false},"excerpt":{"rendered":"<p>En absoluto respeto a la organizaci\u00f3n aut\u00f3noma de las asambleas, colectivos y grupos de estudiantes organizados, la Recttor\u00eda mantiene su convicci\u00f3n de respaldo, di\u00e1logo, acuerdo y trabajo colaborativo con las comunidades acad\u00e9micas que decidieron entrar en paro.<\/p>\n","protected":false},"author":5,"featured_media":464416,"comment_status":"open","ping_status":"open","sticky":false,"template":"","format":"standard","meta":{"_monsterinsights_skip_tracking":false,"_monsterinsights_sitenote_active":false,"_monsterinsights_sitenote_note":"","_monsterinsights_sitenote_category":0,"footnotes":""},"categories":[5],"tags":[89212,43675,1491],"class_list":["post-464411","post","type-post","status-publish","format-standard","has-post-thumbnail","hentry","category-estado-de-mexico","tag-aviso","tag-estado-de-mexico","tag-uaem"],"_links":{"self":[{"href":"https:\/\/www.diarioimagen.net\/index.php?rest_route=\/wp\/v2\/posts\/464411","targetHints":{"allow":["GET"]}}],"collection":[{"href":"https:\/\/www.diarioimagen.net\/index.php?rest_route=\/wp\/v2\/posts"}],"about":[{"href":"https:\/\/www.diarioimagen.net\/index.php?rest_route=\/wp\/v2\/types\/post"}],"author":[{"embeddable":true,"href":"https:\/\/www.diarioimagen.net\/index.php?rest_route=\/wp\/v2\/users\/5"}],"replies":[{"embeddable":true,"href":"https:\/\/www.diarioimagen.net\/index.php?rest_route=%2Fwp%2Fv2%2Fcomments&post=464411"}],"version-history":[{"count":0,"href":"https:\/\/www.diarioimagen.net\/index.php?rest_route=\/wp\/v2\/posts\/464411\/revisions"}],"wp:featuredmedia":[{"embeddable":true,"href":"https:\/\/www.diarioimagen.net\/index.php?rest_route=\/wp\/v2\/media\/464416"}],"wp:attachment":[{"href":"https:\/\/www.diarioimagen.net\/index.php?rest_route=%2Fwp%2Fv2%2Fmedia&parent=464411"}],"wp:term":[{"taxonomy":"category","embeddable":true,"href":"https:\/\/www.diarioimagen.net\/index.php?rest_route=%2Fwp%2Fv2%2Fcategories&post=464411"},{"taxonomy":"post_tag","embeddable":true,"href":"https:\/\/www.diarioimagen.net\/index.php?rest_route=%2Fwp%2Fv2%2Ftags&post=464411"}],"curies":[{"name":"wp","href":"https:\/\/api.w.org\/{rel}","templated":true}]}}