{"id":464516,"date":"2020-03-20T00:04:12","date_gmt":"2020-03-20T06:04:12","guid":{"rendered":"https:\/\/www.diarioimagen.net\/?p=464516"},"modified":"2020-03-20T09:07:55","modified_gmt":"2020-03-20T15:07:55","slug":"huixquilucan-incrementa-el-numero-de-motocicletas-del-escuadron-vida","status":"publish","type":"post","link":"https:\/\/www.diarioimagen.net\/?p=464516","title":{"rendered":"Huixquilucan incrementa el n\u00famero de motocicletas del \u201cEscuadr\u00f3n Vida\u201d"},"content":{"rendered":"<ul>\n<li><strong><em>Trabajo en equipo con Unidad de Rescate<\/em><\/strong><\/li>\n<\/ul>\n<p>&nbsp;<\/p>\n<div id=\"attachment_464606\" style=\"width: 470px\" class=\"wp-caption aligncenter\"><a href=\"https:\/\/www.diarioimagen.net\/?attachment_id=464606\" rel=\"attachment wp-att-464606\"><img loading=\"lazy\" decoding=\"async\" aria-describedby=\"caption-attachment-464606\" class=\"size-large wp-image-464606\" src=\"https:\/\/www.diarioimagen.net\/wp-content\/uploads\/2020\/03\/HUIXQUILUCAN-8-460x259.jpg\" alt=\"\" width=\"460\" height=\"259\" srcset=\"https:\/\/www.diarioimagen.net\/wp-content\/uploads\/2020\/03\/HUIXQUILUCAN-8-460x259.jpg 460w, https:\/\/www.diarioimagen.net\/wp-content\/uploads\/2020\/03\/HUIXQUILUCAN-8-240x135.jpg 240w, https:\/\/www.diarioimagen.net\/wp-content\/uploads\/2020\/03\/HUIXQUILUCAN-8-235x132.jpg 235w, https:\/\/www.diarioimagen.net\/wp-content\/uploads\/2020\/03\/HUIXQUILUCAN-8-202x114.jpg 202w, https:\/\/www.diarioimagen.net\/wp-content\/uploads\/2020\/03\/HUIXQUILUCAN-8-350x196.jpg 350w, https:\/\/www.diarioimagen.net\/wp-content\/uploads\/2020\/03\/HUIXQUILUCAN-8-220x123.jpg 220w, https:\/\/www.diarioimagen.net\/wp-content\/uploads\/2020\/03\/HUIXQUILUCAN-8-237x132.jpg 237w, https:\/\/www.diarioimagen.net\/wp-content\/uploads\/2020\/03\/HUIXQUILUCAN-8.jpg 480w\" sizes=\"auto, (max-width: 460px) 100vw, 460px\" \/><\/a><p id=\"caption-attachment-464606\" class=\"wp-caption-text\">El presidente municipal de Huixquilucan, Enrique Vargas del Villar asegur\u00f3 que salvar una vida no tiene precio y con ello el escuadr\u00f3n puede dar por cumplida su misi\u00f3n.<\/p><\/div>\n<p>&nbsp;<\/p>\n<p><strong>Huixquilucan, Estado de M\u00e9xico<\/strong>.- \u201cLas adversidades en las que en ocasiones nos enfrentamos para cumplir con nuestra labor, son superadas gracias a nuestra capacidad, al equipamiento con el que contamos y sobre todo al gran trabajo en equipo\u201d, asegur\u00f3 Diego Armado Garc\u00eda Nava, jefe del departamento de la Unidad de Rescate, al recibir 2 nuevas motocicletas para el \u201cEscuadr\u00f3n Vida\u201d.<\/p>\n<p>A su vez, el presidente municipal de Huixquilucan, Enrique Vargas del Villar asegur\u00f3 que salvar una vida no tiene precio y con ello el escuadr\u00f3n puede dar por cumplida su misi\u00f3n.<\/p>\n<p>Precis\u00f3, que ante una emergencia, el gobierno municipal siempre est\u00e1 atento para responder a la ciudadan\u00eda como lo merece y las nuevas motocicletas son muestra de ello, ya que el personal capacitado puede desplazarse r\u00e1pidamente y atender oportunamente una emergencia.<\/p>\n<p>Vargas del Villar record\u00f3, que durante su gesti\u00f3n se ha invertido en equipamiento y capacitaci\u00f3n para que, en caso de ser necesario, se brinden los primeros auxilios y se puedan salvar vidas.<\/p>\n<p>En tanto, el jefe del departamento de la Unidad de Rescate, Diego Armado Garc\u00eda Nava, asegur\u00f3 que con la entrega de estas unidades queda claro que el gobierno municipal encabezado por Enrique Vargas del Villar, se ocupa de mejorar las condiciones en las que prestan su servicio.<\/p>\n<p>\u201cEl respaldo de nuestras autoridades, el equipamiento moderno y los implementos necesarios para nuestra propia protecci\u00f3n, son un gran est\u00edmulo que nos compromete a ser mejores\u201d, asegur\u00f3.<\/p>\n<p>Con las nuevas unidades, ahora el municipio de Huixquilucan cuenta con 3 motocicletas doble prop\u00f3sito, que pueden accesar f\u00e1cilmente por andadores o calles estrechas, ante alguna llamada de emergencia, el param\u00e9dico a bordo cuenta con equipo preventivo.<\/p>\n","protected":false},"excerpt":{"rendered":"<p>\u201cLas adversidades en las que en ocasiones nos enfrentamos para cumplir con nuestra labor, son superadas gracias a nuestra capacidad, al equipamiento con el que contamos y sobre todo al gran trabajo en equipo\u201d, asegur\u00f3 Diego Armado Garc\u00eda Nava, jefe del departamento de la Unidad de Rescate, al recibir 2 nuevas motocicletas para el \u201cEscuadr\u00f3n Vida\u201d.<\/p>\n","protected":false},"author":3,"featured_media":464606,"comment_status":"open","ping_status":"open","sticky":false,"template":"","format":"standard","meta":{"_monsterinsights_skip_tracking":false,"_monsterinsights_sitenote_active":false,"_monsterinsights_sitenote_note":"","_monsterinsights_sitenote_category":0,"footnotes":""},"categories":[5],"tags":[87455,43675,1097],"class_list":["post-464516","post","type-post","status-publish","format-standard","has-post-thumbnail","hentry","category-estado-de-mexico","tag-escuadron-vida","tag-estado-de-mexico","tag-huixquilucan"],"_links":{"self":[{"href":"https:\/\/www.diarioimagen.net\/index.php?rest_route=\/wp\/v2\/posts\/464516","targetHints":{"allow":["GET"]}}],"collection":[{"href":"https:\/\/www.diarioimagen.net\/index.php?rest_route=\/wp\/v2\/posts"}],"about":[{"href":"https:\/\/www.diarioimagen.net\/index.php?rest_route=\/wp\/v2\/types\/post"}],"author":[{"embeddable":true,"href":"https:\/\/www.diarioimagen.net\/index.php?rest_route=\/wp\/v2\/users\/3"}],"replies":[{"embeddable":true,"href":"https:\/\/www.diarioimagen.net\/index.php?rest_route=%2Fwp%2Fv2%2Fcomments&post=464516"}],"version-history":[{"count":0,"href":"https:\/\/www.diarioimagen.net\/index.php?rest_route=\/wp\/v2\/posts\/464516\/revisions"}],"wp:featuredmedia":[{"embeddable":true,"href":"https:\/\/www.diarioimagen.net\/index.php?rest_route=\/wp\/v2\/media\/464606"}],"wp:attachment":[{"href":"https:\/\/www.diarioimagen.net\/index.php?rest_route=%2Fwp%2Fv2%2Fmedia&parent=464516"}],"wp:term":[{"taxonomy":"category","embeddable":true,"href":"https:\/\/www.diarioimagen.net\/index.php?rest_route=%2Fwp%2Fv2%2Fcategories&post=464516"},{"taxonomy":"post_tag","embeddable":true,"href":"https:\/\/www.diarioimagen.net\/index.php?rest_route=%2Fwp%2Fv2%2Ftags&post=464516"}],"curies":[{"name":"wp","href":"https:\/\/api.w.org\/{rel}","templated":true}]}}