{"id":464518,"date":"2020-03-20T00:03:27","date_gmt":"2020-03-20T06:03:27","guid":{"rendered":"https:\/\/www.diarioimagen.net\/?p=464518"},"modified":"2020-03-20T09:06:55","modified_gmt":"2020-03-20T15:06:55","slug":"tultepec-continua-construccion-de-clinica-mas-grande-y-equipada-en-tiempo-y-forma","status":"publish","type":"post","link":"https:\/\/www.diarioimagen.net\/?p=464518","title":{"rendered":"Tultepec contin\u00faa construcci\u00f3n de cl\u00ednica m\u00e1s grande y equipada, en tiempo y forma"},"content":{"rendered":"<p><a href=\"https:\/\/www.diarioimagen.net\/?attachment_id=464603\" rel=\"attachment wp-att-464603\"><img loading=\"lazy\" decoding=\"async\" class=\"aligncenter size-large wp-image-464603\" src=\"https:\/\/www.diarioimagen.net\/wp-content\/uploads\/2020\/03\/TULTEPEC-4-460x308.jpg\" alt=\"\" width=\"460\" height=\"308\" srcset=\"https:\/\/www.diarioimagen.net\/wp-content\/uploads\/2020\/03\/TULTEPEC-4-460x308.jpg 460w, https:\/\/www.diarioimagen.net\/wp-content\/uploads\/2020\/03\/TULTEPEC-4-240x160.jpg 240w, https:\/\/www.diarioimagen.net\/wp-content\/uploads\/2020\/03\/TULTEPEC-4.jpg 700w\" sizes=\"auto, (max-width: 460px) 100vw, 460px\" \/><\/a><\/p>\n<p>&nbsp;<\/p>\n<p><strong>Tultepec, Estado de M\u00e9xico<\/strong><strong>.-<\/strong> Conforme a lo programado contin\u00faa en Tultepec la construcci\u00f3n de la cl\u00ednica m\u00e1s grande y equipada con la que contar\u00e1 el municipio, la cual se sumar\u00e1 a las cinco que ya funcionan y est\u00e1n estrat\u00e9gicamente ubicadas y son operadas por el DIF local, para llevar servicios de salud de calidad y a bajo costo a la ciudadan\u00eda en general.<\/p>\n<p>As\u00ed lo dio a conocer Oscar Ram\u00edrez Peralta, director de Obras P\u00fablicas, quien afirm\u00f3 que la obra cumple con las exigencias y recomendaciones realizadas por la Secretar\u00eda de Salud Federal y del Instituto de Salud del Estado de M\u00e9xico (ISEM), as\u00ed como a la Comisi\u00f3n Federal para la Protecci\u00f3n de Riesgos Sanitarios (COFEPRIS); a fin de garantizar un funcionamiento y atenci\u00f3n \u00f3ptimos y adecuados.<\/p>\n","protected":false},"excerpt":{"rendered":"<p>Conforme a lo programado contin\u00faa en Tultepec la construcci\u00f3n de la cl\u00ednica m\u00e1s grande y equipada con la que contar\u00e1 el municipio, la cual se sumar\u00e1 a las cinco que ya funcionan y est\u00e1n estrat\u00e9gicamente ubicadas y son operadas por el DIF local, para llevar servicios de salud de calidad y a bajo costo a la ciudadan\u00eda en general.<\/p>\n","protected":false},"author":3,"featured_media":464603,"comment_status":"open","ping_status":"open","sticky":false,"template":"","format":"standard","meta":{"_monsterinsights_skip_tracking":false,"_monsterinsights_sitenote_active":false,"_monsterinsights_sitenote_note":"","_monsterinsights_sitenote_category":0,"footnotes":""},"categories":[5],"tags":[17625,43675,87388,3802],"class_list":["post-464518","post","type-post","status-publish","format-standard","has-post-thumbnail","hentry","category-estado-de-mexico","tag-construccion","tag-estado-de-mexico","tag-forma","tag-tultepec"],"_links":{"self":[{"href":"https:\/\/www.diarioimagen.net\/index.php?rest_route=\/wp\/v2\/posts\/464518","targetHints":{"allow":["GET"]}}],"collection":[{"href":"https:\/\/www.diarioimagen.net\/index.php?rest_route=\/wp\/v2\/posts"}],"about":[{"href":"https:\/\/www.diarioimagen.net\/index.php?rest_route=\/wp\/v2\/types\/post"}],"author":[{"embeddable":true,"href":"https:\/\/www.diarioimagen.net\/index.php?rest_route=\/wp\/v2\/users\/3"}],"replies":[{"embeddable":true,"href":"https:\/\/www.diarioimagen.net\/index.php?rest_route=%2Fwp%2Fv2%2Fcomments&post=464518"}],"version-history":[{"count":0,"href":"https:\/\/www.diarioimagen.net\/index.php?rest_route=\/wp\/v2\/posts\/464518\/revisions"}],"wp:featuredmedia":[{"embeddable":true,"href":"https:\/\/www.diarioimagen.net\/index.php?rest_route=\/wp\/v2\/media\/464603"}],"wp:attachment":[{"href":"https:\/\/www.diarioimagen.net\/index.php?rest_route=%2Fwp%2Fv2%2Fmedia&parent=464518"}],"wp:term":[{"taxonomy":"category","embeddable":true,"href":"https:\/\/www.diarioimagen.net\/index.php?rest_route=%2Fwp%2Fv2%2Fcategories&post=464518"},{"taxonomy":"post_tag","embeddable":true,"href":"https:\/\/www.diarioimagen.net\/index.php?rest_route=%2Fwp%2Fv2%2Ftags&post=464518"}],"curies":[{"name":"wp","href":"https:\/\/api.w.org\/{rel}","templated":true}]}}