{"id":464615,"date":"2020-03-23T00:03:23","date_gmt":"2020-03-23T06:03:23","guid":{"rendered":"https:\/\/www.diarioimagen.net\/?p=464615"},"modified":"2020-03-24T01:28:49","modified_gmt":"2020-03-24T07:28:49","slug":"suman-316-los-contagios-de-coronavirus-en-mexico","status":"publish","type":"post","link":"https:\/\/www.diarioimagen.net\/?p=464615","title":{"rendered":"Suman 316 los contagios de coronavirus en M\u00e9xico"},"content":{"rendered":"<ul>\n<li><strong><em>S\u00f3lo el 10% ha sido hospitalizado<\/em><\/strong><\/li>\n<li><strong><em>Los sospechosos alcanzaron los 793; se descartaron mil 667<\/em><\/strong><\/li>\n<\/ul>\n<h6>Jos\u00e9 Luis Monta\u00f1ez<\/h6>\n<p>&nbsp;<\/p>\n<div id=\"attachment_464667\" style=\"width: 470px\" class=\"wp-caption aligncenter\"><a href=\"https:\/\/www.diarioimagen.net\/?attachment_id=464667\" rel=\"attachment wp-att-464667\"><img loading=\"lazy\" decoding=\"async\" aria-describedby=\"caption-attachment-464667\" class=\"size-large wp-image-464667\" src=\"https:\/\/www.diarioimagen.net\/wp-content\/uploads\/2020\/03\/CASOS23-460x259.jpg\" alt=\"\" width=\"460\" height=\"259\" srcset=\"https:\/\/www.diarioimagen.net\/wp-content\/uploads\/2020\/03\/CASOS23-460x259.jpg 460w, https:\/\/www.diarioimagen.net\/wp-content\/uploads\/2020\/03\/CASOS23-240x135.jpg 240w, https:\/\/www.diarioimagen.net\/wp-content\/uploads\/2020\/03\/CASOS23-235x132.jpg 235w, https:\/\/www.diarioimagen.net\/wp-content\/uploads\/2020\/03\/CASOS23-202x114.jpg 202w, https:\/\/www.diarioimagen.net\/wp-content\/uploads\/2020\/03\/CASOS23-350x196.jpg 350w, https:\/\/www.diarioimagen.net\/wp-content\/uploads\/2020\/03\/CASOS23-220x123.jpg 220w, https:\/\/www.diarioimagen.net\/wp-content\/uploads\/2020\/03\/CASOS23-237x132.jpg 237w, https:\/\/www.diarioimagen.net\/wp-content\/uploads\/2020\/03\/CASOS23.jpg 480w\" sizes=\"auto, (max-width: 460px) 100vw, 460px\" \/><\/a><p id=\"caption-attachment-464667\" class=\"wp-caption-text\">En M\u00e9xico, aument\u00f3 a 316 el n\u00famero de casos confirmados de la nueva cepa de coronavirus.<\/p><\/div>\n<p>&nbsp;<\/p>\n<p>El n\u00famero de casos confirmados de la nueva cepa de coronavirus (Covid-19) aument\u00f3 a 316 en M\u00e9xico, inform\u00f3 anoche la doctora Ana Luisa de la Garza Barroso, especialista en epidemiolog\u00eda,<\/p>\n<p>Resalt\u00f3 que los casos sospechosos por Covid-19 alcanzaron los 793, mientras que se descartaron mil 667.<\/p>\n<p>\u201cEn M\u00e9xico, el 90 por ciento de los casos del coronavirus ha sido tratado ambulatoriamente y s\u00f3lo el 10 por ciento ha sido hospitalizado\u201d, coment\u00f3.<\/p>\n<p>Precis\u00f3 que en nuestro pa\u00eds el 83 por ciento de los casos ha estado en aislamiento y 16 por ciento se ha recuperado, mientras que s\u00f3lo un 1 por ciento representa las defunciones.<\/p>\n<p>De la Garza Barroso detall\u00f3 que al 22 de marzo a nivel mundial se han confirmado 292 mil 142 casos de coronavirus.<\/p>\n<p>Extraoficialmente, se supo de que m\u00e9dicos cubanos podr\u00edan estar cerca de encontrar la cura al ciento por ciento de infectados por coronavirus al suministrar a pacientes una f\u00f3rmula compuesa con hidroxicloroquina con azitromicina.<\/p>\n<p style=\"text-align: center;\"><strong>Cierre de cines, teatros, bares y museos en CDMX<\/strong><\/p>\n<p>La jefa de Gobierno, Claudia Sheinbaum Pardo, en coordinaci\u00f3n con los 16 alcaldes y alcaldesas, anunci\u00f3 el acuerdo para que distintas actividades y establecimientos cierren temporalmente a partir de este lunes y hasta el 16 de abril con la finalidad de evitar contagios por el coronavirus<\/p>\n<p>\u201cEs importante que sepan los habitantes de la Ciudad de M\u00e9xico, la ciudadan\u00eda, hombres y mujeres, que estamos coordinados en la Ciudad de M\u00e9xico y estamos unidos en este momento al que nos estamos enfrentando, de una crisis sanitaria en la ciudad, y que todos estamos trabajando conjuntamente para proteger a los habitantes de la Ciudad de M\u00e9xico\u201d, dijo.<\/p>\n<p>Tras sostener una reuni\u00f3n con las alcaldesas y los alcaldes, la mandataria local inform\u00f3 que se est\u00e1 buscando una reducci\u00f3n de hasta un 50 por ciento de los trabajadores que no tengan labores sustantivas, tanto en el Gobierno Central como en las alcald\u00edas, cuyos salarios no se ver\u00e1n afectados por esta medida. Aquellas personas que tengan s\u00edntomas de enfermedad respiratoria deben mandar mensaje al servicio de sms gratuito 51515 con la palabra Covid19 para recibir orientaci\u00f3n, y en caso de haber estado en contacto con alguna persona contagiada deber\u00e1n resguardarse durante 40 d\u00edas en sus domicilios para evitar la saturaci\u00f3n de hospitales.<\/p>\n","protected":false},"excerpt":{"rendered":"<p><span style=\"color: #005497;\"><strong>Jos\u00e9 Luis Monta\u00f1ez<\/strong><\/span><br \/>\n<br \/>\nEl n\u00famero de casos confirmados de la nueva cepa de coronavirus (Covid-19) aument\u00f3 a 316 en M\u00e9xico, inform\u00f3 anoche la doctora Ana Luisa de la Garza Barroso, especialista en epidemiolog\u00eda,<\/p>\n","protected":false},"author":3,"featured_media":464667,"comment_status":"open","ping_status":"open","sticky":false,"template":"","format":"standard","meta":{"_monsterinsights_skip_tracking":false,"_monsterinsights_sitenote_active":false,"_monsterinsights_sitenote_note":"","_monsterinsights_sitenote_category":0,"footnotes":""},"categories":[877],"tags":[34444,89658,12518,44,43692],"class_list":["post-464615","post","type-post","status-publish","format-standard","has-post-thumbnail","hentry","category-salud","tag-cdmx","tag-coronavirus","tag-decesos","tag-mexico","tag-salud"],"_links":{"self":[{"href":"https:\/\/www.diarioimagen.net\/index.php?rest_route=\/wp\/v2\/posts\/464615","targetHints":{"allow":["GET"]}}],"collection":[{"href":"https:\/\/www.diarioimagen.net\/index.php?rest_route=\/wp\/v2\/posts"}],"about":[{"href":"https:\/\/www.diarioimagen.net\/index.php?rest_route=\/wp\/v2\/types\/post"}],"author":[{"embeddable":true,"href":"https:\/\/www.diarioimagen.net\/index.php?rest_route=\/wp\/v2\/users\/3"}],"replies":[{"embeddable":true,"href":"https:\/\/www.diarioimagen.net\/index.php?rest_route=%2Fwp%2Fv2%2Fcomments&post=464615"}],"version-history":[{"count":0,"href":"https:\/\/www.diarioimagen.net\/index.php?rest_route=\/wp\/v2\/posts\/464615\/revisions"}],"wp:featuredmedia":[{"embeddable":true,"href":"https:\/\/www.diarioimagen.net\/index.php?rest_route=\/wp\/v2\/media\/464667"}],"wp:attachment":[{"href":"https:\/\/www.diarioimagen.net\/index.php?rest_route=%2Fwp%2Fv2%2Fmedia&parent=464615"}],"wp:term":[{"taxonomy":"category","embeddable":true,"href":"https:\/\/www.diarioimagen.net\/index.php?rest_route=%2Fwp%2Fv2%2Fcategories&post=464615"},{"taxonomy":"post_tag","embeddable":true,"href":"https:\/\/www.diarioimagen.net\/index.php?rest_route=%2Fwp%2Fv2%2Ftags&post=464615"}],"curies":[{"name":"wp","href":"https:\/\/api.w.org\/{rel}","templated":true}]}}