{"id":464653,"date":"2020-03-23T00:01:52","date_gmt":"2020-03-23T06:01:52","guid":{"rendered":"https:\/\/www.diarioimagen.net\/?p=464653"},"modified":"2020-03-23T01:26:49","modified_gmt":"2020-03-23T07:26:49","slug":"en-lugar-de-sembrar-panico-y-depresion-contribuyamos-a-planear-las-proximas-vacaciones-para-cuando-todo-esto-termine","status":"publish","type":"post","link":"https:\/\/www.diarioimagen.net\/?p=464653","title":{"rendered":"En lugar de sembrar p\u00e1nico y depresi\u00f3n contribuyamos a planear las pr\u00f3ximas vacaciones para cuando todo esto termine"},"content":{"rendered":"<h2>De cinco estrellas<\/h2>\n<h5>Victoria Gonz\u00e1lez Prado<\/h5>\n<p><strong>\u00a0<\/strong><\/p>\n<ul>\n<li><strong>AMResorts<em> da a conocer la nueva pol\u00edtica de vacaciones:\u00a0 \u201cmueva la fecha, conserve la tarifa\u201d o cambie el destino<\/em><\/strong><\/li>\n<li><strong><em>Braulio Arsuaga Losada pidi\u00f3 a la autoridad pr\u00f3rroga en declaraciones anuales de personas morales y f\u00edsicas entre otras solicitudes<\/em><\/strong><\/li>\n<\/ul>\n<p>&nbsp;<\/p>\n<div id=\"attachment_464671\" style=\"width: 309px\" class=\"wp-caption alignleft\"><a href=\"https:\/\/www.diarioimagen.net\/?attachment_id=464671\" rel=\"attachment wp-att-464671\"><img loading=\"lazy\" decoding=\"async\" aria-describedby=\"caption-attachment-464671\" class=\" wp-image-464671\" src=\"https:\/\/www.diarioimagen.net\/wp-content\/uploads\/2020\/03\/turismo-8-241x460.jpg\" alt=\"\" width=\"299\" height=\"571\" srcset=\"https:\/\/www.diarioimagen.net\/wp-content\/uploads\/2020\/03\/turismo-8-241x460.jpg 241w, https:\/\/www.diarioimagen.net\/wp-content\/uploads\/2020\/03\/turismo-8-125x240.jpg 125w, https:\/\/www.diarioimagen.net\/wp-content\/uploads\/2020\/03\/turismo-8.jpg 366w\" sizes=\"auto, (max-width: 299px) 100vw, 299px\" \/><\/a><p id=\"caption-attachment-464671\" class=\"wp-caption-text\">Posponer el viaje es una forma de apoyar al turismo.<\/p><\/div>\n<p>Todas las noticias giran alrededor del Covid-19, ya no s\u00e9 cu\u00e1nto tiempo llevamos hablando de ello y, la verdad. llega el momento en que la informaci\u00f3n est\u00e1 de flojera, es repetitiva y en muchas ocasiones falsa.<\/p>\n<p>Si abres <em>Facebook<\/em>, todo mundo te da recomendaciones, todos son expertos; si buscas algo en Twitter m\u00e1s de lo mismo. Tiene raz\u00f3n Demian Ernesto cuando escribe \u201cUna horda de cr\u00edticos m\u00e1s vulgares que informados, autonombrados \u2018especialistas en salud\u2019, salieron a defender a la patria y a sus habitantes.\u201d<\/p>\n<p>Estoy convencida de que ya sabemos qu\u00e9 es lo que tenemos que hacer. Y tambi\u00e9n estoy persuadida de que mucha gente tiene p\u00e1nico y depresi\u00f3n por estar escuchando todo el tiempo lo mismo.<\/p>\n<p>Estoy segura de que tenemos que medir lo que vemos y lo que escuchamos. No saturarnos de tanta informaci\u00f3n, generalmente deformada, y especulaciones en torno del corona virus y mejor ponernos a pensar qu\u00e9 hacer para reactivarnos, c\u00f3mo podemos apoyar a nuestros semejantes, sin olvidar a la poblaci\u00f3n flotante, especialmente el turismo.<\/p>\n<p>Apoyemos las buenas propuestas para amparar a los viajeros o deseosos de viajar detenidos por las circunstancias; estimul\u00e9moslos con frases como \u201cNo canceles tu viaje, posponlo\u201d.<\/p>\n<p>Contribuyamos a que no cancelen definitivamente sus deseos y oportunidades para conocer qu\u00e9 hay en nuestro pa\u00eds o fuera de \u00e9l, y s\u00ed animarlos a planear las pr\u00f3ximas vacaciones para cuando todo esto termine.<\/p>\n<p>\u2730\u2730\u2730\u2730\u2730 En carta dirigida a clientes de la cadena hotelera <em>AMResorts <\/em>da a conocer la nueva pol\u00edtica de vacaciones que indica: \u201cMueva la fecha, conserve la tarifa\u201d para que los viajeros puedan cambiar la fecha de su viaje desde ahora y al 22 de diciembre de 2020.<\/p>\n<p>Adem\u00e1s, tiene la opci\u00f3n de cambiar a otra propiedad de <em>AMResorts <\/em>dentro de la misma marca en destino diferente sin cargo adicional ni penalizaci\u00f3n por cancelaci\u00f3n. El viaje se completar\u00e1 antes del 22 de diciembre de 2020, se\u00f1ala <strong>Gonzalo del Pe\u00f3n<\/strong>, presidente de la compa\u00f1\u00eda.\u2028\u201cEs importante para nosotros que pueda tomar decisiones de viaje informadas en funci\u00f3n de las circunstancias individuales, y que tenga tranquilidad en cualquier momento que elija visitar una propiedad con la marca <em>AMResorts<\/em>\u201d, indic\u00f3.<\/p>\n<p>Alent\u00f3 a evitar rumores y especulaciones al buscar informaci\u00f3n por su cuenta de fuentes confiables, como los Centros para el Control y la Prevenci\u00f3n de Enfermedades (www.cdc.gov) y la Organizaci\u00f3n Mundial de la Salud, ante la situaci\u00f3n de pandemia por Covid-19.<\/p>\n<p>\u201cEstamos en contacto con destinos, l\u00edneas a\u00e9reas y otros socios para comprender sus protocolos y procedimientos cambiantes. Tambi\u00e9n estamos monitoreando anuncios de entidades gubernamentales y departamentos de salud en las \u00e1reas en las que se encuentran las propiedades con la marca\u201d.<\/p>\n<p>A\u00f1adi\u00f3 que a nivel de centro tur\u00edstico, \u201cy con mucha precauci\u00f3n, hemos implementado varias pol\u00edticas y procedimientos nuevos m\u00e1s all\u00e1 de nuestros ya estrictos protocolos de salud y seguridad. Estas normas adicionales siguen las recomendaciones de los Centros para el Control y la Prevenci\u00f3n de Enfermedades (CDC) de EE. UU., La Organizaci\u00f3n Mundial de la Salud (OMS) y las Normas Internacionales de Cristal\u201d.<\/p>\n<p>\u201cPara los hu\u00e9spedes que pueden sentirse mal, tenemos protocolos detallados desarrollados en colaboraci\u00f3n con los est\u00e1ndares internacionales de Cristal. Y si en alg\u00fan momento un hu\u00e9sped se siente enfermo, se le pedir\u00e1 que regrese a su habitaci\u00f3n y se comunique con la recepci\u00f3n. El m\u00e9dico en el lugar vendr\u00e1 a la sala y evaluar\u00e1 la situaci\u00f3n\u201d, asegura <strong>Del Pe\u00f3n <\/strong>en la misiva.<\/p>\n<p>\u2730\u2730\u2730\u2730\u2730 \u201cSe prev\u00e9 en la industria hotelera disminuci\u00f3n en ingresos de 25 y 40 por ciento correspondiente a utilidades durante marzo, que para abril se desplomar\u00eda 26 por ciento en el indicador de ingresos y hasta 44 por ciento en las utilidades\u201d. As\u00ed lo asegur\u00f3 <strong>Braulio Arsuaga Losada<\/strong>, presidente del Consejo Nacional Empresarial Tur\u00edstico (CNET), quien agreg\u00f3 que la ca\u00edda en las utilidades se da de manera m\u00e1s acelerada y los ingresos, por compromisos financieros de la industria hotelera no se pueden dejar de cumplir\u201d.<\/p>\n<p>Asimismo, pidi\u00f3 a la autoridad del ramo, pr\u00f3rroga de seis meses en las declaraciones anuales de personas morales y f\u00edsicas con actividad empresarial; as\u00ed como en la presentaci\u00f3n de pagos provisionales tanto de IVA como de ISR y retenciones; adem\u00e1s en el pago de contribuciones sociales (IMSS e Infonavit). <strong>Arsuaga Losada <\/strong>dijo \u2014para el periodo de emergencia\u2014 no incrementar tarifas (luz, agua y combustible), para los siguientes 24 meses. Promover que el sistema de banca de desarrollo y comercial facilite tambi\u00e9n las pr\u00f3rrogas y restructuraciones de adeudos, as\u00ed como que se otorguen l\u00edneas de cr\u00e9dito a tasas competitivas y acelerar los procesos de devoluci\u00f3n de impuestos.<\/p>\n<p>De igual forma solicit\u00f3 exenci\u00f3n de derechos de uso del espacio a\u00e9reo mexicano, migratorios y pago de casetas que no est\u00e1n concesionadas durante seis meses. Superada la emergencia, dijo, \u201ces necesario deducci\u00f3n inmediata de construcciones y adquisici\u00f3n de activo fijo. Subsidio a los impuestos (IVA), con tasa cero por seis meses. Dirigir exclusivamente el impuesto al hospedaje para la difusi\u00f3n de imagen y promoci\u00f3n tur\u00edstica. Deducibilidad en consumos en<\/p>\n<p>restaurantes por un periodo de tiempo. Permitir que los pagos provisionales se hagan trimestralmente y creaci\u00f3n de grupo de trabajo para identificar los apoyos y medidas de todas las actividades del sector tur\u00edstico\u201d.\u2028Datos de la Secretar\u00eda de Turismo, se\u00f1ala que la ocupaci\u00f3n hotelera en los primeros cinco meses del a\u00f1o entre 2015 y 2019 se mantuvo entre 60 y 63 por ciento en el pa\u00eds, con 247 mil 595 habitaciones ocupadas el a\u00f1o pasado.<\/p>\n<p>Durante la reuni\u00f3n con los integrantes de la Conferencia Nacional de Gobernadores (Conago), <strong>Miguel Torruco Marqu\u00e9s<\/strong>. secretario de Turismo federal expres\u00f3 que prev\u00e9 baja de 0.5 puntos porcentuales, de 8.7 a 8.2 por ciento.\u2028En su oportunidad, <strong>Rafael Garc\u00eda Gonz\u00e1lez<\/strong>, presidente de la Asociaci\u00f3n de Hoteles de la Ciudad de M\u00e9xico, report\u00f3 p\u00e9rdidas por 200 millones de pesos en los seis primeros d\u00edas de declarada la emergencia sanitaria; esto por 18 mil habitaciones canceladas. Datos de la semana pasada que corresponden a 250 hoteles en la capital del pa\u00eds que se sumar\u00edan a la temporada baja que se avecina\u201d.<\/p>\n<p><em><span class=\"Apple-converted-space\"><a href=\"mailto:victoriagprado@gmail.com\" target=\"_blank\" rel=\"noopener noreferrer\">victoriagprado@gmail.com<\/a><br \/>\nTwitter: <a href=\"https:\/\/twitter.com\/victoriagprado\" target=\"_blank\" rel=\"noopener noreferrer\">@victoriagprado<\/a><\/span><\/em><\/p>\n","protected":false},"excerpt":{"rendered":"<p>Todas las noticias giran alrededor del Covid-19, ya no s\u00e9 cu\u00e1nto tiempo llevamos hablando de ello y, la verdad. llega el momento en que la informaci\u00f3n est\u00e1 de flojera, es repetitiva y en muchas ocasiones falsa.<\/p>\n","protected":false},"author":3,"featured_media":464673,"comment_status":"open","ping_status":"open","sticky":false,"template":"","format":"standard","meta":{"_monsterinsights_skip_tracking":false,"_monsterinsights_sitenote_active":false,"_monsterinsights_sitenote_note":"","_monsterinsights_sitenote_category":0,"footnotes":""},"categories":[11],"tags":[107,43674,106],"class_list":["post-464653","post","type-post","status-publish","format-standard","has-post-thumbnail","hentry","category-turismo","tag-de-cinco-estrellas","tag-opinion","tag-victoria-gonzalez-prado"],"_links":{"self":[{"href":"https:\/\/www.diarioimagen.net\/index.php?rest_route=\/wp\/v2\/posts\/464653","targetHints":{"allow":["GET"]}}],"collection":[{"href":"https:\/\/www.diarioimagen.net\/index.php?rest_route=\/wp\/v2\/posts"}],"about":[{"href":"https:\/\/www.diarioimagen.net\/index.php?rest_route=\/wp\/v2\/types\/post"}],"author":[{"embeddable":true,"href":"https:\/\/www.diarioimagen.net\/index.php?rest_route=\/wp\/v2\/users\/3"}],"replies":[{"embeddable":true,"href":"https:\/\/www.diarioimagen.net\/index.php?rest_route=%2Fwp%2Fv2%2Fcomments&post=464653"}],"version-history":[{"count":0,"href":"https:\/\/www.diarioimagen.net\/index.php?rest_route=\/wp\/v2\/posts\/464653\/revisions"}],"wp:featuredmedia":[{"embeddable":true,"href":"https:\/\/www.diarioimagen.net\/index.php?rest_route=\/wp\/v2\/media\/464673"}],"wp:attachment":[{"href":"https:\/\/www.diarioimagen.net\/index.php?rest_route=%2Fwp%2Fv2%2Fmedia&parent=464653"}],"wp:term":[{"taxonomy":"category","embeddable":true,"href":"https:\/\/www.diarioimagen.net\/index.php?rest_route=%2Fwp%2Fv2%2Fcategories&post=464653"},{"taxonomy":"post_tag","embeddable":true,"href":"https:\/\/www.diarioimagen.net\/index.php?rest_route=%2Fwp%2Fv2%2Ftags&post=464653"}],"curies":[{"name":"wp","href":"https:\/\/api.w.org\/{rel}","templated":true}]}}