{"id":464907,"date":"2020-03-25T00:09:30","date_gmt":"2020-03-25T06:09:30","guid":{"rendered":"https:\/\/www.diarioimagen.net\/?p=464907"},"modified":"2020-03-25T01:18:05","modified_gmt":"2020-03-25T07:18:05","slug":"sin-tests-navegar-a-ciegas-en-aguas-mortales","status":"publish","type":"post","link":"https:\/\/www.diarioimagen.net\/?p=464907","title":{"rendered":"Sin tests, navegar a ciegas en aguas mortales"},"content":{"rendered":"<h2>Poder y dinero<\/h2>\n<h5>V\u00edctor S\u00e1nchez Ba\u00f1os<\/h5>\n<p><em>\u00a0<\/em><\/p>\n<ul>\n<li><strong><em>\u00bfOcultan muertos por Covid-19?<\/em><\/strong><\/li>\n<li><strong><em>Historia de terror de una familia<\/em><\/strong><\/li>\n<li><strong><em>Vuelo 6403 de Iberia, 16 de marzo<\/em><\/strong><\/li>\n<li><strong><em>Saqueos en tiendas, ante vac\u00edo de poder<\/em><\/strong><\/li>\n<\/ul>\n<p><em>\u00a0<\/em><\/p>\n<p style=\"text-align: right;\"><em><strong>Casi todos los hombres mueren de sus remedios, no de sus enfermedades<\/strong><br \/>\nMoli\u00e8re, 1622-1673; escritor de comedia, franc\u00e9s.<\/em><\/p>\n<p>&nbsp;<\/p>\n<p>Pruebas, pruebas y m\u00e1s pruebas, es la clave para enfrentar el Covid-19. Adem\u00e1s, el aislamiento y la inteligencia sanitaria. No cuesta mucho dinero, por aquello de la burocracia cuenta chiles que est\u00e1 m\u00e1s preocupada por no gastar, para dedicar el dinero a comprar votos.<\/p>\n<p>Las pruebas r\u00e1pidas son m\u00e1s efectivas. En media hora se conoce si una persona esta infectada por el contagioso virus. Aunque estas no est\u00e1n al alcance de hospitales privados, ni de los p\u00fablicos, porque son caras, bien valen la pena.<\/p>\n<p>Los vir\u00f3logos que trabajaron con \u00e9xito en pa\u00edses con bajo nivel de contagio y a\u00fan menor de mortandad, recomienda, pruebas, aislamiento y control sanitario mediante sistemas de inteligencia virol\u00f3gica. En pocas palabras, creatividad y talento de quienes conocen el comportamiento de las patolog\u00edas virales; sin rollo mareador.<\/p>\n<p>Un ejemplo en M\u00e9xico, de Mar\u00eda Martha, una abogada de 61 a\u00f1os de edad que muri\u00f3 el lunes pasado a las 17 horas en el hospital \u00c1ngeles de la colonia Roma, en la Ciudad de M\u00e9xico, por \u201cCovid19\u201d, seg\u00fan el acta de defunci\u00f3n. Esto llama a la sospecha de ocultamiento de datos. El lunes el vocero de la pandemia, Hugo L\u00f3pez Gatell, no inform\u00f3 de esta muerte, ni en la ma\u00f1anera con L\u00f3pez Obrador.<\/p>\n<p>Ella, acompa\u00f1ada de su esposo y sus 4 hijos, viajaron a Europa los primeros d\u00edas de marzo. Estuvieron en Londres, Florencia y Madrid. En Italia, estuvieron confinados en un cuarto de hotel por cuatro d\u00edas, por las cuarentenas rigurosas que orden\u00f3 el gobierno de Giuseppe Conte. En Madrid empez\u00f3 a sentirse mal: muy d\u00e9bil, mareada, tos con flemas (a diferencia de los s\u00edntomas que se difunden que se trata de una tos seca).<\/p>\n<p>El lunes 16 de marzo tomaron un vuelo de Iberia con destino a M\u00e9xico. El aeropuerto de Barajas estaba atiborrado, sin protocolos sanitarios; lo mismo en el aeropuerto de la Ciudad de M\u00e9xico. Un d\u00eda despu\u00e9s, el 17 de marzo, sus familiares decidieron llevarla al ABC de Observatorio. Tras pagar una cuenta de 25 mil pesos, por una consulta y an\u00e1lisis, le recomendaron que se fuera a su casa, ya que los resultados de las pruebas los tendr\u00edan hasta 72 horas despu\u00e9s; o sea \u00a1tres d\u00edas!<\/p>\n<p>El viernes les mandaron un correo para informarles que les devolver\u00edan 2,500 pesos de los ex\u00e1menes y que le har\u00edan otros, pero deber\u00eda esperar entre 5 y 7 d\u00edas. Ese d\u00eda llamaron a Locatel, donde se comprometieron en enviarles un m\u00e9dico que nunca lleg\u00f3. Buscaron a la jefa de Epidemiolog\u00eda del Gobierno Federal, y al hablar con ella, les contest\u00f3 que no pod\u00eda hacer nada. Despu\u00e9s los busc\u00f3 la directora de epidemiolog\u00eda de la alcald\u00eda Benito Ju\u00e1rez, quien prometi\u00f3 enviarles un m\u00e9dico, que tampoco lleg\u00f3.<\/p>\n<p>Rafael, decidi\u00f3 entonces llevarla al Hospital \u00c1ngeles de la Roma, pero Mar\u00eda Martha ya estaba muy d\u00e9bil tras luchar varios d\u00edas contra el virus. Ah\u00ed la neum\u00f3loga, Virginia Hern\u00e1ndez, la atendi\u00f3 con escr\u00fapulo cient\u00edfico y m\u00e9dico. Le hicieron pruebas y detectaron que la abogada ten\u00eda coronavirus. El resultado del INDRE lleg\u00f3 cuando ella hab\u00eda fallecido.<\/p>\n<p>Este reportero tiene copia del acta de defunci\u00f3n donde especifica que la muerte de Mar\u00eda Martha hab\u00eda sido por SARS-Co-V2 RNA PCR CUALITATIVO (Covid-19). Esta informaci\u00f3n se report\u00f3 de inmediato a la Secretar\u00eda de Salud, pero no fue aplicada en la estad\u00edstica del d\u00eda lunes, ni de ayer por la ma\u00f1ana.<\/p>\n<p>Rafael pide a quienes tuvieron contacto con su esposa y que viajaron en el vuelo 6403 de Iberia de Madrid a M\u00e9xico, el 16 de marzo, se hagan pruebas y se atiendan ante esta terrible enfermedad.<\/p>\n<p><strong>PODEROSOS CABALLEROS: <\/strong>Servicios de Extracci\u00f3n Petrolera Lifting de M\u00e9xico, filial de Grupo Cotemar M\u00e9xico, anunci\u00f3 que obtuvo la aprobaci\u00f3n de la Comisi\u00f3n Nacional de Hidrocarburos para explorar el pozo terrestre Paso de Oro-2DEL, ubicado en el estado de Veracruz. Invertir\u00e1 m\u00e1s de 17.4 millones de d\u00f3lares, de los cuales 14.8 millones se destinar\u00e1n a la fase de perforaci\u00f3n y 2.6 millones a la fase de abandono del pozo. Servicios de Extracci\u00f3n Petrolera Lifting de M\u00e9xico es la \u00fanica empresa de exploraci\u00f3n y producci\u00f3n de hidrocarburos en tierra, 100% mexicana. La exploraci\u00f3n del pozo terrestre Paso de Oro-2DEL busca alcanzar el objetivo del cret\u00e1cico inferior donde, de acuerdo con la investigaci\u00f3n geol\u00f3gica, es posible encontrar petr\u00f3leo crudo equivalente a 25 millones de barriles, as\u00ed como aceite de 17 a 20 grados API. La perforaci\u00f3n de Paso de Oro-2DEL iniciar\u00e1 el 1 de abril y terminar\u00e1 en junio pr\u00f3ximo. *** Vaya forma de retar a las autoridades. En varias partes del Estado de M\u00e9xico, especialmente en Tec\u00e1mac y Ecatepec, amenazan con saquear tiendas de autoservicio y lo cumplen los delincuentes. El gobierno estatal, de Alfredo del Mazo, queda pasmado y no hace nada. Se ven impotentes. Ni el \u201cchapul\u00edn colorado\u201d podr\u00e1 defender el Estado de Derecho.<\/p>\n<p>&nbsp;<\/p>\n<blockquote>\n<p style=\"text-align: right;\"><strong>Esc\u00fachame de lunes a viernes, de 21 a 22 horas,<br \/>\nen \u201cV\u00edctor S\u00e1nchez Ba\u00f1os en MVS\u201d<\/strong><\/p>\n<\/blockquote>\n<p>&nbsp;<\/p>\n<p><a href=\"https:\/\/mvsnoticias.com\/\" target=\"_blank\" rel=\"noopener noreferrer\"><em>MVSnoticias.com<\/em><\/a><br \/>\n<a href=\"http:\/\/poderydinero.mx\" target=\"_blank\" rel=\"noopener noreferrer\"><em>poderydinero.mx<\/em><\/a><em><b><br \/>\n<\/b><a href=\"mailto:vsb@poderydinero.mx\" target=\"_blank\" rel=\"noopener noreferrer\">vsb@poderydinero.mx<\/a><a href=\"mailto:vsanchezb@gmail.com\" target=\"_blank\" rel=\"noopener noreferrer\"><br \/>\n<\/a><strong>Twitter:<\/strong><a href=\"https:\/\/twitter.com\/vsanchezbanos\" target=\"_blank\" rel=\"noopener noreferrer\">@vsanchezbanos<br \/>\n<\/a><strong>Facebook: <\/strong><a href=\"https:\/\/www.facebook.com\/vsanchezbanos?fref=ts\" target=\"_blank\" rel=\"noopener noreferrer\">vsanchezbanos<\/a><\/em><\/p>\n","protected":false},"excerpt":{"rendered":"<p><span style=\"color: #005497;\"><strong>V\u00edctor S\u00e1nchez Ba\u00f1os<\/strong><\/span><\/p>\n","protected":false},"author":3,"featured_media":0,"comment_status":"open","ping_status":"open","sticky":false,"template":"","format":"standard","meta":{"_monsterinsights_skip_tracking":false,"_monsterinsights_sitenote_active":false,"_monsterinsights_sitenote_note":"","_monsterinsights_sitenote_category":0,"footnotes":""},"categories":[38844],"tags":[43674,38847,38848],"class_list":["post-464907","post","type-post","status-publish","format-standard","hentry","category-victor-sanchez-banos","tag-opinion","tag-poder-y-dinero","tag-victor-sanchez-banos"],"_links":{"self":[{"href":"https:\/\/www.diarioimagen.net\/index.php?rest_route=\/wp\/v2\/posts\/464907","targetHints":{"allow":["GET"]}}],"collection":[{"href":"https:\/\/www.diarioimagen.net\/index.php?rest_route=\/wp\/v2\/posts"}],"about":[{"href":"https:\/\/www.diarioimagen.net\/index.php?rest_route=\/wp\/v2\/types\/post"}],"author":[{"embeddable":true,"href":"https:\/\/www.diarioimagen.net\/index.php?rest_route=\/wp\/v2\/users\/3"}],"replies":[{"embeddable":true,"href":"https:\/\/www.diarioimagen.net\/index.php?rest_route=%2Fwp%2Fv2%2Fcomments&post=464907"}],"version-history":[{"count":0,"href":"https:\/\/www.diarioimagen.net\/index.php?rest_route=\/wp\/v2\/posts\/464907\/revisions"}],"wp:attachment":[{"href":"https:\/\/www.diarioimagen.net\/index.php?rest_route=%2Fwp%2Fv2%2Fmedia&parent=464907"}],"wp:term":[{"taxonomy":"category","embeddable":true,"href":"https:\/\/www.diarioimagen.net\/index.php?rest_route=%2Fwp%2Fv2%2Fcategories&post=464907"},{"taxonomy":"post_tag","embeddable":true,"href":"https:\/\/www.diarioimagen.net\/index.php?rest_route=%2Fwp%2Fv2%2Ftags&post=464907"}],"curies":[{"name":"wp","href":"https:\/\/api.w.org\/{rel}","templated":true}]}}