{"id":465019,"date":"2020-03-27T00:01:17","date_gmt":"2020-03-27T06:01:17","guid":{"rendered":"https:\/\/www.diarioimagen.net\/?p=465019"},"modified":"2020-03-27T04:21:38","modified_gmt":"2020-03-27T10:21:38","slug":"como-gesto-de-solidaridad-y-esperanza-wmexicocity-enciende-sus-habitaciones-para-formar-la-silueta-de-un-corazon","status":"publish","type":"post","link":"https:\/\/www.diarioimagen.net\/?p=465019","title":{"rendered":"Como gesto de solidaridad y esperanza <em>@wmexicocity<\/em> enciende sus habitaciones para formar la silueta de un coraz\u00f3n"},"content":{"rendered":"<h2>De cinco estrellas<\/h2>\n<h5>Victoria Gonz\u00e1lez Prado<\/h5>\n<p>&nbsp;<\/p>\n<ul>\n<li><em><strong>Aerom\u00e9xico ajusta operaciones debido a cierre de fronteras, restricciones en algunos pa\u00edses y poca demanda<\/strong><\/em><\/li>\n<li><strong>#RaiseYourSpirits<\/strong><em><strong> (levanta el esp\u00edritu) + 3 millones de d\u00f3lares iniciativa de <\/strong><\/em><strong>Bacardi Limited<\/strong><em><strong> en apoyo a bares y restaurantes debilitados por cierres<\/strong><\/em><\/li>\n<li><em><strong>Luis Noriega Benet, presidente de la C\u00e1mara Nacional de Aerotransportes pidi\u00f3 al gobierno mexicano ayuda para las aerol\u00edneas ante la crisis<\/strong><\/em><\/li>\n<\/ul>\n<p>&nbsp;<\/p>\n<div id=\"attachment_465084\" style=\"width: 310px\" class=\"wp-caption alignleft\"><a href=\"https:\/\/www.diarioimagen.net\/?attachment_id=465084\" rel=\"attachment wp-att-465084\"><img loading=\"lazy\" decoding=\"async\" aria-describedby=\"caption-attachment-465084\" class=\" wp-image-465084\" src=\"https:\/\/www.diarioimagen.net\/wp-content\/uploads\/2020\/03\/tuirsmo-1-305x460.jpg\" alt=\"\" width=\"300\" height=\"452\" srcset=\"https:\/\/www.diarioimagen.net\/wp-content\/uploads\/2020\/03\/tuirsmo-1-305x460.jpg 305w, https:\/\/www.diarioimagen.net\/wp-content\/uploads\/2020\/03\/tuirsmo-1-159x240.jpg 159w, https:\/\/www.diarioimagen.net\/wp-content\/uploads\/2020\/03\/tuirsmo-1.jpg 464w\" sizes=\"auto, (max-width: 300px) 100vw, 300px\" \/><\/a><p id=\"caption-attachment-465084\" class=\"wp-caption-text\">Corazones de esperanza.<\/p><\/div>\n<p>En esta \u00e9poca de incertidumbre, en M\u00e9xico y en el mundo el amor por la hospitalidad alumbra nuestros corazones con im\u00e1genes de hoteles iluminados&#8230;<\/p>\n<p>Como gesto de solidaridad y esperanza<em> @wmexicocity<\/em> enciende sus habitaciones para formar la silueta de un coraz\u00f3n, como mensaje de \u00e1nimo y fuerza para salir adelante de esta adversidad, confiados de que este pa\u00eds y la fortaleza inquebrantable de su gente triunfar\u00e1n.<\/p>\n<p>Por el bien de los que m\u00e1s queremos: <em>#StayAtHome,\u00a0 #QuedateEnCasa #LaUnionHaceLaFuerza<\/em>.<\/p>\n<p>\u2730\u2730\u2730\u2730\u2730 Ante la situaci\u00f3n derivada por el Covid-19 Aerom\u00e9xico ajusta operaciones. En el caso de Asia, suspende vuelos a Se\u00fal y reinicia el 8 de abril con dos vuelos a la semana. Tokio se reduce a tres o cuatro frecuencias semanales hasta el 31 de mayo.<\/p>\n<p>Los vuelos a Canad\u00e1 \u2013Montreal, Toronto y Vancouver\u2014 se reducen a siete semanales por destino del 23 al 29 de marzo.<\/p>\n<p>La Habana, suspendido hasta el 7 de abril y Santo Domingo, hasta el 30 de abril.<\/p>\n<p>Quedan suspendidos: Guatemala, hasta el 15 de abril, San Salvador, 30 de abril, San Pedro Sula y San Jos\u00e9, ambos hasta el 15 de abril.<\/p>\n<p>En el caso de Europa las operaciones de la aerol\u00ednea est\u00e1n suspendidas hasta el 30 de abril pr\u00f3ximo y se redujeron los vuelos semanales: \u00c1msterdam, cinco; Barcelona, tres; Par\u00eds, siete; Londres, cinco y Madrid siete frecuencias.<\/p>\n<p>A Sudam\u00e9rica se suspenden: Bogot\u00e1, y Medell\u00edn, hasta el 22 de abril; Buenos Aires, y Lima hasta el 15 de abril; Santiago y Quito, el 15 de abril. Sao Paulo, se reduce tres o cuatro frecuencias semanales hasta el 30 de abril,<\/p>\n<p>A Uni\u00f3n Americana desde la Ciudad de M\u00e9xico se reducen cinco frecuencias semanales a Austin y Dallas Fort Worth; Denver, tres frecuencias; Houston, 14, Las Vegas, cuatro; Los \u00c1ngeles, tres; Miami, 10; Nueva York, 14, Orlando, cinco, San Antonio, cinco, San Francisco, siete y Seattle cinco frecuencias semanales.<\/p>\n<p>Estados Unidos saliendo de Monterrey a Nueva York se redujo a cinco frecuencias semanales, Las Vegas suspendido hasta el 30 de abril y Los \u00c1ngeles se redujo a cinco frecuencias semanales. Saliendo de Guadalajara a Los \u00c1ngeles se redujo a seis frecuencias semanales; saliendo de Le\u00f3n a Detroit suspendido hasta el 30 de abril y saliendo de Quer\u00e9taro a Detroit, suspendido hasta el 30 de abril.<\/p>\n<p>Por lo que se refiere a las operaciones dom\u00e9sticas, saliendo de la Ciudad de M\u00e9xico a: Acapulco, Ciudad Ju\u00e1rez, Durango, Huatulco, Ixtapa, Manzanillo, Mazatl\u00e1n, Mexicali, Minatitl\u00e1n, Reynosa, Tampico, Tapachula y Zacatecas, dos frecuencias diarias.<\/p>\n<p>Chihuahua, Culiac\u00e1n, Hermosillo, Puerto Vallarta, Torre\u00f3n y Tuxtla Guti\u00e9rrez, cuatro frecuencias diarias; M\u00e9rida y Tijuana, seis frecuencias y Canc\u00fan, Guadalajara y Monterrey, nieve frecuencias diarias.<\/p>\n<p>Saliendo de Monterrey a Chihuahua, Hermosillo, Le\u00f3n y Puebla, una frecuencias diaria; Guadalajara y Quer\u00e9taro, dos diarias, Ciudad de M\u00e9xico, nueve diarias y el vuelo a San Luis Potos\u00ed se suspende.<\/p>\n<p>Adem\u00e1s la aerol\u00ednea contin\u00faa implementando: pol\u00edticas de flexibilidad para realizar\u00a0 (Pol\u00edticas \u2028de flexibilidad). Se pueden realizar cambios y reservaciones en las Tiendas de viaje de la compa\u00f1\u00eda a\u00e9rea\u00a0 e en la agencia de su preferencia.<\/p>\n<p>\u2730\u2730\u2730\u2730\u2730 La empresa privada de destilados <em>Bacard\u00ed Limited<\/em>, lanza #<em>RaiseYourSpirits <\/em>(levanta el esp\u00edritu), iniciativa para apoyar a bares y restaurantes debilitados por los cierres ocasionados por el Covid-19.<\/p>\n<p>Las marcas de la empresa se comprometen a donar 3 millones d\u00f3lares en apoyo financiero y otros alivios para aquellos en la primera l\u00ednea de nuestra industria.\u00a0 Esta donaci\u00f3n es adicional al mill\u00f3n de d\u00f3lares comprometido por la marca de tequila hace unos d\u00edas.<\/p>\n<p>Existen ONGs establecidas que est\u00e1n aportando alivio r\u00e1pidamente para aquellos en nuestra industria afectados por esta pandemia. Algunas de las organizaciones con las que estamos trabajando son:<em> Another Round, Another Rally<\/em>;\u00a0<em>CORE<\/em>; <em>James Beard Foundation<\/em>;\u00a0<em>Restaurant Workers\u2019 Community Foundation;\u00a0y Tales of the Cocktail.<\/em><\/p>\n<p>Al ser nuestro negocio inherentemente local, muchos de nuestros esfuerzos alrededor del mundo son a nivel base, apoyando a bares y cantineros en los pa\u00edses, ciudades y barrios para aportar apoyo financiero, comidas y otras necesidades a los socios que lo requieren.<\/p>\n<p>Equipos de la compa\u00f1\u00eda trabajan para identificar m\u00e1s formas en las cuales puedan asistir a la comunidad. Esperan mayor alcance y activaciones en el futuro pr\u00f3ximo. Equipos locales, marcas y personas se comprometen a dar la mano en la medida en la que vaya evolucionando durante la pandemia. Por favor sigan <strong>#<\/strong>RaiseYourSpirits en I<em>nstagram<\/em> para unirse a este viaje.<\/p>\n<p><strong>Mahesh Madhavan<\/strong>, CEO de <em>Bacard\u00ed Limited <\/em>dijo: \u201cno tenemos todas las respuestas de la mejor forma de ayudar en todas partes, pero nos comprometemos a hacer lo que podamos para que nuestra industria atraviese esta crisis. Pueden ser d\u00edas oscuros para bares y restaurantes, pero estoy seguro que cuando salgamos, la gente emerger\u00e1 del aislamiento con renovado entusiasmo para vivir al m\u00e1ximo y celebrar junto con amigos y familias\u201d.<\/p>\n<p>\u2730\u2730\u2730\u2730\u2730 <strong>Luis Noriega Benet<\/strong>, presidente de la C\u00e1mara Nacional de Aerotransportes (Canaero), pidi\u00f3 al gobierno mexicano ayuda para las aerol\u00edneas ante la crisis por Coronavirus, que estima causar\u00e1 p\u00e9rdidas a las empresas nacionales por m\u00e1s de 30 mil millones de pesos, por lo que ya hubo reuniones con la Secretar\u00eda de Comunicaciones y Transportes (SCT), y la Secretar\u00eda de Hacienda y Cr\u00e9dito P\u00fablico (SHCP), para solicitar medidas espec\u00edficas de apoyo como diferimiento del pago del ISR durante seis meses sin penalizaciones, exenciones en el pago de la Tarifa de Uso Aeroportuario (TUA), por al menos 30 meses.<\/p>\n<p>Las consecuencias de la pandemia para el transporte a\u00e9reo podr\u00edan ser las m\u00e1s graves de la historia de la aviaci\u00f3n y casi todas las l\u00edneas a\u00e9reas sufrir\u00e1n dif\u00edcil situaci\u00f3n financiera.<\/p>\n<p>&nbsp;<\/p>\n<blockquote>\n<p style=\"text-align: right;\"><strong>\u00a0<\/strong><strong>\u201cEl \u00e1ngel de la fama tiene sus alas hechas de papel&#8230; peri\u00f3dico\u201d.<\/strong><\/p>\n<\/blockquote>\n<p>&nbsp;<\/p>\n<p><em><span class=\"Apple-converted-space\"><a href=\"mailto:victoriagprado@gmail.com\" target=\"_blank\" rel=\"noopener noreferrer\">victoriagprado@gmail.com<\/a><br \/>\nTwitter: <a href=\"https:\/\/twitter.com\/victoriagprado\" target=\"_blank\" rel=\"noopener noreferrer\">@victoriagprado<\/a><\/span><\/em><\/p>\n","protected":false},"excerpt":{"rendered":"<p>En esta \u00e9poca de incertidumbre, en M\u00e9xico y en el mundo el amor por la hospitalidad alumbra nuestros corazones con im\u00e1genes de hoteles iluminados&#8230;<\/p>\n","protected":false},"author":3,"featured_media":465085,"comment_status":"open","ping_status":"open","sticky":false,"template":"","format":"standard","meta":{"_monsterinsights_skip_tracking":false,"_monsterinsights_sitenote_active":false,"_monsterinsights_sitenote_note":"","_monsterinsights_sitenote_category":0,"footnotes":""},"categories":[11],"tags":[107,43674,43681,106],"class_list":["post-465019","post","type-post","status-publish","format-standard","has-post-thumbnail","hentry","category-turismo","tag-de-cinco-estrellas","tag-opinion","tag-turismo","tag-victoria-gonzalez-prado"],"_links":{"self":[{"href":"https:\/\/www.diarioimagen.net\/index.php?rest_route=\/wp\/v2\/posts\/465019","targetHints":{"allow":["GET"]}}],"collection":[{"href":"https:\/\/www.diarioimagen.net\/index.php?rest_route=\/wp\/v2\/posts"}],"about":[{"href":"https:\/\/www.diarioimagen.net\/index.php?rest_route=\/wp\/v2\/types\/post"}],"author":[{"embeddable":true,"href":"https:\/\/www.diarioimagen.net\/index.php?rest_route=\/wp\/v2\/users\/3"}],"replies":[{"embeddable":true,"href":"https:\/\/www.diarioimagen.net\/index.php?rest_route=%2Fwp%2Fv2%2Fcomments&post=465019"}],"version-history":[{"count":0,"href":"https:\/\/www.diarioimagen.net\/index.php?rest_route=\/wp\/v2\/posts\/465019\/revisions"}],"wp:featuredmedia":[{"embeddable":true,"href":"https:\/\/www.diarioimagen.net\/index.php?rest_route=\/wp\/v2\/media\/465085"}],"wp:attachment":[{"href":"https:\/\/www.diarioimagen.net\/index.php?rest_route=%2Fwp%2Fv2%2Fmedia&parent=465019"}],"wp:term":[{"taxonomy":"category","embeddable":true,"href":"https:\/\/www.diarioimagen.net\/index.php?rest_route=%2Fwp%2Fv2%2Fcategories&post=465019"},{"taxonomy":"post_tag","embeddable":true,"href":"https:\/\/www.diarioimagen.net\/index.php?rest_route=%2Fwp%2Fv2%2Ftags&post=465019"}],"curies":[{"name":"wp","href":"https:\/\/api.w.org\/{rel}","templated":true}]}}