{"id":465034,"date":"2020-03-27T00:03:34","date_gmt":"2020-03-27T06:03:34","guid":{"rendered":"https:\/\/www.diarioimagen.net\/?p=465034"},"modified":"2020-03-27T05:49:00","modified_gmt":"2020-03-27T11:49:00","slug":"brinda-naucalpan-cubrebocas-y-gel-antibacterial-a-locatarios-de-mercado","status":"publish","type":"post","link":"https:\/\/www.diarioimagen.net\/?p=465034","title":{"rendered":"Brinda Naucalpan cubrebocas y gel antibacterial a locatarios de mercado"},"content":{"rendered":"<ul>\n<li><strong><em>Para prevenir propagaci\u00f3n del coronavirus<\/em><\/strong><\/li>\n<\/ul>\n<p>&nbsp;<\/p>\n<div id=\"attachment_465107\" style=\"width: 470px\" class=\"wp-caption aligncenter\"><a href=\"https:\/\/www.diarioimagen.net\/?attachment_id=465107\" rel=\"attachment wp-att-465107\"><img loading=\"lazy\" decoding=\"async\" aria-describedby=\"caption-attachment-465107\" class=\"size-large wp-image-465107\" src=\"https:\/\/www.diarioimagen.net\/wp-content\/uploads\/2020\/03\/naucalpan-11-460x259.jpg\" alt=\"\" width=\"460\" height=\"259\" srcset=\"https:\/\/www.diarioimagen.net\/wp-content\/uploads\/2020\/03\/naucalpan-11-460x259.jpg 460w, https:\/\/www.diarioimagen.net\/wp-content\/uploads\/2020\/03\/naucalpan-11-240x135.jpg 240w, https:\/\/www.diarioimagen.net\/wp-content\/uploads\/2020\/03\/naucalpan-11-235x132.jpg 235w, https:\/\/www.diarioimagen.net\/wp-content\/uploads\/2020\/03\/naucalpan-11-202x114.jpg 202w, https:\/\/www.diarioimagen.net\/wp-content\/uploads\/2020\/03\/naucalpan-11-350x196.jpg 350w, https:\/\/www.diarioimagen.net\/wp-content\/uploads\/2020\/03\/naucalpan-11-220x123.jpg 220w, https:\/\/www.diarioimagen.net\/wp-content\/uploads\/2020\/03\/naucalpan-11-237x132.jpg 237w, https:\/\/www.diarioimagen.net\/wp-content\/uploads\/2020\/03\/naucalpan-11.jpg 480w\" sizes=\"auto, (max-width: 460px) 100vw, 460px\" \/><\/a><p id=\"caption-attachment-465107\" class=\"wp-caption-text\">El gobierno de Naucalpan reparti\u00f3 m\u00e1s de mil 500 cubrebocas y botellas de gel antibacterial a locatarios del Mercado de San Bartolo.<\/p><\/div>\n<p>&nbsp;<\/p>\n<p><strong>Naucalpan, Estado de M\u00e9xico.-<\/strong> La Secretar\u00eda de Desarrollo Econ\u00f3mico de Naucalpan reparti\u00f3 m\u00e1s de mil 500 cubrebocas y botellas de gel antibacterial a locatarios del Mercado de San Bartolo, para prevenir la propagaci\u00f3n del coronavirus entre comerciantes y clientes.<\/p>\n<p>Lo anterior, en atenci\u00f3n al acuerdo del Consejo Municipal de Emergencias para la Atenci\u00f3n del Coronavirus COVID-19, en cuyas sesiones, realizadas por videoconferencia, se instruy\u00f3 dotar de estas herramientas a quienes laboran en los centros de abasto.<\/p>\n<p>El jefe de Mercados, Guillermo Ortega Ram\u00edrez, se\u00f1al\u00f3 que esta labor conjunta con la Direcci\u00f3n de Participaci\u00f3n Ciudadana se replicar\u00e1 en los 41 mercados del territorio municipal.<\/p>\n<p>Puntualiz\u00f3 que se ha instado a los comerciantes a reducir el n\u00famero de trabajadores en cada local, a fin de evitar el contagio de COVID-19, adem\u00e1s de maximizar las medidas sanitarias.<\/p>\n<p>\u00abLa Presidenta Municipal, Patricia Dur\u00e1n Reveles, y el Secretario de Desarrollo Econ\u00f3mico, Alfredo Vinalay, est\u00e1n preocupados por la contingencia y las medidas que necesitamos adoptar ante el contagio por COVID-19, por eso se han tomado las medidas necesarias para disminuir el riesgo de contagio.<\/p>\n<p>\u00abEsta actividad se llevar\u00e1 a los 41 mercados de Naucalpan, a\u00fan tenemos lugar en donde repartir y estamos invitando a los locatarios a disminuir el n\u00famero de trabajadores al m\u00ednimo, como medida precautoria\u00bb, dijo Ortega Ram\u00edrez.<\/p>\n<p>Afirm\u00f3 que tambi\u00e9n se han colocado carteles con recomendaciones sanitarias en puntos de alta visibilidad del Mercado.<\/p>\n<p>De igual forma, asegur\u00f3 que los mercados continuar\u00e1n ofreciendo servicio en su horario normal durante la contingencia e invit\u00f3 a la ciudadan\u00eda a realizar sus compras en comercios locales, a fin de incentivar la econom\u00eda dentro de la demarcaci\u00f3n.<\/p>\n","protected":false},"excerpt":{"rendered":"<p>La Secretar\u00eda de Desarrollo Econ\u00f3mico de Naucalpan reparti\u00f3 m\u00e1s de mil 500 cubrebocas y botellas de gel antibacterial a locatarios del Mercado de San Bartolo, para prevenir la propagaci\u00f3n del coronavirus entre comerciantes y clientes.<\/p>\n","protected":false},"author":3,"featured_media":465107,"comment_status":"open","ping_status":"open","sticky":false,"template":"","format":"standard","meta":{"_monsterinsights_skip_tracking":false,"_monsterinsights_sitenote_active":false,"_monsterinsights_sitenote_note":"","_monsterinsights_sitenote_category":0,"footnotes":""},"categories":[5],"tags":[43675,90765,970],"class_list":["post-465034","post","type-post","status-publish","format-standard","has-post-thumbnail","hentry","category-estado-de-mexico","tag-estado-de-mexico","tag-gel-antibacterial","tag-naucalpan"],"_links":{"self":[{"href":"https:\/\/www.diarioimagen.net\/index.php?rest_route=\/wp\/v2\/posts\/465034","targetHints":{"allow":["GET"]}}],"collection":[{"href":"https:\/\/www.diarioimagen.net\/index.php?rest_route=\/wp\/v2\/posts"}],"about":[{"href":"https:\/\/www.diarioimagen.net\/index.php?rest_route=\/wp\/v2\/types\/post"}],"author":[{"embeddable":true,"href":"https:\/\/www.diarioimagen.net\/index.php?rest_route=\/wp\/v2\/users\/3"}],"replies":[{"embeddable":true,"href":"https:\/\/www.diarioimagen.net\/index.php?rest_route=%2Fwp%2Fv2%2Fcomments&post=465034"}],"version-history":[{"count":0,"href":"https:\/\/www.diarioimagen.net\/index.php?rest_route=\/wp\/v2\/posts\/465034\/revisions"}],"wp:featuredmedia":[{"embeddable":true,"href":"https:\/\/www.diarioimagen.net\/index.php?rest_route=\/wp\/v2\/media\/465107"}],"wp:attachment":[{"href":"https:\/\/www.diarioimagen.net\/index.php?rest_route=%2Fwp%2Fv2%2Fmedia&parent=465034"}],"wp:term":[{"taxonomy":"category","embeddable":true,"href":"https:\/\/www.diarioimagen.net\/index.php?rest_route=%2Fwp%2Fv2%2Fcategories&post=465034"},{"taxonomy":"post_tag","embeddable":true,"href":"https:\/\/www.diarioimagen.net\/index.php?rest_route=%2Fwp%2Fv2%2Ftags&post=465034"}],"curies":[{"name":"wp","href":"https:\/\/api.w.org\/{rel}","templated":true}]}}