{"id":465049,"date":"2020-03-27T00:04:12","date_gmt":"2020-03-27T06:04:12","guid":{"rendered":"https:\/\/www.diarioimagen.net\/?p=465049"},"modified":"2020-03-27T01:12:58","modified_gmt":"2020-03-27T07:12:58","slug":"danos-irreversibles-a-la-economia","status":"publish","type":"post","link":"https:\/\/www.diarioimagen.net\/?p=465049","title":{"rendered":"Da\u00f1os irreversibles a la econom\u00eda"},"content":{"rendered":"<h2>Punto por punto<\/h2>\n<h5>Augusto Corro<\/h5>\n<p>&nbsp;<\/p>\n<p>\u00bfDe qu\u00e9 dimensiones ser\u00e1n los da\u00f1os a la econom\u00eda que dejar\u00e1 a su paso la pandemia del coronavirus (Covid-19)?<\/p>\n<p>Pues nos esperan tiempos dif\u00edciles. Habr\u00e1 cambios radicales en la econom\u00eda mundial y los m\u00e1s afectados ser\u00e1n los millones de pobres que habitan el\u00a0 planeta.<\/p>\n<p>En M\u00e9xico, que arrastra problemas econ\u00f3micos, la situaci\u00f3n ser\u00e1 compleja. El cierre de empresas y comercios y la falta de empleos no auguran nada bueno.<\/p>\n<p>\u00bfSer\u00e1n suficientes las medidas que aplicar\u00e1n los gobiernos para salvar la econom\u00eda? Parece que no.<\/p>\n<p>Una sociedad paralizada en sus actividades provocar\u00e1 carencia de recursos y las demandas b\u00e1sicas de supervivencia no tendr\u00e1n respuesta.<\/p>\n<p>Las autoridades anunciaron ya los apoyos a las personas m\u00e1s vulnerables para que enfrenten las crisis de la pandemia de coronavirus.<\/p>\n<p>\u00bfPara cu\u00e1ntos d\u00edas alcanzar\u00e1n esos recursos de supervivencia?<\/p>\n<p>Porque las medidas de recuperaci\u00f3n ser\u00e1n insuficientes. En M\u00e9xico alrededor de 52 millones de pobres esperan el milagro que los coloque en mejores condiciones de vida.<\/p>\n<p>En M\u00e9xico, antes de la llegada del coronavirus ya empezaba a paralizarse la econom\u00eda, pues entre otros problemas surgi\u00f3 la ca\u00edda del precio del petr\u00f3leo.<\/p>\n<p>Y ya inmersos en la crisis se present\u00f3 la devaluaci\u00f3n del peso frente al d\u00f3lar. El impacto en la econom\u00eda fue demoledor.<\/p>\n<p>Las autoridades anunciaron medidas para sortear la crisis, pero debe entenderse que de ninguna manera se erradicar\u00e1 el problema de la pobreza. \u00c9ste seguir\u00e1 presente.<\/p>\n<p>El gobierno ya empez\u00f3 a proporcionar recursos para superar el problema de la pandemia a peque\u00f1os comerciantes, taxistas y comercios de comestibles, entre otros. Por cierto, \u00bfc\u00f3mo se atender\u00e1 a los trabajadores despedidos?<\/p>\n<p>Son medidas paliativas. El verdadero problema lo representar\u00e1n los millones de personas que se quedar\u00e1n sin trabajo, debido a los ajustes obligados en la econom\u00eda, derivados de la lucha contra el coronavirus.<\/p>\n<p>A grandes rasgos la incertidumbre en la econom\u00eda se agudiza.<\/p>\n<p>\u00bfDe d\u00f3nde se sacar\u00e1n los recursos millonarios para amortiguar los da\u00f1os a la econom\u00eda?<\/p>\n<p>Como se sabe, algunos empresarios se pusieron las pilas y ofrecieron cooperar con aportaciones millonarias en pesos para enfrentar la crisis.<\/p>\n<p>Claro que es una actitud que recibe el aplauso de propios y extra\u00f1os; ojal\u00e1 y el ejemplo tan positivo se repita con otros hombres ricos que s\u00ed pueden hacerlo.<\/p>\n<p>Es importante que tengan presente todos que vamos en el mismo barco.<\/p>\n<p>Lo que m\u00e1s nos conviene a los mexicanos es demostrar que la unidad es una de las armas principales para enfrentar, controlar y contener la pandemia del Covid-19.<\/p>\n<p>En ese sentido, quienes formamos parte de la sociedad tenemos que ofrecer lo mejor de nosotros mismos (unidad-solidaridad-empat\u00eda) para hacer m\u00e1s llevadera esta situaci\u00f3n de temor e impotencia ante la invasi\u00f3n del coronavirus que nos tom\u00f3 por sorpresa.<\/p>\n<p style=\"text-align: center;\"><strong>La recomendaci\u00f3n diaria<\/strong><\/p>\n<p>Por favor, estimado lector, le recordamos que contin\u00fae con su rutina diaria de higiene para rechazar al Covid-19.<\/p>\n<p>&#8211; Lavarse las manos perfectamente con jab\u00f3n y agua.<\/p>\n<p>&#8211; Estornudar y toser cubiertos con el antebrazo.<\/p>\n<p>&#8211; No saludo de manos, ni besos.<\/p>\n<p>&#8211; Guardar la sana distancia para evitar el contagio.<\/p>\n<p>&#8211; Mantenerse en casa, solo salir a la calles si es muy necesario.<\/p>\n<p>Repito: ahora m\u00e1s que nunca debemos colaborar con las autoridades, respetar las medidas antivirales, cuidarnos lo mejor podamos, principalmente aquellos con problemas de salud cr\u00f3nicos, como obesidad y diabetes, etc.<\/p>\n<p>Y en la \u201ccuarentena\u201d aprovechar el tiempo para leer. Nada mejor que sentirse tranquilo, confiado, en medio de la tormenta que acompa\u00f1ado de un buen libro.<\/p>\n<p>\u00bfCu\u00e1les? Los libros de cultura b\u00e1sica: \u201cDon Quijote de la Mancha\u201d, de Miguel de Cervantes. Usted dir\u00e1 que es un tanto dif\u00edcil su lectura porque hay muchas palabras del espa\u00f1ol antiguo y que constantemente se tiene que recurrir al diccionario.<\/p>\n<p>Le sugiero conseguir el libro mencionado puesto en castellano actual por el escritor Andr\u00e9s Trapiello. Casi se lee de corrido, pues produce una gran alegr\u00eda. Se tratar\u00eda de la novela recomendada.<\/p>\n<p>Si quiere adentrarse en el cuento, nadie mejor que Jorge Luis Borges. Son varios sus libros, a cual m\u00e1s bello.<\/p>\n<p>Y en poes\u00eda, los libros de Pablo Neruda. Ojal\u00e1 y lo haga. Los poemas del poeta chileno son reconfortantes, cargados de pasi\u00f3n y amor.<\/p>\n<p><span class=\"Apple-converted-space\"><em><u><a href=\"mailto:aco2742@hotmail.com\" target=\"_blank\" rel=\"noopener noreferrer\">aco2742@hotmail.com<\/a><\/u><\/em><\/span><\/p>\n","protected":false},"excerpt":{"rendered":"<p><span style=\"color: #005497;\"><strong>Augusto Corro<\/strong><\/span><\/p>\n","protected":false},"author":3,"featured_media":0,"comment_status":"open","ping_status":"open","sticky":false,"template":"","format":"standard","meta":{"_monsterinsights_skip_tracking":false,"_monsterinsights_sitenote_active":false,"_monsterinsights_sitenote_note":"","_monsterinsights_sitenote_category":0,"footnotes":""},"categories":[157],"tags":[43686,43674,11515],"class_list":["post-465049","post","type-post","status-publish","format-standard","hentry","category-augusto-corro","tag-augusto-corro","tag-opinion","tag-punto-por-punto"],"_links":{"self":[{"href":"https:\/\/www.diarioimagen.net\/index.php?rest_route=\/wp\/v2\/posts\/465049","targetHints":{"allow":["GET"]}}],"collection":[{"href":"https:\/\/www.diarioimagen.net\/index.php?rest_route=\/wp\/v2\/posts"}],"about":[{"href":"https:\/\/www.diarioimagen.net\/index.php?rest_route=\/wp\/v2\/types\/post"}],"author":[{"embeddable":true,"href":"https:\/\/www.diarioimagen.net\/index.php?rest_route=\/wp\/v2\/users\/3"}],"replies":[{"embeddable":true,"href":"https:\/\/www.diarioimagen.net\/index.php?rest_route=%2Fwp%2Fv2%2Fcomments&post=465049"}],"version-history":[{"count":0,"href":"https:\/\/www.diarioimagen.net\/index.php?rest_route=\/wp\/v2\/posts\/465049\/revisions"}],"wp:attachment":[{"href":"https:\/\/www.diarioimagen.net\/index.php?rest_route=%2Fwp%2Fv2%2Fmedia&parent=465049"}],"wp:term":[{"taxonomy":"category","embeddable":true,"href":"https:\/\/www.diarioimagen.net\/index.php?rest_route=%2Fwp%2Fv2%2Fcategories&post=465049"},{"taxonomy":"post_tag","embeddable":true,"href":"https:\/\/www.diarioimagen.net\/index.php?rest_route=%2Fwp%2Fv2%2Ftags&post=465049"}],"curies":[{"name":"wp","href":"https:\/\/api.w.org\/{rel}","templated":true}]}}