{"id":465061,"date":"2020-03-27T00:12:03","date_gmt":"2020-03-27T06:12:03","guid":{"rendered":"https:\/\/www.diarioimagen.net\/?p=465061"},"modified":"2020-03-27T05:59:11","modified_gmt":"2020-03-27T11:59:11","slug":"el-congreso-en-tiempos-ineditos","status":"publish","type":"post","link":"https:\/\/www.diarioimagen.net\/?p=465061","title":{"rendered":"El Congreso, en tiempos in\u00e9ditos"},"content":{"rendered":"<h2>Tras la puerta del poder<\/h2>\n<h5>Roberto Vizca\u00edno<\/h5>\n<p>&nbsp;<\/p>\n<div id=\"attachment_465121\" style=\"width: 470px\" class=\"wp-caption aligncenter\"><a href=\"https:\/\/www.diarioimagen.net\/?attachment_id=465121\" rel=\"attachment wp-att-465121\"><img loading=\"lazy\" decoding=\"async\" aria-describedby=\"caption-attachment-465121\" class=\"size-large wp-image-465121\" src=\"https:\/\/www.diarioimagen.net\/wp-content\/uploads\/2020\/03\/seria-mejor-no-LUIS-XAVIER-460x357.jpg\" alt=\"\" width=\"460\" height=\"357\" srcset=\"https:\/\/www.diarioimagen.net\/wp-content\/uploads\/2020\/03\/seria-mejor-no-LUIS-XAVIER-460x357.jpg 460w, https:\/\/www.diarioimagen.net\/wp-content\/uploads\/2020\/03\/seria-mejor-no-LUIS-XAVIER-240x186.jpg 240w, https:\/\/www.diarioimagen.net\/wp-content\/uploads\/2020\/03\/seria-mejor-no-LUIS-XAVIER-768x595.jpg 768w, https:\/\/www.diarioimagen.net\/wp-content\/uploads\/2020\/03\/seria-mejor-no-LUIS-XAVIER.jpg 1500w\" sizes=\"auto, (max-width: 460px) 100vw, 460px\" \/><\/a><p id=\"caption-attachment-465121\" class=\"wp-caption-text\">Ser\u00eda mejor \u00bfno..? | Luis Xavier<\/p><\/div>\n<p>&nbsp;<\/p>\n<p>Por primera vez en su historia, las c\u00e1maras de senadores y de diputados trabajaron ayer en forma remota, es decir v\u00eda redes sociales y con el uso de nuevas tecnolog\u00edas.<\/p>\n<p>En el \u00e1rea de los tecn\u00f3logos y los <em>community managers<\/em>, es com\u00fan escuchar que \u201cchango viejo no aprende maroma nueva\u201d, es decir, que las personas que no dominan o simplemente no le entienden a los medios digitales no aprender\u00e1n nunca como se operan estos equipos.<\/p>\n<p>Y la verdad es que en los hechos existen viejos que le entienden bien a los medios digitales y las nuevas tecnolog\u00edas y hay j\u00f3venes que se atoran en el primer <em>clic<\/em>.<\/p>\n<p>Hoy esta realidad entr\u00f3 de lleno en el \u00e1mbito legislativo. Y es que senadores y diputados federales, sus ayudantes y equipos, los que laboran en las diferentes \u00e1reas de cada c\u00e1mara, tuvieron que realizar por primera vez \u00a0tareas legislativas y administrativas v\u00eda las nuevas tecnolog\u00edas.<\/p>\n<p>Para algunos fue un caos, un suplicio, la desesperaci\u00f3n por no entender c\u00f3mo se puede acceder y realizar una conferencia a distancia, c\u00f3mo transferir documentos, c\u00f3mo pasar de una conferencia con muchos participantes al env\u00edo de un mensaje a s\u00f3lo uno de ellos.<\/p>\n<p>Claro, hubo otros que en ayer lo disfrutaron, que se abrieron a la nueva experiencia y que aprendieron y les gust\u00f3 c\u00f3mo se trabaja en forma remota.<\/p>\n<p>En una entrevista radiof\u00f3nica la diputada del PAN, <strong>Laura Rojas<\/strong>, presidenta en San L\u00e1zaro, indic\u00f3 que como consecuencia de la pandemia del coronavirus, ayer fue el primer d\u00eda de trabajos a distancia de esta c\u00e1mara.<\/p>\n<p>\u201c\u2026 somos una comunidad de casi 6 mil personas las que trabajamos ah\u00ed todos los d\u00edas y desde hace dos semanas nosotros empezamos a adelantarnos, tres semanas, nos empezamos a adelantar con ciertas medidas.<\/p>\n<p>\u201cPrimero empezamos a cancelar los eventos, que hay muchos siempre en la C\u00e1mara de Diputados, como presentaciones de libros, foros, parlamentos abiertos, conversatorios, visitas, recibimos muchos estudiantes de universidades, de escuelas en la C\u00e1mara y en un d\u00eda de sesi\u00f3n puede haber hasta 7 mil personas. Entonces, empezamos con eso.<\/p>\n<p>\u201cSuspendimos todos estos los eventos que no fueran exclusivamente de car\u00e1cter legislativo. Y a partir de la semana pasada se cancelaron las sesiones del Pleno porque tambi\u00e9n dentro del Pleno somos 500 o 600 personas las que podamos estar en ciertos momentos todos juntos ah\u00ed; y, entonces, tambi\u00e9n suspendimos las sesiones del Pleno porque no pod\u00edamos cumplir con las normas que establecieron las autoridades sanitarias de la sana distancia y dem\u00e1s\u2026 y es que hay algo muy importante: no se trata solamente de no contagiarnos nosotros, sino de no contagiar a otros\u201d.<\/p>\n<p><strong>Rojas<\/strong> se\u00f1al\u00f3 que los diputados quisieron dar el ejemplo y pensar en los otros ciudadanos, los de cada estado y los de sus distritos.<\/p>\n<p>\u201cLas y los diputados, muchos de ellos tienen que trasladarse constantemente en avi\u00f3n porque est\u00e1n muy lejos sus estados, o en autobuses algunos de ellos lo hacen, o en carro los que estamos m\u00e1s cerca, pero ir y venir tantas veces de un estado a otro tambi\u00e9n implicaba un riesgo para la gente de esos estados.<\/p>\n<p>\u201cEntonces, por eso tomamos esas medidas; pero, eso no quiere decir que dejemos de trabajar como Poder del Estado, somos parte del Poder Legislativo, uno de los poderes del Estado mexicano y en ese sentido tenemos que garantizar que se cumplan dos objetivos o que se garantice en todo momento que el Congreso puede ejercer dos de sus facultades principales que son:<\/p>\n<p>&#8211; En primer lugar, ejercer la supervisi\u00f3n, lo que le llamamos t\u00e9cnicamente facultades de control sobre el Poder Ejecutivo. Hay que recordar que para eso nacieron los parlamentos, esa es la raz\u00f3n hist\u00f3rica de los congresos, de los parlamentos, generar un contrapeso al Poder Ejecutivo y esa funci\u00f3n no la podemos perder, y lo estamos haciendo de varias maneras que ahorita te comparto.<\/p>\n<p>&#8211; Y la otra funci\u00f3n es la de legislar, en el caso particular de la C\u00e1mara de Diputados, la funci\u00f3n presupuestaria.<\/p>\n<p>\u201cEntonces dejamos muy claro que si se llegara a necesitar la concurrencia de las y los diputados para dictaminar alguna cosa que sea muy urgente, muy necesaria, que tenga que ver con la crisis, por decirte, a lo mejor, tener que cambiar el presupuesto \u2014eso no lo tenemos claro si va a suceder o no, pero es un ejemplo\u2014 entonces tendr\u00edamos que sesionar y se va a convocar, si se llegara a necesitar una acci\u00f3n que tenga que ver con parte de nosotros para poder\u00a0 manejar mejor la crisis\u201d.<\/p>\n<p>Explic\u00f3 que los \u00fanicos que acudir\u00e1n a encuentros presenciales son los miembros de la Junta de Coordinaci\u00f3n Pol\u00edtica, quienes se reunir\u00e1n cada semana.<\/p>\n<p>Pero ellos tambi\u00e9n han acudido a la realizaci\u00f3n de reuniones virtual, principalmente para organizar y dar lineamientos sobre los trabajos de las comisiones que son los otros \u00f3rganos de la C\u00e1mara que tienen un trabajo muy muy importante, muy relevante en el proceso legislativo, y entonces lo que les dijimos es: para efecto de que no haya, no se corran riesgos de las decisiones de las comisiones, lo que les pedimos es que avancen todos los procesos de dict\u00e1menes, de dictaminaci\u00f3n que tienen pendientes.<\/p>\n<p>En el Senado ocurri\u00f3 lo mismo. Con los senadores en sus casas, en sus respectivos estados, ayer se dieron los primeros encuentros y trabajos a distancia, v\u00eda conferencias digitales.<\/p>\n<p>Fue as\u00ed que, a pesar de la emergencia nacional que se vive al haber entrado el pa\u00eds en la Segunda Fase de la Pandemia del Coronavirus, entre senadores y sus colaboradores, dicen, domina una sensaci\u00f3n de satisfacci\u00f3n.<\/p>\n<p>Primero porque se puede continuar avanzando en las reformas pendientes y, porque queda demostrado que aun a la distancia todo camina.<\/p>\n<p>En este contexto, la Senadora <strong>M\u00f3nica Fern\u00e1ndez<\/strong>, presidenta de la c\u00e1mara alta, inform\u00f3 de las reacciones por la aprobaci\u00f3n de la reforma al cuarto constitucional que eleva a ese nivel los programas sociales de este gobierno.<\/p>\n<p>Ya con mas experiencia y conocimiento de las redes sociales y el manejo de las nuevas tecnolog\u00edas, los senadores y diputados deber\u00e1n operar la siguiente semana como si estuvieran en sus respectivas c\u00e1maras.<\/p>\n<p style=\"text-align: center;\"><strong>La seguridad privada entra en auxilio de la p\u00fablica<\/strong><\/p>\n<p>La Asociaci\u00f3n Mexicana de Empresas de Seguridad Privada, la AMESP, se comprometi\u00f3 a dar apoyo a la ciudadan\u00eda y as\u00ed reforzar sus estrategias de seguridad, acatando las medidas y recomendaciones dictadas por las autoridades sanitarias y de seguridad p\u00fablica del pa\u00eds para la protecci\u00f3n y auxilio durante la emergencia del coronavirus.<\/p>\n<p>Directivos de la AMESP consideran que la crisis sanitaria y otros factores externos como el tipo de cambio y la depreciaci\u00f3n del petr\u00f3leo reducir\u00e1 dr\u00e1sticamente la actividad econ\u00f3mica nacional generando condiciones adversas en algunos grupos de la poblaci\u00f3n que se quedar\u00e1n sin alternativas de trabajo.<\/p>\n<p>Lo anterior, pudiera generar un incremento en cierto tipo de delitos y actividades crim\u00ednales como el robo, secuestro y extorsi\u00f3n.<\/p>\n<p>Indicaron que la pandemia ha provoc\u00f3 una histeria colectiva a nivel internacional como el nacional, que lleva a comportamientos at\u00edpicos como compras de p\u00e1nico, especulaci\u00f3n de precios, reducci\u00f3n de inventarios en mercanc\u00eda esenciales, despidos masivos, cierre de comercios situaciones que ya han comenzado a cristalizarse negativamente siendo los saqueos, robos, bloqueos, toma de instalaciones y evasiones en prisiones y estaciones migratorias situaciones consumadas que ya prenden focos rojos.<\/p>\n<p>En este marco, las principales empresas de seguridad privada de M\u00e9xico y el mundo, reportan un incremento en la demanda de tecnolog\u00edas para reforzar los filtros y controles de accesos con equipo termogr\u00e1fico para medici\u00f3n de temperatura; reforzamiento de guardias de seguridad y escolta de veh\u00edculos; blindaje de fachadas y reforzamiento de per\u00edmetros as\u00ed como investigaciones y consultor\u00edas orientadas a la gesti\u00f3n, protecci\u00f3n y resiliencia de\u00a0 esta crisis por diversas corporaciones. Por lo que ya se puede ver la implementaci\u00f3n de manera veloz de estas estrategias a fin de mitigar saqueos en tiendas, centros de abastecimiento, robos en comercios, fugas en prisiones y otro tipo de expresiones criminales.<\/p>\n<p><em><a href=\"mailto:rvizcainoa@gmail.com\" target=\"_blank\" rel=\"noopener noreferrer\">rvizcainoa@gmail.com<\/a><br \/>\n<u><a href=\"http:\/\/endirecto.mx\" target=\"_blank\" rel=\"noopener noreferrer\">www.endirecto.mx<\/a><br \/>\n<a href=\"https:\/\/twitter.com\/_rvizcaino\" target=\"_blank\" rel=\"noopener noreferrer\">@_RVizcaino<\/a><br \/>\n<a href=\"https:\/\/www.facebook.com\/rvizcainoa\" target=\"_blank\" rel=\"noopener noreferrer\">facebook.com\/rvizcainoa<\/a><\/u><\/em><\/p>\n","protected":false},"excerpt":{"rendered":"<p><span style=\"color: #005497;\"><strong>Roberto Vizca\u00edno<\/strong><\/span><br \/>\n<br \/>\nPor primera vez en su historia, las c\u00e1maras de senadores y de diputados trabajaron ayer en forma remota, es decir v\u00eda redes sociales y con el uso de nuevas tecnolog\u00edas.<\/p>\n","protected":false},"author":3,"featured_media":465121,"comment_status":"open","ping_status":"open","sticky":false,"template":"","format":"standard","meta":{"_monsterinsights_skip_tracking":false,"_monsterinsights_sitenote_active":false,"_monsterinsights_sitenote_note":"","_monsterinsights_sitenote_category":0,"footnotes":""},"categories":[136],"tags":[43674,93,94],"class_list":["post-465061","post","type-post","status-publish","format-standard","has-post-thumbnail","hentry","category-roberto-vizcaino-opinion","tag-opinion","tag-roberto-vizcaino","tag-tras-la-puerta-del-poder"],"_links":{"self":[{"href":"https:\/\/www.diarioimagen.net\/index.php?rest_route=\/wp\/v2\/posts\/465061","targetHints":{"allow":["GET"]}}],"collection":[{"href":"https:\/\/www.diarioimagen.net\/index.php?rest_route=\/wp\/v2\/posts"}],"about":[{"href":"https:\/\/www.diarioimagen.net\/index.php?rest_route=\/wp\/v2\/types\/post"}],"author":[{"embeddable":true,"href":"https:\/\/www.diarioimagen.net\/index.php?rest_route=\/wp\/v2\/users\/3"}],"replies":[{"embeddable":true,"href":"https:\/\/www.diarioimagen.net\/index.php?rest_route=%2Fwp%2Fv2%2Fcomments&post=465061"}],"version-history":[{"count":0,"href":"https:\/\/www.diarioimagen.net\/index.php?rest_route=\/wp\/v2\/posts\/465061\/revisions"}],"wp:featuredmedia":[{"embeddable":true,"href":"https:\/\/www.diarioimagen.net\/index.php?rest_route=\/wp\/v2\/media\/465121"}],"wp:attachment":[{"href":"https:\/\/www.diarioimagen.net\/index.php?rest_route=%2Fwp%2Fv2%2Fmedia&parent=465061"}],"wp:term":[{"taxonomy":"category","embeddable":true,"href":"https:\/\/www.diarioimagen.net\/index.php?rest_route=%2Fwp%2Fv2%2Fcategories&post=465061"},{"taxonomy":"post_tag","embeddable":true,"href":"https:\/\/www.diarioimagen.net\/index.php?rest_route=%2Fwp%2Fv2%2Ftags&post=465061"}],"curies":[{"name":"wp","href":"https:\/\/api.w.org\/{rel}","templated":true}]}}