{"id":465161,"date":"2020-03-30T00:04:33","date_gmt":"2020-03-30T06:04:33","guid":{"rendered":"https:\/\/www.diarioimagen.net\/?p=465161"},"modified":"2020-03-30T00:40:09","modified_gmt":"2020-03-30T06:40:09","slug":"a-quedarse-en-casa","status":"publish","type":"post","link":"https:\/\/www.diarioimagen.net\/?p=465161","title":{"rendered":"A quedarse en casa"},"content":{"rendered":"<h2>Punto por punto<\/h2>\n<h5>Augusto Corro<\/h5>\n<p>&nbsp;<\/p>\n<p>Una important\u00edsima forma de luchar contra el coronavirus (Covid-19) es quedarse en casa durante un mes.<\/p>\n<p>\u00bfPor qu\u00e9 raz\u00f3n?<\/p>\n<p>Porque \u201ces impostergable reducir la velocidad de transmisi\u00f3n de este virus. Impostergable\u201d, declar\u00f3 Hugo L\u00f3pez-Gatell, subsecretario de Salud, el s\u00e1bado en la noche.<\/p>\n<p>A\u00f1adi\u00f3 que \u201cestamos ante la \u00faltima oportunidad para frenar la pandemia. No de evitarla, eso es imposible. Pero s\u00ed de retrasar la transmisi\u00f3n\u201d.<\/p>\n<p>\u00bfCu\u00e1l debe ser la respuesta?<\/p>\n<p>Quedarnos en casa. Claro, no todos mexicanos podemos hacerlo, pero es urgente intentarlo. Se trata de una de las medidas para salvar vidas. Es importante entenderlo.<\/p>\n<p>No olvidar que vamos rumbo a la Fase 3, la m\u00e1s dif\u00edcil. De no aplicarse las medidas de seguridad, la guerra contra el coronavirus se complicar\u00eda.<\/p>\n<p>Ante esa amenaza, L\u00f3pez-Gatell dijo:<\/p>\n<p>\u201cY ah\u00ed contar\u00edamos con el peligro de que se saturen los hospitales. La saturaci\u00f3n con casos graves implicar\u00eda el riesgo de no poder atender a todos los pacientes y tendr\u00edamos muertes que podr\u00edan ser evitables si hacemos un esfuerzo todos\u201d,<\/p>\n<p>Vamos, pues, a colaborar con el exhorto de las autoridades a cumplir estrictamente la cuarentena y evitar complicaciones mayores.<\/p>\n<p style=\"text-align: center;\"><strong>Ayudar a todos<\/strong><\/p>\n<p>En una sociedad llena de desigualdades es necesario que las autoridades brinden ayuda los m\u00e1s desprotegidos.<\/p>\n<p>Son innumerables los oficios, negocios y comercios en la v\u00eda p\u00fablica, lugares que se prestan al contagio. Se trata de personas que si no trabajan, no consiguen dinero para su subsistencia.<\/p>\n<p>Urge que se piense en mecanismos de ayuda y orientaci\u00f3n para evitar que la pandemia los alcance.<\/p>\n<p>Tambi\u00e9n es necesario orientar a la poblaci\u00f3n sobre la necesidad de que las personas de la tercera reciban una atenci\u00f3n esmerada parte de sus familiares. Sin olvidar a los ni\u00f1os.<\/p>\n<p>A su paso por diferentes pa\u00edses, el coronavirus atac\u00f3 con sa\u00f1a a los ancianos.<\/p>\n<p>Tambi\u00e9n deben protegerse, con las precauciones del caso, aquellas personas con afecciones cardiacas, diabetes y obesas.<\/p>\n<p>Se trata de iniciar nuevas formas de conducta, con la orientaci\u00f3n adecuada, para frenar el avance del Covid-19.<\/p>\n<p style=\"text-align: center;\"><strong>El estado de \u00e1nimo <\/strong><\/p>\n<p>Ya sabemos los estragos causados por la pandemia y de lo que nos espera si no ponemos nuestro mayor empe\u00f1o para combatirla.<\/p>\n<p>Los mexicanos hemos tenido experiencias que debeos aprovechar en casos como el de la invasi\u00f3n del coronavirus.\u00a0 En los casos complejos, dif\u00edciles, siempre respondimos positivamente y los superamos.<\/p>\n<p>Basta con citar los ciclones y terremotos desoladores. Esos golpes los enfrentamos con \u00e1nimo y entereza y resultamos fortalecidos.<\/p>\n<p>En medio de la tormenta tenemos la obligaci\u00f3n moral de colaborar con las autoridades sanitarias para amortiguar los golpes da\u00f1inos.<\/p>\n<p>La unidad debe ser el eje de nuestra conducta social. Unidos seremos m\u00e1s fuertes.<\/p>\n<p>Importante rechazar la mezquindad, el ego\u00edsmo y la envidia. \u00bfEs necesario recordar que vamos en el mismo barco que si se hunde nos hundimos todos?<\/p>\n<p>No escatime esfuerzos por auxiliar a las personas que piden ayuda. Un gesto de bondad enriquece a quien lo brinda.<\/p>\n<p>Vamos a esperar y cumplir pacientemente las medidas contra el virus que indiquen las autoridades sanitarias.<\/p>\n<p>Es importante no bajar la guardia y cumplir al pie de la letra las medidas preventivas para evitar el contagio.<\/p>\n<p>Entre otras se encuentran las siguientes:<\/p>\n<p>\u2014Lavarse las manos\u00a0 a cada rato con agua y jab\u00f3n.<\/p>\n<p>\u2014Estornudar y toser cubri\u00e9ndose con el antebrazo.<\/p>\n<p>\u2014No saludar de mano y beso.<\/p>\n<p>\u2014Guardar una distancia de separaci\u00f3n entre personas de m\u00e1s de 1.30 metros.<\/p>\n<p>Y la recomendaci\u00f3n para lo que viene es quedarse en casa, como \u00faltima oportunidad no para evitar la pandemia, pero s\u00ed de retrasar el contagio.<\/p>\n<p>Seg\u00fan los datos oficiales, al escribir estas l\u00edneas, el coronavirus ha matado a 16 personas, hay 848 casos de contagio confirmados y 2 mil 623 casos sospechosos.<\/p>\n<p><span class=\"Apple-converted-space\"><em><u><a href=\"mailto:aco2742@hotmail.com\" target=\"_blank\" rel=\"noopener noreferrer\">aco2742@hotmail.com<\/a><\/u><\/em><\/span><\/p>\n","protected":false},"excerpt":{"rendered":"<p><span style=\"color: #005497;\"><strong>Augusto Corro<\/strong><\/span><\/p>\n","protected":false},"author":3,"featured_media":0,"comment_status":"open","ping_status":"open","sticky":false,"template":"","format":"standard","meta":{"_monsterinsights_skip_tracking":false,"_monsterinsights_sitenote_active":false,"_monsterinsights_sitenote_note":"","_monsterinsights_sitenote_category":0,"footnotes":""},"categories":[157],"tags":[43686,43674,11515],"class_list":["post-465161","post","type-post","status-publish","format-standard","hentry","category-augusto-corro","tag-augusto-corro","tag-opinion","tag-punto-por-punto"],"_links":{"self":[{"href":"https:\/\/www.diarioimagen.net\/index.php?rest_route=\/wp\/v2\/posts\/465161","targetHints":{"allow":["GET"]}}],"collection":[{"href":"https:\/\/www.diarioimagen.net\/index.php?rest_route=\/wp\/v2\/posts"}],"about":[{"href":"https:\/\/www.diarioimagen.net\/index.php?rest_route=\/wp\/v2\/types\/post"}],"author":[{"embeddable":true,"href":"https:\/\/www.diarioimagen.net\/index.php?rest_route=\/wp\/v2\/users\/3"}],"replies":[{"embeddable":true,"href":"https:\/\/www.diarioimagen.net\/index.php?rest_route=%2Fwp%2Fv2%2Fcomments&post=465161"}],"version-history":[{"count":0,"href":"https:\/\/www.diarioimagen.net\/index.php?rest_route=\/wp\/v2\/posts\/465161\/revisions"}],"wp:attachment":[{"href":"https:\/\/www.diarioimagen.net\/index.php?rest_route=%2Fwp%2Fv2%2Fmedia&parent=465161"}],"wp:term":[{"taxonomy":"category","embeddable":true,"href":"https:\/\/www.diarioimagen.net\/index.php?rest_route=%2Fwp%2Fv2%2Fcategories&post=465161"},{"taxonomy":"post_tag","embeddable":true,"href":"https:\/\/www.diarioimagen.net\/index.php?rest_route=%2Fwp%2Fv2%2Ftags&post=465161"}],"curies":[{"name":"wp","href":"https:\/\/api.w.org\/{rel}","templated":true}]}}