{"id":465164,"date":"2020-03-30T00:03:15","date_gmt":"2020-03-30T06:03:15","guid":{"rendered":"https:\/\/www.diarioimagen.net\/?p=465164"},"modified":"2020-03-30T00:41:28","modified_gmt":"2020-03-30T06:41:28","slug":"covid-19-deficiencias-y-especulacion","status":"publish","type":"post","link":"https:\/\/www.diarioimagen.net\/?p=465164","title":{"rendered":"Covid-19, deficiencias y especulaci\u00f3n"},"content":{"rendered":"<h2>Espacio Electoral<\/h2>\n<h5>Eleazar Flores<\/h5>\n<p><strong>\u00a0<\/strong><\/p>\n<p><strong>ADVERTENCIA-. <\/strong>Molesta decirlo pero sali\u00f3 cierto el temor de presentarse deficiencias en las instituciones de atenci\u00f3n a enfermos de coronavirus, poniendo en peligro hasta personal m\u00e9dico y param\u00e9dico de hospitales, que son quienes deber\u00edan estar mejor protegidos con todo, por ser el\u00a0 primer frente de esta \u201cguerra\u201d a la que se va entrando con muchas deficiencias.<\/p>\n<p>Carente usted de la juventud acumulada de este escribiente, seguro lleva registro del d\u00eda en que advert\u00ed que ante la abundancia de recursos para afrontar desgracias, resulta que los dineros no siempre llegan a los afectados, como sucedi\u00f3 en el hospital Adolfo L\u00f3pez Mateos de Toluca.<\/p>\n<p><strong>GRATUITA-. <\/strong>Seguro que la foto de portada de <em>El Universal<\/em> publicada ayer domingo no fue \u201capoyada\u201d, eufemismo que se emplea para disfrazar la publicidad a la que tanto acude el gobierno estatal. Valiente la denuncia de las enfermeras del citado hospital, por carecer de lo m\u00e1s elemental para ejercer su apost\u00f3lico trabajo como cubre bocas, gel y guantes. Es inveros\u00edmil.<\/p>\n<p>Esa carencia ya ha cobrado su primera factura, la muerte de una persona, pero da la casualidad\u00a0 que esa persona fue atendida justamente por m\u00e9dicos y enfermeras del hospital Adolfo L\u00f3pez Mateos y s\u00f3lo contaba con cubrebocas como m\u00e1xima protecci\u00f3n. Las enfermeras recibieron la promesa de contar con insumos m\u00e1s seguros, pero pasan los d\u00edas y los apoyos no llegan.<\/p>\n<p>El temor del personal es que podr\u00eda contraer la misma enfermedad, por lo que dieron de plazo hasta el d\u00eda de hoy o de plano parar labores, justo cuando m\u00e1s se necesita de esos servicios. El hospital L\u00f3pez Mateos cuenta con 177 camas, 150 internos y unas 600 enfermeras. Ojal\u00e1 y las autoridades estatales de salud atiendan con hechos y no solo con declaraciones.<\/p>\n<p><strong>ESPECULACI\u00d3N-.<\/strong> A imagen y semejanza de fat\u00eddicos hechos ocurridos en los sismas de 1985 y\u00a0 finales del sexenio pasado, hay miles de v\u00edctimas y afectados, pero por desgracia tambi\u00e9n se presenta lo m\u00e1s negativo de algunos sectores. Ejemplo de esto \u00faltimo es lo que sucede hoy en el sector farmac\u00e9utico, donde resulta impera escasez de lo que m\u00e1s se necesita.<\/p>\n<p>Si busca usted cubrebocas o gel antibacterial no encontrar\u00e1 en ninguna farmacia, ni las populares del Doctor Simi identificadas como \u201csimilares\u201d, ni las intermedias como las del ahorro o Guadalajara o las <em>fif\u00eds<\/em> como ya sabe cu\u00e1les.<\/p>\n<p>Lo peor de todo es que ni siquiera encuentra alcohol, tan necesario para protegerse de virus que todos podemos contraer, cuando por necesidad andamos en la calle, lo que dificulta andar trayendo jab\u00f3n, sustituto indispensable de aseo.<\/p>\n<p>\u00bfSabr\u00e1n las autoridades de la especulaci\u00f3n farmac\u00e9utica con los art\u00edculos b\u00e1sicos por la pandemia?<\/p>\n<p><a href=\"mailto:elefa44@gmail.com\" target=\"_blank\" rel=\"noopener noreferrer\"><em>elefa44@gmail.com<\/em><\/a><\/p>\n","protected":false},"excerpt":{"rendered":"<p><span style=\"color: #005497;\"><strong>Eleazar Flores<\/strong><\/span><\/p>\n","protected":false},"author":3,"featured_media":0,"comment_status":"open","ping_status":"open","sticky":false,"template":"","format":"standard","meta":{"_monsterinsights_skip_tracking":false,"_monsterinsights_sitenote_active":false,"_monsterinsights_sitenote_note":"","_monsterinsights_sitenote_category":0,"footnotes":""},"categories":[81743],"tags":[81744,81776,43674],"class_list":["post-465164","post","type-post","status-publish","format-standard","hentry","category-eleazar-flores","tag-eleazar-flores","tag-espacio-electoral","tag-opinion"],"_links":{"self":[{"href":"https:\/\/www.diarioimagen.net\/index.php?rest_route=\/wp\/v2\/posts\/465164","targetHints":{"allow":["GET"]}}],"collection":[{"href":"https:\/\/www.diarioimagen.net\/index.php?rest_route=\/wp\/v2\/posts"}],"about":[{"href":"https:\/\/www.diarioimagen.net\/index.php?rest_route=\/wp\/v2\/types\/post"}],"author":[{"embeddable":true,"href":"https:\/\/www.diarioimagen.net\/index.php?rest_route=\/wp\/v2\/users\/3"}],"replies":[{"embeddable":true,"href":"https:\/\/www.diarioimagen.net\/index.php?rest_route=%2Fwp%2Fv2%2Fcomments&post=465164"}],"version-history":[{"count":0,"href":"https:\/\/www.diarioimagen.net\/index.php?rest_route=\/wp\/v2\/posts\/465164\/revisions"}],"wp:attachment":[{"href":"https:\/\/www.diarioimagen.net\/index.php?rest_route=%2Fwp%2Fv2%2Fmedia&parent=465164"}],"wp:term":[{"taxonomy":"category","embeddable":true,"href":"https:\/\/www.diarioimagen.net\/index.php?rest_route=%2Fwp%2Fv2%2Fcategories&post=465164"},{"taxonomy":"post_tag","embeddable":true,"href":"https:\/\/www.diarioimagen.net\/index.php?rest_route=%2Fwp%2Fv2%2Ftags&post=465164"}],"curies":[{"name":"wp","href":"https:\/\/api.w.org\/{rel}","templated":true}]}}