{"id":465172,"date":"2020-03-30T00:08:06","date_gmt":"2020-03-30T06:08:06","guid":{"rendered":"https:\/\/www.diarioimagen.net\/?p=465172"},"modified":"2020-03-30T00:45:34","modified_gmt":"2020-03-30T06:45:34","slug":"despegar-com-los-abandona-ecatepec-los-rescata","status":"publish","type":"post","link":"https:\/\/www.diarioimagen.net\/?p=465172","title":{"rendered":"<em>despegar.com<\/em> los abandona, Ecatepec los rescata"},"content":{"rendered":"<h2>Detr\u00e1s del Poder<\/h2>\n<h5>Jos\u00e9 Antonio L\u00f3pez Sosa<\/h5>\n<p>&nbsp;<\/p>\n<p>El viernes pasado, nuestra colega periodista Jeanette Guti\u00e9rrez nos comparti\u00f3 informaci\u00f3n de dos j\u00f3venes mexicanos, deportistas, varados en Bangkok, Tailandia que deb\u00edan haber regresado a la Ciudad de M\u00e9xico el pasado 24 de marzo.<\/p>\n<p>Carlos Vargas y Lillyan Alexis Y\u00e1\u00f1ez compraron sus pasajes a\u00e9reos con la agencia electr\u00f3nica \u201cdespegar.com\u201d, deb\u00edan tomar los vuelos 377 y 255 de la aerol\u00ednea Emirates, haciendo escala en Dub\u00e1i y Barcelona, sin embargo tras la decisi\u00f3n de la l\u00ednea a\u00e9rea de suspender buena parte de sus rutas, quedaron sin forma de volver.<\/p>\n<p>Intentaron contactar a \u201cdespegar.com\u201d sin \u00e9xito, una familiar logr\u00f3 comunicarse y la indicaci\u00f3n fue que los afectados llamaran directamente, a\u00fan cuando se les explic\u00f3 la complejidad de llamar a un n\u00famero de M\u00e9xico desde Bangkok.<\/p>\n<p>Los d\u00edas pasaron y <em>despegar.com<\/em> no les dio una respuesta, la preocupaci\u00f3n de Carlos y Lillyan era la falta de dinero que el pr\u00f3ximo 31 de marzo, el gobierno de Tailandia anunci\u00f3 el cierre de la mayor\u00eda de los hoteles por la contingencia.<\/p>\n<p>Dimos a conocer el caso en nuestros espacios de Telef\u00f3rmula y Radio F\u00f3rmula, lo mismo que nuestra colega Jeanette Guti\u00e9rrez a trav\u00e9s de su portal noticioso NewsMX. Afortunadamente, nuestra colega Guti\u00e9rrez se puso en contacto con el cabildo de Ecatepec para informar de la situaci\u00f3n de ambos j\u00f3venes -oriundos de aquel municipio-, finalmente, el presidente municipal Fernando Vilchis, instruy\u00f3 para que con recursos del municipio se compraran dos boletos para traer a Carlos y Lillyan de vuelta a la Ciudad de M\u00e9xico. Todo parece indicar que se har\u00e1 a trav\u00e9s de la aerol\u00ednea ANA, tras una escala en Tokyo.<\/p>\n<p>Hay que destacar que ambos j\u00f3venes, tambi\u00e9n contactaron por redes sociales a la Secretar\u00eda de Relaciones Exteriores sin \u00e9xito, tambi\u00e9n llenaron el formulario para mexicanos varados en el extranjero pero no obtuvieron respuesta.<\/p>\n<p>Finalmente, es de destacarse la ayuda del gobierno municipal de Ecatepec y, la falta de compromiso y responsabilidad de <em>despegar.com<\/em>, a quienes contactamos a trav\u00e9s de su agencia de relaciones p\u00fablicas y cuya respuesta fue, buscar como darles prioridad, misma que hasta el cierre de esta columna, no ha habido.<\/p>\n<p><em><a href=\"http:\/\/www.lopezsosa.com\" target=\"_blank\" rel=\"noopener noreferrer\">www.lopezsosa.com<\/a><\/em><br \/>\n<em><a href=\"mailto:joseantonio@lopezsosa.com\" target=\"_blank\" rel=\"noopener noreferrer\">joseantonio@lopezsosa.com<\/a><\/em><br \/>\n<em><a href=\"http:\/\/twitter.com\/joseantonio1977\" target=\"_blank\" rel=\"noopener noreferrer\">@joseantonio1977<\/a><\/em><\/p>\n","protected":false},"excerpt":{"rendered":"<p><span style=\"color: #005497;\"><strong>Jos\u00e9 Antonio L\u00f3pez Sosa<\/strong><\/span><\/p>\n","protected":false},"author":3,"featured_media":0,"comment_status":"open","ping_status":"open","sticky":false,"template":"","format":"standard","meta":{"_monsterinsights_skip_tracking":false,"_monsterinsights_sitenote_active":false,"_monsterinsights_sitenote_note":"","_monsterinsights_sitenote_category":0,"footnotes":""},"categories":[637],"tags":[638,43690,43674],"class_list":["post-465172","post","type-post","status-publish","format-standard","hentry","category-jose-antonio-lopez-sosa","tag-detras-del-poder","tag-jose-antonio-lopez-sosa","tag-opinion"],"_links":{"self":[{"href":"https:\/\/www.diarioimagen.net\/index.php?rest_route=\/wp\/v2\/posts\/465172","targetHints":{"allow":["GET"]}}],"collection":[{"href":"https:\/\/www.diarioimagen.net\/index.php?rest_route=\/wp\/v2\/posts"}],"about":[{"href":"https:\/\/www.diarioimagen.net\/index.php?rest_route=\/wp\/v2\/types\/post"}],"author":[{"embeddable":true,"href":"https:\/\/www.diarioimagen.net\/index.php?rest_route=\/wp\/v2\/users\/3"}],"replies":[{"embeddable":true,"href":"https:\/\/www.diarioimagen.net\/index.php?rest_route=%2Fwp%2Fv2%2Fcomments&post=465172"}],"version-history":[{"count":0,"href":"https:\/\/www.diarioimagen.net\/index.php?rest_route=\/wp\/v2\/posts\/465172\/revisions"}],"wp:attachment":[{"href":"https:\/\/www.diarioimagen.net\/index.php?rest_route=%2Fwp%2Fv2%2Fmedia&parent=465172"}],"wp:term":[{"taxonomy":"category","embeddable":true,"href":"https:\/\/www.diarioimagen.net\/index.php?rest_route=%2Fwp%2Fv2%2Fcategories&post=465172"},{"taxonomy":"post_tag","embeddable":true,"href":"https:\/\/www.diarioimagen.net\/index.php?rest_route=%2Fwp%2Fv2%2Ftags&post=465172"}],"curies":[{"name":"wp","href":"https:\/\/api.w.org\/{rel}","templated":true}]}}