{"id":465181,"date":"2020-03-30T00:12:30","date_gmt":"2020-03-30T06:12:30","guid":{"rendered":"https:\/\/www.diarioimagen.net\/?p=465181"},"modified":"2020-03-30T01:23:24","modified_gmt":"2020-03-30T07:23:24","slug":"amlo-no-se-aislara-porque-afirma-lo-podrian-reemplazar","status":"publish","type":"post","link":"https:\/\/www.diarioimagen.net\/?p=465181","title":{"rendered":"\u00bfAMLO no se aislar\u00e1 porque, afirma, lo podr\u00edan reemplazar?"},"content":{"rendered":"<h2>Tras la puerta del poder<\/h2>\n<h5>Roberto Vizca\u00edno<\/h5>\n<p>&nbsp;<\/p>\n<div id=\"attachment_459687\" style=\"width: 470px\" class=\"wp-caption aligncenter\"><a href=\"https:\/\/www.diarioimagen.net\/?attachment_id=459687\" rel=\"attachment wp-att-459687\"><img loading=\"lazy\" decoding=\"async\" aria-describedby=\"caption-attachment-459687\" class=\"size-large wp-image-459687\" src=\"https:\/\/www.diarioimagen.net\/wp-content\/uploads\/2020\/02\/cual-es-la-prisa-LUIS-XAVIER-460x348.jpg\" alt=\"\" width=\"460\" height=\"348\" srcset=\"https:\/\/www.diarioimagen.net\/wp-content\/uploads\/2020\/02\/cual-es-la-prisa-LUIS-XAVIER-460x348.jpg 460w, https:\/\/www.diarioimagen.net\/wp-content\/uploads\/2020\/02\/cual-es-la-prisa-LUIS-XAVIER-240x182.jpg 240w, https:\/\/www.diarioimagen.net\/wp-content\/uploads\/2020\/02\/cual-es-la-prisa-LUIS-XAVIER-768x582.jpg 768w, https:\/\/www.diarioimagen.net\/wp-content\/uploads\/2020\/02\/cual-es-la-prisa-LUIS-XAVIER.jpg 1200w\" sizes=\"auto, (max-width: 460px) 100vw, 460px\" \/><\/a><p id=\"caption-attachment-459687\" class=\"wp-caption-text\">\u00bfCu\u00e1l es la prisa.. ? | Luis Xavier<\/p><\/div>\n<p>&nbsp;<\/p>\n<p>No pocos nos preguntamos en M\u00e9xico y el mundo de d\u00f3nde surge la incomprensible terquedad de <strong>Andr\u00e9s Manuel L\u00f3pez Obrador<\/strong> de no resguardarse en estos tiempos de coronavirus.<\/p>\n<p>Su insistencia en encabezar actos masivos en estados y municipios en medio de la pandemia ha derivado en al menos 2 respuestas ciudadanas: unos lo acusan de irresponsable, y los otros se burlan sin conmiseraci\u00f3n de \u00e9l.<\/p>\n<p>Corren tantos chistes sobre \u00e9l en redes sociales del mundo entero, que ha desplazado a much\u00edsimos otros personajes del momento, para convertirse en el rey de los memes.<\/p>\n<p>En el hazmerre\u00edr internacional.<\/p>\n<p>Ayer, desde Culiac\u00e1n, Sinaloa, <strong>AMLO<\/strong> dio quiz\u00e1 la primera se\u00f1al de por qu\u00e9 su decisi\u00f3n de no resguardarse.<\/p>\n<p>En uno de sus arranques dijo t\u00e1citamente que no s\u00f3lo se siente constantemente asediado por sus enemigos los conservadores, <strong><em>sino reemplazable<\/em><\/strong>.<\/p>\n<p>En un video subido por \u00e9l a redes sociales advierte que \u00e9l continuar\u00e1 con sus giras y eventos p\u00fablicos, porque como las enfermeras y los doctores su responsabilidad es ineludible.<\/p>\n<p>Dijo saber que los conservadores quieren que se a\u00edsle \u201c<strong>para tomar el control pol\u00edtico del pa\u00eds<\/strong>\u201d.<\/p>\n<p>Perd\u00f3n, \u00bfcree en serio que eso puede ocurrir?.<\/p>\n<p>Sea o no eso posible, ah\u00ed est\u00e1 explicada la raz\u00f3n de su decisi\u00f3n de no recluirse, reservarse, cuidarse como lo hacen otros Jefes de Estado en el mundo entero.<\/p>\n<p><strong>AMLO<\/strong> se siente reemplazable, sustituible, d\u00e9bil pol\u00edticamente en la normal contienda por el poder.<\/p>\n<p>\u201c\u00bfSaben qu\u00e9 quieren los conservadores? Que yo me a\u00edsle, \u00a1imag\u00ednense!&#8230; no habr\u00eda conducci\u00f3n, habr\u00eda la conducci\u00f3n de ellos, porque en pol\u00edtica no hay vac\u00edos de poder, los vac\u00edos se llenan. Y eso es lo que quieren: que haya un vac\u00edo para que se apoderen ellos de la conducci\u00f3n pol\u00edtica del Pa\u00eds de manera irresponsable, porque todo lo que est\u00e1n haciendo es por su coraje ante los cambios que estamos llevando a cabo\u201d, reflexion\u00f3.<\/p>\n<p>En este contexto, <strong>AMLO<\/strong> acus\u00f3 al diario <em>Reforma<\/em> de haberle tendido este pasado fin de semana una trampa en el Aeropuerto de Tijuana, presion\u00e1ndolo para pasar un examen de temperatura dentro de las medidas contra el coronavirus.<\/p>\n<p>\u201cEstaba en Tijuana para venirme ac\u00e1 y en el aeropuerto, a la entrada, hay un equipo m\u00e9dico y me ponen el term\u00f3metro como cualquier pasajero, me toman la temperatura, entro al aeropuerto y ya cuando voy a entrar al avi\u00f3n sale un tipo, una persona, otro, pero ya con un periodista, del <em>Reforma<\/em>, \u201cy le digo: \u2018Oye ya me tom\u00e9 la temperatura\u2019. Entonces el del <em>Reforma<\/em> me dice \u2018por qu\u00e9 usted no se deja tomar la temperatura\u2019 y sigui\u00f3 insistiendo de \u2018por qu\u00e9 no hace usted caso a las recomendaciones\u2019 y le dije \u2018pues eres un provocador con todo respeto\u2019.<\/p>\n<p>\u201cHoy ese incidente, ese montaje, porque inclusive llegu\u00e9 aqu\u00ed en la noche a Culiac\u00e1n y a la salida del avi\u00f3n me vuelven a tomar la temperatura y lo hago porque todos debemos hacerlo y afortunadamente 36 grados, o sea que estoy bien. Pero, veo las redes sociales y dicen que me negu\u00e9 a que me tomaran la temperatura. Est\u00e1n muy molestos porque no aceptan la transformaci\u00f3n, pero yo soy perseverante, yo no doy ni un paso atr\u00e1s, somos millones los que queremos que haya un verdadero cambio. Vamos hacia adelante\u201d, explic\u00f3 molesto en el video.<\/p>\n<p>En un video subido a redes, se ve que AMLO rechaza ser sometido al control de la toma de temperatura y luego a un reportero que le pregunta por qu\u00e9 no se somete como todos a ese control. AMLO lo acusa de ser un provocador.<\/p>\n<p><em>Reforma<\/em> report\u00f3 luego que el personal de Volaris indic\u00f3 que AMLO tampoco llen\u00f3 el test de prevenci\u00f3n del coronavirus.<\/p>\n<p>Interrogado sobre si se har\u00eda la prueba del coronavirus luego de que el Gobernador de Hidalgo, Omar Fayad -con quien participo en un acto hace 10 d\u00edas-, inform\u00f3 estar contagiado, AMLO respondi\u00f3:<\/p>\n<p>\u201cNo voy a caer en ninguna provocaci\u00f3n\u201d.<\/p>\n<p>Luego de su video el presidente afirm\u00f3 que el coronavirus no es la \u201cpeste\u201d.<\/p>\n<p>Explic\u00f3:<\/p>\n<p>\u201cEstoy en el Hotel Lucerna (en Culiac\u00e1n, donde se registr\u00f3 el primer infectado de coronavirus en M\u00e9xico) , aqu\u00ed me he hospedado siempre desde antes de ser Presidente. En este hotel, estuvo uno de los primeros infectados por el coronavirus, desde luego ya se limpi\u00f3, hay sanidad y el coronavirus no es la peste.<\/p>\n<p>\u201cTenemos nada m\u00e1s que tener cuidado, cumplir con las recomendaciones, lo que nos est\u00e1n pidiendo los m\u00e9dicos, los especialistas, la sana distancia, que estemos en nuestras casas si las actividades no son fundamentales&#8230;<\/p>\n<p>\u201c\u00bfSaben qu\u00e9 quieren los conservadores? Que yo me a\u00edsle, \u00a1imag\u00ednense!&#8230; no habr\u00eda conducci\u00f3n, habr\u00eda la conducci\u00f3n de ellos, porque en pol\u00edtica no hay vac\u00edos de poder, los vac\u00edos se llenan. Y eso es lo que quieren: que haya un vac\u00edo para que se apoderen ellos de la conducci\u00f3n pol\u00edtica del Pa\u00eds de manera irresponsable, porque todo lo que est\u00e1n haciendo es por su coraje ante los cambios que estamos llevando a cabo\u201d, coment\u00f3.<\/p>\n<p>Ah\u00ed pues, su explicaci\u00f3n de por qu\u00e9 no guarda cuarentena, alejamiento social, prudencia como lo sugieren en todo el mundo para Jefes de Estado.<\/p>\n<p style=\"text-align: center;\"><strong>El IBD-Senado ven grave crisis<\/strong><\/p>\n<p>Considerado el \u201cthink-tank\u201d del Senado, el Instituto Belisario Dom\u00ednguez advirti\u00f3 este fin de semana que el crecimiento econ\u00f3mico de M\u00e9xico enfrentar\u00e1 efectos adversos en el corto y largo plazos, a causa de la emergencia sanitaria del coronavirus.<\/p>\n<p>Record\u00f3 que por ello instituciones financieras y organismos p\u00fablicos han reducido sus expectativas respecto de la actividad econ\u00f3mica de M\u00e9xico.<\/p>\n<p>En su Reporte Mensual sobre Actividad Econ\u00f3mica y Finanzas P\u00fablicas, al mes de febrero, encabezado por el investigador <strong>Mario Iv\u00e1n Dom\u00ednguez Rivas<\/strong>, se indica que el Banco de M\u00e9xico disminuy\u00f3 su perspectiva de crecimiento a 0.5 por ciento, que significa 1.5 menos del PIB; y la Organizaci\u00f3n para la Cooperaci\u00f3n y el Desarrollo Econ\u00f3micos, la OCDE, que encabeza el mexicano <strong>Jos\u00e9 \u00c1ngel Gurr\u00eda<\/strong>, la disminuy\u00f3 a 0.7 por ciento; la encuesta Banxico previ\u00f3 un crecimiento de 0.9 por ciento; y BBVA-Bancomer y Citibanamex estimaron decrecimientos para la econom\u00eda mexicana en 4.5 y 2.6 por ciento, respectivamente.<\/p>\n<p>A estos indicadores, <strong>Dom\u00ednguez Rivas<\/strong> suma ahora el an\u00e1lisis titulado \u201cCoronavirus: La econom\u00eda mundial en riesgo\u201d, elaborado por la OCDE, que tambi\u00e9n recort\u00f3 su proyecci\u00f3n de crecimiento para M\u00e9xico en 2020 a 0.7 por ciento.<\/p>\n<p>Para ello, recomend\u00f3 implementar pol\u00edticas monetarias expansivas de manera en que abarate la contrataci\u00f3n de deuda y esta se utilice para activar la econom\u00eda, principalmente a trav\u00e9s de inversiones p\u00fablicas.<\/p>\n<p>Por su parte, el BBVA-Bancomer, se\u00f1al\u00f3 que debido al Covid-19 revisaron a la baja su previsi\u00f3n de crecimiento a 4.5 por ciento. La instituci\u00f3n menciona que la prioridad del Gobierno Federal debe ser apoyar el sistema de salud yen los trabajadores.<\/p>\n<p>El investigador del IBD advierte que algunos factores que podr\u00edan incidir en el desempe\u00f1o de la econom\u00eda mexicana durante 2020, como son:<\/p>\n<p>En el \u00e1mbito externo, el Bur\u00f3 de An\u00e1lisis Econ\u00f3mico de Estados Unidos, en su segunda estimaci\u00f3n realizada en febrero, reporta un crecimiento anualizado del PIB estadounidense para el cuarto trimestre de 2019 en 2.1 por ciento, iguala la estimaci\u00f3n para el tercer trimestre del a\u00f1o.<\/p>\n<p>Esto como producto de las contribuciones positivas del consumo, gasto federal y estatal. En contraste, se estimaron contribuciones negativas de la inversi\u00f3n privada en inventarios y la inversi\u00f3n no residencial.<\/p>\n<p>En el \u00e1mbito interno, refiere que el Banxico en su Informe trimestral octubre-diciembre, se\u00f1al\u00f3 algunos riesgos que atravesar\u00e1 la econom\u00eda mexicana como: resistencia a la baja de la inflaci\u00f3n subyacente, aumento del salario m\u00ednimo por encima de las ganancias en productividad, presiones externas a la moneda nacional, aumentos imprevistos en productos agropecuarios y, deterioro en las finanzas p\u00fablicas.<\/p>\n<p><em><a href=\"mailto:rvizcainoa@gmail.com\" target=\"_blank\" rel=\"noopener noreferrer\">rvizcainoa@gmail.com<\/a><br \/>\n<u><a href=\"http:\/\/endirecto.mx\" target=\"_blank\" rel=\"noopener noreferrer\">www.endirecto.mx<\/a><br \/>\n<a href=\"https:\/\/twitter.com\/_rvizcaino\" target=\"_blank\" rel=\"noopener noreferrer\">@_RVizcaino<\/a><br \/>\n<a href=\"https:\/\/www.facebook.com\/rvizcainoa\" target=\"_blank\" rel=\"noopener noreferrer\">facebook.com\/rvizcainoa<\/a><\/u><\/em><\/p>\n","protected":false},"excerpt":{"rendered":"<p><span style=\"color: #005497;\"><strong>Roberto Vizca\u00edno<\/strong><\/span><br \/>\n<br \/>\nNo pocos nos preguntamos en M\u00e9xico y el mundo de d\u00f3nde surge la incomprensible terquedad de <strong>Andr\u00e9s Manuel L\u00f3pez Obrador<\/strong> de no resguardarse en estos tiempos de coronavirus.<\/p>\n","protected":false},"author":3,"featured_media":459687,"comment_status":"open","ping_status":"open","sticky":false,"template":"","format":"standard","meta":{"_monsterinsights_skip_tracking":false,"_monsterinsights_sitenote_active":false,"_monsterinsights_sitenote_note":"","_monsterinsights_sitenote_category":0,"footnotes":""},"categories":[136],"tags":[43674,93,94],"class_list":["post-465181","post","type-post","status-publish","format-standard","has-post-thumbnail","hentry","category-roberto-vizcaino-opinion","tag-opinion","tag-roberto-vizcaino","tag-tras-la-puerta-del-poder"],"_links":{"self":[{"href":"https:\/\/www.diarioimagen.net\/index.php?rest_route=\/wp\/v2\/posts\/465181","targetHints":{"allow":["GET"]}}],"collection":[{"href":"https:\/\/www.diarioimagen.net\/index.php?rest_route=\/wp\/v2\/posts"}],"about":[{"href":"https:\/\/www.diarioimagen.net\/index.php?rest_route=\/wp\/v2\/types\/post"}],"author":[{"embeddable":true,"href":"https:\/\/www.diarioimagen.net\/index.php?rest_route=\/wp\/v2\/users\/3"}],"replies":[{"embeddable":true,"href":"https:\/\/www.diarioimagen.net\/index.php?rest_route=%2Fwp%2Fv2%2Fcomments&post=465181"}],"version-history":[{"count":0,"href":"https:\/\/www.diarioimagen.net\/index.php?rest_route=\/wp\/v2\/posts\/465181\/revisions"}],"wp:featuredmedia":[{"embeddable":true,"href":"https:\/\/www.diarioimagen.net\/index.php?rest_route=\/wp\/v2\/media\/459687"}],"wp:attachment":[{"href":"https:\/\/www.diarioimagen.net\/index.php?rest_route=%2Fwp%2Fv2%2Fmedia&parent=465181"}],"wp:term":[{"taxonomy":"category","embeddable":true,"href":"https:\/\/www.diarioimagen.net\/index.php?rest_route=%2Fwp%2Fv2%2Fcategories&post=465181"},{"taxonomy":"post_tag","embeddable":true,"href":"https:\/\/www.diarioimagen.net\/index.php?rest_route=%2Fwp%2Fv2%2Ftags&post=465181"}],"curies":[{"name":"wp","href":"https:\/\/api.w.org\/{rel}","templated":true}]}}