{"id":465238,"date":"2020-03-31T00:05:56","date_gmt":"2020-03-31T06:05:56","guid":{"rendered":"https:\/\/www.diarioimagen.net\/?p=465238"},"modified":"2020-03-31T23:42:06","modified_gmt":"2020-04-01T05:42:06","slug":"ante-covid-19-mexico-debe-considerar-politicas-fiscales-condicionadas","status":"publish","type":"post","link":"https:\/\/www.diarioimagen.net\/?p=465238","title":{"rendered":"Ante COVID-19, M\u00e9xico debe considerar pol\u00edticas fiscales condicionadas"},"content":{"rendered":"<ul>\n<li><strong><em>Opinan el investigador de la Facultad de Econom\u00eda de la UAEM<\/em><\/strong><\/li>\n<\/ul>\n<p>&nbsp;<\/p>\n<div id=\"attachment_465287\" style=\"width: 470px\" class=\"wp-caption aligncenter\"><a href=\"https:\/\/www.diarioimagen.net\/?attachment_id=465287\" rel=\"attachment wp-att-465287\"><img loading=\"lazy\" decoding=\"async\" aria-describedby=\"caption-attachment-465287\" class=\"size-large wp-image-465287\" src=\"https:\/\/www.diarioimagen.net\/wp-content\/uploads\/2020\/03\/UAEM31-460x259.jpg\" alt=\"\" width=\"460\" height=\"259\" srcset=\"https:\/\/www.diarioimagen.net\/wp-content\/uploads\/2020\/03\/UAEM31-460x259.jpg 460w, https:\/\/www.diarioimagen.net\/wp-content\/uploads\/2020\/03\/UAEM31-240x135.jpg 240w, https:\/\/www.diarioimagen.net\/wp-content\/uploads\/2020\/03\/UAEM31-235x132.jpg 235w, https:\/\/www.diarioimagen.net\/wp-content\/uploads\/2020\/03\/UAEM31-202x114.jpg 202w, https:\/\/www.diarioimagen.net\/wp-content\/uploads\/2020\/03\/UAEM31-350x196.jpg 350w, https:\/\/www.diarioimagen.net\/wp-content\/uploads\/2020\/03\/UAEM31-220x123.jpg 220w, https:\/\/www.diarioimagen.net\/wp-content\/uploads\/2020\/03\/UAEM31-237x132.jpg 237w, https:\/\/www.diarioimagen.net\/wp-content\/uploads\/2020\/03\/UAEM31.jpg 480w\" sizes=\"auto, (max-width: 460px) 100vw, 460px\" \/><\/a><p id=\"caption-attachment-465287\" class=\"wp-caption-text\">El investigador de la UAEM explic\u00f3 que al menos durante tres meses el gobierno federal debe persuadir a las peque\u00f1as y grandes empresas a mantener su planta laboral.<\/p><\/div>\n<p>&nbsp;<\/p>\n<p><strong>Toluca, Estado de M\u00e9xico.\u2013<\/strong> Para prevenir la p\u00e9rdida de empleos formales y fuentes de trabajo como consecuencia del impacto que la contingencia sanitaria por el Covid-19 tiene en la din\u00e1mica econ\u00f3mica mundial, el gobierno de M\u00e9xico debe considerar pol\u00edticas fiscales condicionadas para el sector empresarial, afirm\u00f3 el investigador de la Facultad de Econom\u00eda de la Universidad Aut\u00f3noma del Estado de M\u00e9xico, Pablo Mej\u00eda Reyes.<\/p>\n<p>El integrante del Centro de Investigaci\u00f3n y Docencia Econ\u00f3mica (CIDE) de la UAEM explic\u00f3 que al menos durante tres meses, el gobierno federal debe persuadir a las peque\u00f1as y grandes empresas a mantener su planta laboral, evitando los despidos ante el aislamiento que debe acatar la sociedad mexicana para prevenir la propagaci\u00f3n del coronavirus y la consecuente disminuci\u00f3n en la demanda de productos, as\u00ed como el cierre de negocios.<\/p>\n<p>Precis\u00f3 que estrategias fiscales como la condonaci\u00f3n de impuestos a las empresas deben estar condicionadas a mantener plazas laborales con el pago total o parcial del salario que permita a los trabajadores comprar lo necesario para vivir y tener certidumbre durante las siguientes semanas.<\/p>\n<p>Otra opci\u00f3n viable, indic\u00f3, es ofertar una exenci\u00f3n de impuestos, a cambio de que haya mayor inversi\u00f3n en el territorio mexicano por parte de las empresas establecidas. Mej\u00eda Reyes, miembro del Sistema Nacional de Investigadores, asegur\u00f3 que durante esta crisis sanitaria mundial que afecta todos los \u00e1mbitos de la sociedad, entre ellos, el econ\u00f3mico, habr\u00e1 m\u00faltiples p\u00e9rdidas, que las empresas deben asumir con una visi\u00f3n a largo plazo, haciendo todo lo posible por mantener las plazas laborales y apoyar el aislamiento social.<\/p>\n<p>Advirti\u00f3 que en una primera etapa, los sectores que tendr\u00e1n mayor afectaci\u00f3n son los de servicios como el turismo, entretenimiento, restaurantes, bares y, posteriormente, el manufacturero.<\/p>\n<p>El desempleo, alert\u00f3 el acad\u00e9mico, afectar\u00e1 en una primera fase las plazas eventuales; sin embargo, si la denominada cuarentena se extiende hasta junio, la p\u00e9rdida tambi\u00e9n tocar\u00e1 a las plazas permanentes.<\/p>\n<p>\u201cPara que la situaci\u00f3n sea menos grave de lo que se vislumbra tenemos que actuar con l\u00f3gica social, m\u00e1s que con una individual o de ganancias\u201d, finaliz\u00f3 Pablo Mej\u00eda Reyes.<\/p>\n","protected":false},"excerpt":{"rendered":"<p>Para prevenir la p\u00e9rdida de empleos formales y fuentes de trabajo como consecuencia del impacto que la contingencia sanitaria por el Covid-19 tiene en la din\u00e1mica econ\u00f3mica mundial, el gobierno de M\u00e9xico debe considerar pol\u00edticas fiscales condicionadas para el sector empresarial, afirm\u00f3 el investigador de la Facultad de Econom\u00eda de la Universidad Aut\u00f3noma del Estado de M\u00e9xico, Pablo Mej\u00eda Reyes.<\/p>\n","protected":false},"author":3,"featured_media":465287,"comment_status":"open","ping_status":"open","sticky":false,"template":"","format":"standard","meta":{"_monsterinsights_skip_tracking":false,"_monsterinsights_sitenote_active":false,"_monsterinsights_sitenote_note":"","_monsterinsights_sitenote_category":0,"footnotes":""},"categories":[5],"tags":[43675,90775,452,1490],"class_list":["post-465238","post","type-post","status-publish","format-standard","has-post-thumbnail","hentry","category-estado-de-mexico","tag-estado-de-mexico","tag-pablo-mejia-reyes","tag-toluca","tag-universidad-autonoma-del-estado-de-mexico"],"_links":{"self":[{"href":"https:\/\/www.diarioimagen.net\/index.php?rest_route=\/wp\/v2\/posts\/465238","targetHints":{"allow":["GET"]}}],"collection":[{"href":"https:\/\/www.diarioimagen.net\/index.php?rest_route=\/wp\/v2\/posts"}],"about":[{"href":"https:\/\/www.diarioimagen.net\/index.php?rest_route=\/wp\/v2\/types\/post"}],"author":[{"embeddable":true,"href":"https:\/\/www.diarioimagen.net\/index.php?rest_route=\/wp\/v2\/users\/3"}],"replies":[{"embeddable":true,"href":"https:\/\/www.diarioimagen.net\/index.php?rest_route=%2Fwp%2Fv2%2Fcomments&post=465238"}],"version-history":[{"count":0,"href":"https:\/\/www.diarioimagen.net\/index.php?rest_route=\/wp\/v2\/posts\/465238\/revisions"}],"wp:featuredmedia":[{"embeddable":true,"href":"https:\/\/www.diarioimagen.net\/index.php?rest_route=\/wp\/v2\/media\/465287"}],"wp:attachment":[{"href":"https:\/\/www.diarioimagen.net\/index.php?rest_route=%2Fwp%2Fv2%2Fmedia&parent=465238"}],"wp:term":[{"taxonomy":"category","embeddable":true,"href":"https:\/\/www.diarioimagen.net\/index.php?rest_route=%2Fwp%2Fv2%2Fcategories&post=465238"},{"taxonomy":"post_tag","embeddable":true,"href":"https:\/\/www.diarioimagen.net\/index.php?rest_route=%2Fwp%2Fv2%2Ftags&post=465238"}],"curies":[{"name":"wp","href":"https:\/\/api.w.org\/{rel}","templated":true}]}}