{"id":465242,"date":"2020-03-31T00:04:27","date_gmt":"2020-03-31T06:04:27","guid":{"rendered":"https:\/\/www.diarioimagen.net\/?p=465242"},"modified":"2020-03-31T02:11:49","modified_gmt":"2020-03-31T08:11:49","slug":"capacitan-en-naucalpan-a-medicos-y-a-enfermeras-sobre-emergencia-sanitaria","status":"publish","type":"post","link":"https:\/\/www.diarioimagen.net\/?p=465242","title":{"rendered":"Capacitan en Naucalpan a m\u00e9dicos y a enfermeras sobre emergencia sanitaria"},"content":{"rendered":"<ul>\n<li><strong><em>Ante contingencia por coronavirus<\/em><\/strong><\/li>\n<\/ul>\n<p>&nbsp;<\/p>\n<div id=\"attachment_465322\" style=\"width: 470px\" class=\"wp-caption aligncenter\"><a href=\"https:\/\/www.diarioimagen.net\/?attachment_id=465322\" rel=\"attachment wp-att-465322\"><img loading=\"lazy\" decoding=\"async\" aria-describedby=\"caption-attachment-465322\" class=\"size-large wp-image-465322\" src=\"https:\/\/www.diarioimagen.net\/wp-content\/uploads\/2020\/03\/naucalpan-13-460x259.jpg\" alt=\"\" width=\"460\" height=\"259\" srcset=\"https:\/\/www.diarioimagen.net\/wp-content\/uploads\/2020\/03\/naucalpan-13-460x259.jpg 460w, https:\/\/www.diarioimagen.net\/wp-content\/uploads\/2020\/03\/naucalpan-13-240x135.jpg 240w, https:\/\/www.diarioimagen.net\/wp-content\/uploads\/2020\/03\/naucalpan-13-235x132.jpg 235w, https:\/\/www.diarioimagen.net\/wp-content\/uploads\/2020\/03\/naucalpan-13-202x114.jpg 202w, https:\/\/www.diarioimagen.net\/wp-content\/uploads\/2020\/03\/naucalpan-13-350x196.jpg 350w, https:\/\/www.diarioimagen.net\/wp-content\/uploads\/2020\/03\/naucalpan-13-220x123.jpg 220w, https:\/\/www.diarioimagen.net\/wp-content\/uploads\/2020\/03\/naucalpan-13-237x132.jpg 237w, https:\/\/www.diarioimagen.net\/wp-content\/uploads\/2020\/03\/naucalpan-13.jpg 480w\" sizes=\"auto, (max-width: 460px) 100vw, 460px\" \/><\/a><p id=\"caption-attachment-465322\" class=\"wp-caption-text\">Imparten en Naucalpan el curso Emergencias de Salud P\u00fablica, para orientar a m\u00e9dicos, param\u00e9dicos y enfermeras sobre las medidas ante la contingencia sanitaria por coronavirus.<\/p><\/div>\n<p>&nbsp;<\/p>\n<p><strong>Naucalpan, Estado de M\u00e9xico-<\/strong> El gobierno local llev\u00f3 a cabo, por videoconferencia, el curso Emergencias de Salud P\u00fablica, para orientar a m\u00e9dicos, param\u00e9dicos y enfermeras sobre las medidas que debe tomar ante la contingencia sanitaria por coronavirus Covid-19.<\/p>\n<p>El organismo Naucalpan Emprende y el Instituto Municipal de Atenci\u00f3n a la Salud (IMAS) fueron los responsables de llevar a cabo el curso-taller dirigido a profesionales de la salud.<\/p>\n<p>La actividad, transmitida por las redes sociales del Municipio, permiti\u00f3 que la poblaci\u00f3n general se informara sobre normatividad, amenazas a la salud, as\u00ed como contexto sociodemogr\u00e1fico de pandemias.<\/p>\n<p>En una pl\u00e1tica introductoria, Roberto V\u00e1zquez Campuzano, asesor del Departamento de Enfermedades Emergentes y Urgencias del Instituto de Diagn\u00f3stico y Referencia Epidemiol\u00f3gicos, realiz\u00f3 un recuento hist\u00f3rico sobre las pandemias que han afectado a la humanidad, en el que resalt\u00f3 el brote del \u00e9bola, sarampi\u00f3n e influenza.<\/p>\n<p>Durante su intervenci\u00f3n, el doctor Giorgio Franyuti, director ejecutivo de Medical IMPACT, habl\u00f3 sobre enfermedades emergentes como el Covid-19, riesgos ante pandemias y medidas de precauci\u00f3n en los sistemas de salud.<\/p>\n<p>El taller estuvo a cargo del epidemi\u00f3logo \u00c1ngel Kaleb Romero Gonz\u00e1lez, quien ahond\u00f3 sobre el equipo de protecci\u00f3n para personal de salud ante pandemias, riesgos de salud, as\u00ed como simulaci\u00f3n de escenarios reales en pandemias y otras enfermedades.<\/p>\n<p>Durante la capacitaci\u00f3n, se realiz\u00f3 un enlace con la doctora Itzel Ocampo Barrero, a trav\u00e9s de la aplicaci\u00f3n DOC.COM, en el marco del reciente convenio firmado con el Ayuntamiento de Naucalpan.<\/p>\n<p>Ocampo Barrero hizo una invitaci\u00f3n a la ciudadan\u00eda a descargar la aplicaci\u00f3n y, ante el reciente brote de coronavirus, resolver sus dudas sobre la nueva cepa.<\/p>\n<p>La plataforma ofrece a los habitantes consultas m\u00e9dicas y psicol\u00f3gicas en l\u00ednea de forma gratuita, las 24 horas del d\u00eda, los 365 d\u00edas del a\u00f1o.<\/p>\n<p>De igual forma, durante el curso, se llev\u00f3 a cabo una demostraci\u00f3n de la correcta t\u00e9cnica de lavado de manos, a fin de evitar contagios por Covid-19.<\/p>\n<p>El curso-taller se encuentra disponible en la p\u00e1gina oficial de Facebook de Naucalpan Emprende, en el siguiente enlace: https:\/\/bit.ly\/2UJf2MV.<\/p>\n","protected":false},"excerpt":{"rendered":"<p>El gobierno local llev\u00f3 a cabo, por videoconferencia, el curso Emergencias de Salud P\u00fablica, para orientar a m\u00e9dicos, param\u00e9dicos y enfermeras sobre las medidas que debe tomar ante la contingencia sanitaria por coronavirus Covid-19.<\/p>\n","protected":false},"author":3,"featured_media":465322,"comment_status":"open","ping_status":"open","sticky":false,"template":"","format":"standard","meta":{"_monsterinsights_skip_tracking":false,"_monsterinsights_sitenote_active":false,"_monsterinsights_sitenote_note":"","_monsterinsights_sitenote_category":0,"footnotes":""},"categories":[5],"tags":[90773,43675,970],"class_list":["post-465242","post","type-post","status-publish","format-standard","has-post-thumbnail","hentry","category-estado-de-mexico","tag-emergencia-sanitaria","tag-estado-de-mexico","tag-naucalpan"],"_links":{"self":[{"href":"https:\/\/www.diarioimagen.net\/index.php?rest_route=\/wp\/v2\/posts\/465242","targetHints":{"allow":["GET"]}}],"collection":[{"href":"https:\/\/www.diarioimagen.net\/index.php?rest_route=\/wp\/v2\/posts"}],"about":[{"href":"https:\/\/www.diarioimagen.net\/index.php?rest_route=\/wp\/v2\/types\/post"}],"author":[{"embeddable":true,"href":"https:\/\/www.diarioimagen.net\/index.php?rest_route=\/wp\/v2\/users\/3"}],"replies":[{"embeddable":true,"href":"https:\/\/www.diarioimagen.net\/index.php?rest_route=%2Fwp%2Fv2%2Fcomments&post=465242"}],"version-history":[{"count":0,"href":"https:\/\/www.diarioimagen.net\/index.php?rest_route=\/wp\/v2\/posts\/465242\/revisions"}],"wp:featuredmedia":[{"embeddable":true,"href":"https:\/\/www.diarioimagen.net\/index.php?rest_route=\/wp\/v2\/media\/465322"}],"wp:attachment":[{"href":"https:\/\/www.diarioimagen.net\/index.php?rest_route=%2Fwp%2Fv2%2Fmedia&parent=465242"}],"wp:term":[{"taxonomy":"category","embeddable":true,"href":"https:\/\/www.diarioimagen.net\/index.php?rest_route=%2Fwp%2Fv2%2Fcategories&post=465242"},{"taxonomy":"post_tag","embeddable":true,"href":"https:\/\/www.diarioimagen.net\/index.php?rest_route=%2Fwp%2Fv2%2Ftags&post=465242"}],"curies":[{"name":"wp","href":"https:\/\/api.w.org\/{rel}","templated":true}]}}