{"id":465253,"date":"2020-03-31T00:10:36","date_gmt":"2020-03-31T06:10:36","guid":{"rendered":"https:\/\/www.diarioimagen.net\/?p=465253"},"modified":"2020-03-31T02:08:53","modified_gmt":"2020-03-31T08:08:53","slug":"los-otros-pendientes","status":"publish","type":"post","link":"https:\/\/www.diarioimagen.net\/?p=465253","title":{"rendered":"Los otros pendientes"},"content":{"rendered":"<h2>De frente y de perfil<\/h2>\n<h5>Ram\u00f3n Zurita Sahag\u00fan<\/h5>\n<p>&nbsp;<\/p>\n<div id=\"attachment_465313\" style=\"width: 470px\" class=\"wp-caption aligncenter\"><a href=\"https:\/\/www.diarioimagen.net\/?attachment_id=465313\" rel=\"attachment wp-att-465313\"><img loading=\"lazy\" decoding=\"async\" aria-describedby=\"caption-attachment-465313\" class=\"size-large wp-image-465313\" src=\"https:\/\/www.diarioimagen.net\/wp-content\/uploads\/2020\/03\/lopez-MARAL-460x166.jpg\" alt=\"\" width=\"460\" height=\"166\" srcset=\"https:\/\/www.diarioimagen.net\/wp-content\/uploads\/2020\/03\/lopez-MARAL-460x166.jpg 460w, https:\/\/www.diarioimagen.net\/wp-content\/uploads\/2020\/03\/lopez-MARAL-240x87.jpg 240w, https:\/\/www.diarioimagen.net\/wp-content\/uploads\/2020\/03\/lopez-MARAL-768x278.jpg 768w, https:\/\/www.diarioimagen.net\/wp-content\/uploads\/2020\/03\/lopez-MARAL.jpg 1200w\" sizes=\"auto, (max-width: 460px) 100vw, 460px\" \/><\/a><p id=\"caption-attachment-465313\" class=\"wp-caption-text\">L\u00f3pez&#8230; | Maral<\/p><\/div>\n<p>&nbsp;<\/p>\n<p>Ensimismados y preocupados estamos con la presencia de la pandemia producida por el Covid-19 y los efectos que provocar\u00e1 en M\u00e9xico tanto en v\u00edctimas humanas como en lo econ\u00f3mico, aunque la realidad nos muestra que la preocupaci\u00f3n no parece ser tanta.<\/p>\n<p>Cierto es que nos movemos de un lado a otro, ante tanta propuesta de unos y otros, donde cada uno de nosotros, desde cualquier trinchera exigimos se atienda la sugerencia de equis o zeta personaje, aunque realmente no acatamos las recomendaciones.<\/p>\n<p>Los debates y discusiones en redes sociales se alternan sobre si el gobierno federal hace bien o mal en esta contingencia, con tonos subidos que van desde la torpeza del Presidente y su gabinete, pasando por tacharlo de irresponsable y pidiendo su renuncia.<\/p>\n<p>Las benditas redes sociales nos mantienen al tanto de lo que sucede alrededor de la pandemia, mientras algunos aprovechan el momento para grabar videos y audios, fijando sus posiciones y otros m\u00e1s tomando ejemplos de lo que sucede en otros pa\u00edses.<\/p>\n<p>Los hay quienes exigen medidas extremas para reactivar la econom\u00eda, otros que demandan atenci\u00f3n prioritaria para frenar los contagios, la queja es grande sobre la escasa preparaci\u00f3n para el momento de la Fase 3.<\/p>\n<p>Todo se transparenta en los medios de comunicaci\u00f3n, los tradicionales y las benditas redes sociales, que toman un papel protag\u00f3nico, aunque no esencial, ya que sirven de desahogo para muchos.<\/p>\n<p>Y mientras el desgaste es grande en todos los sectores, el pol\u00edtico, el empresarial, el period\u00edstico, el intelectual, con un gran desorden tanto de ideas como de propuestas serias y confiables se est\u00e1 desaprovechando un momento importante del pa\u00eds para fijar reglas y armar una estrategia s\u00f3lida que contribuya a rehacer la sociedad, una vez superado el trance de la pandemia.<\/p>\n<p>Cada quien intenta acarrear agua a su molino, sin importar caer en necedades o en lo rid\u00edculo como sucede con el gobernador de Puebla, Luis Miguel Barbosa, y su decir de que el coronavirus solamente afecta a los ricos o el gobernador de Yucat\u00e1n Mauricio Vila Dosal, que anunci\u00f3 que meter\u00e1 a la c\u00e1rcel a todos aquellos que teniendo s\u00edntomas del coronavirus no acaten las medidas de aislamiento previstas para esos casos, o el propio Presidente de la Rep\u00fablica que desestima ser v\u00edctimas de contagio, por contar con im\u00e1genes que repugnan el virus, incluso el empresario Ricardo Salinas y su propuesta de que todos sigan trabajando para reactivar la econom\u00eda y pidiendo a sus abonados adelanten pagos para no caer en el bur\u00f3 crediticio.<\/p>\n<p>Y dentro de estas divergencias en p\u00fablico y privado surgen versiones que hablan de una fragmentaci\u00f3n del gabinete presidencial, ya que varios de los principales funcionarios no concuerdan con la visi\u00f3n del Ejecutivo federal y otros argumentan patra\u00f1as por parte del Ejecutivo, para recuperar popularidad.<\/p>\n<p style=\"text-align: center;\"><strong>*****<\/strong><\/p>\n<p>Y hablando de coronavirus, el gobierno de Estados Unidos rechaz\u00f3 liberar bajo fianza a Genaro Garc\u00eda Luna, ante el temor de \u00e9ste de ser contagiado por el virus en la c\u00e1rcel. El gobierno neg\u00f3 que el ex secretario de Seguridad se encuentre dentro del rango de alto riesgo de muerte.<\/p>\n<p style=\"text-align: center;\"><strong>*****<\/strong><\/p>\n<p>Con bendiciones al por mayor y abundantes faltas de ortograf\u00eda, Consuelo Loera (madre de Joaqu\u00edn \u201cChapo\u201d Guzm\u00e1n), pide al presidente L\u00f3pez Obrador logre repatriar a su hijo a una c\u00e1rcel de M\u00e9xico.<\/p>\n<p><em><a href=\"mailto:ramonzurita44@hotmail.com\" target=\"_blank\" rel=\"noopener noreferrer\">ramonzurita44@hotmail.com<\/a><\/em><br \/>\n<a href=\"mailto:%20zurita_sahagun@hotmail.com\" target=\"_blank\" rel=\"noopener noreferrer\"><em>zurita_sahagun@hotmail.com<\/em><\/a><\/p>\n","protected":false},"excerpt":{"rendered":"<p><span style=\"color: #005497;\"><strong>Ram\u00f3n Zurita Sahag\u00fan<\/strong><\/span><br \/>\n<br \/>\nEnsimismados y preocupados estamos con la presencia de la pandemia producida por el Covid-19 y los efectos que provocar\u00e1 en M\u00e9xico tanto en v\u00edctimas humanas como en lo econ\u00f3mico, aunque la realidad nos muestra que la preocupaci\u00f3n no parece ser tanta.<\/p>\n","protected":false},"author":3,"featured_media":465313,"comment_status":"open","ping_status":"open","sticky":false,"template":"","format":"standard","meta":{"_monsterinsights_skip_tracking":false,"_monsterinsights_sitenote_active":false,"_monsterinsights_sitenote_note":"","_monsterinsights_sitenote_category":0,"footnotes":""},"categories":[234],"tags":[304,43674,43687],"class_list":["post-465253","post","type-post","status-publish","format-standard","has-post-thumbnail","hentry","category-ramon-zurita-sahagun","tag-de-frente-y-de-perfil","tag-opinion","tag-ramon-zurita-sahagun"],"_links":{"self":[{"href":"https:\/\/www.diarioimagen.net\/index.php?rest_route=\/wp\/v2\/posts\/465253","targetHints":{"allow":["GET"]}}],"collection":[{"href":"https:\/\/www.diarioimagen.net\/index.php?rest_route=\/wp\/v2\/posts"}],"about":[{"href":"https:\/\/www.diarioimagen.net\/index.php?rest_route=\/wp\/v2\/types\/post"}],"author":[{"embeddable":true,"href":"https:\/\/www.diarioimagen.net\/index.php?rest_route=\/wp\/v2\/users\/3"}],"replies":[{"embeddable":true,"href":"https:\/\/www.diarioimagen.net\/index.php?rest_route=%2Fwp%2Fv2%2Fcomments&post=465253"}],"version-history":[{"count":0,"href":"https:\/\/www.diarioimagen.net\/index.php?rest_route=\/wp\/v2\/posts\/465253\/revisions"}],"wp:featuredmedia":[{"embeddable":true,"href":"https:\/\/www.diarioimagen.net\/index.php?rest_route=\/wp\/v2\/media\/465313"}],"wp:attachment":[{"href":"https:\/\/www.diarioimagen.net\/index.php?rest_route=%2Fwp%2Fv2%2Fmedia&parent=465253"}],"wp:term":[{"taxonomy":"category","embeddable":true,"href":"https:\/\/www.diarioimagen.net\/index.php?rest_route=%2Fwp%2Fv2%2Fcategories&post=465253"},{"taxonomy":"post_tag","embeddable":true,"href":"https:\/\/www.diarioimagen.net\/index.php?rest_route=%2Fwp%2Fv2%2Ftags&post=465253"}],"curies":[{"name":"wp","href":"https:\/\/api.w.org\/{rel}","templated":true}]}}