{"id":465269,"date":"2020-03-31T00:02:39","date_gmt":"2020-03-31T06:02:39","guid":{"rendered":"https:\/\/www.diarioimagen.net\/?p=465269"},"modified":"2020-03-31T01:48:29","modified_gmt":"2020-03-31T07:48:29","slug":"lopez-obrador-no-es-humanista","status":"publish","type":"post","link":"https:\/\/www.diarioimagen.net\/?p=465269","title":{"rendered":"L\u00f3pez Obrador, no es humanista"},"content":{"rendered":"<h2>La Retaguardia<\/h2>\n<h5>Adriana Moreno Cordero<\/h5>\n<p><em>\u00a0<\/em><\/p>\n<ul>\n<li><em><strong>Ya se sabe en manos de qui\u00e9n est\u00e1 M\u00e9xico<\/strong><\/em><\/li>\n<li><em><strong>\u00a1Milagro!, habl\u00f3 el secretario Jorge Alcocer<\/strong><\/em><\/li>\n<\/ul>\n<p>&nbsp;<\/p>\n<p>No, no es un gesto humanista el que tuvo el presidente <strong>Andr\u00e9s Manuel L\u00f3pez Obrador<\/strong> al saludar de mano ni m\u00e1s ni menos que a la madre de <strong>Joaqu\u00edn, el Chapo Guzm\u00e1n<\/strong>, <strong>Mar\u00eda Consuelo Loera P\u00e9rez<\/strong>, que lleg\u00f3 hasta donde estaba el tabasque\u00f1o para interceder por su hijo, para que le sea otorgada una visa humanitaria y pueda visitarlo en la c\u00e1rcel en Estados Unidos.<\/p>\n<p>Tampoco es que el Ejecutivo sea un \u201chombre bueno\u201d, como dicen sus seguidores; lo que pasa es que el Presidente ha demostrado de manera fehaciente que no puede con el paquete de gobernar al pa\u00eds porque lo suyo, lo suyo, es ser candidato y obvio, ya sabe en manos de qui\u00e9n est\u00e1 M\u00e9xico.<\/p>\n<p>Si no, \u00a1qu\u00e9 casualidad que se fue a apersonar a Badiraguato justamente el d\u00eda que <strong>Ovidio Guzm\u00e1n<\/strong> cumpli\u00f3 30 a\u00f1os de edad! Podr\u00eda decirse entonces que le dio hasta dos regalos de cumplea\u00f1os. Uno, cuando lo liber\u00f3 en el fracasado operativo denominado el <em>culiacanazo<\/em>, en octubre pasado y unos meses despu\u00e9s, el 25 de enero de este a\u00f1o, haci\u00e9ndose \u201cde la vista gorda\u201d cuando la hermana de Ovidio, <strong>Alejandrina Gisselle Guzm\u00e1n Salazar<\/strong>, se cas\u00f3 en una magna fiesta, donde el invitado de honor fue el propio Ovidio.<\/p>\n<p>Trascendi\u00f3, incluso, que la boda se hab\u00eda tenido que posponer debido al operativo fracasado y comandado por cierto, por el siempre eficiente secretario de Seguridad, Alfonso Durazo, pero para la familia Guzm\u00e1n vali\u00f3 la pena, pues el enlace matrimonial se llev\u00f3 a cabo con toda la pompa del caso.<\/p>\n<p>Sin duda esta acci\u00f3n, traer\u00e1 consecuencias en todos los frentes y uno de ellos, es que el propio L\u00f3pez Obrador, ha terminado por ahondar la divisi\u00f3n entre los militantes de su propio partido, algunos legisladores, se sumaron a los de PAN y el resto de la oposici\u00f3n para que el mandatario explique el por qu\u00e9 tantas atenciones hacia la madre del l\u00edder del C\u00e1rtel de Sinaloa. Entre ellas destacan: la panista <strong>Adriana D\u00e1vila<\/strong>; <strong>Martha Tagle<\/strong>, de Movimiento Ciudadano y <strong>Lilly T\u00e9llez<\/strong>, que por cierto, no es la primera vez que se confronta con los integrantes de su partido quienes incluso, ya hicieron un infructuoso intento por sacarla de Morena. Tambi\u00e9n se sum\u00f3 la diputada perredista, <strong>M\u00f3nica Bautista<\/strong>. Todas las legisladoras coincidieron en que el saludo del tabasque\u00f1o a la se\u00f1ora Loera P\u00e9rez, representa una afrenta, especialmente para los miembros del Ej\u00e9rcito que han combatido al narcotr\u00e1fico, muchos de ellos, en ese esfuerzo han dejado la vida.<\/p>\n<p>Con raz\u00f3n caus\u00f3 tanta molestia entre las filas del Ej\u00e9rcito mexicano, -hasta la \u00e9lite-, la actitud de un Presidente que no hace mucho tiempo, les ha agradecido que no cedieran al \u201ccanto de sirenas\u201d de un golpe de Estado. \u00a1Qu\u00e9 tal!<\/p>\n<p style=\"text-align: center;\"><strong>Municiones<\/strong><\/p>\n<p>*** \u00a1Milagro, milagro!, ayer por fin habl\u00f3 el secretario de Salud, para aquellos que no lo hab\u00edan descubierto, <strong>Jorge Alcocer<\/strong>, en Palacio Nacional, luego de\u00a0 128 muertos y mil 94 casos confirmados. Eso s\u00ed, dijo que hab\u00eda conformado un \u201cequipo de excelencia\u201d, pero a la hora de presentar las l\u00e1minas de c\u00f3mo avanza el Covid-19 en M\u00e9xico, no se pon\u00edan de acuerdo y solo hab\u00eda descoordinaci\u00f3n, \u00bfc\u00f3mo es posible que controlen la pandemia? El secretario Alcocer sigui\u00f3 haciendo uso de la palabra, haciendo un llamado a que \u201cvivamos este tiempo con confianza y superaremos juntos los retos que se nos presentan\u201d, pero los minutos transcurrieron y la confusi\u00f3n segu\u00eda y no hab\u00eda continuidad. Solo dur\u00f3 unos cu\u00e1ntos minutos la participaci\u00f3n del secretario Alcocer, a quien ya se le hac\u00eda tarde para darle la palabra al subsecretario <strong>Hugo L\u00f3pez-Gatell<\/strong>, el consentido. Entre las tan anunciadas medidas de prevenci\u00f3n propuestas est\u00e1n: se ordena la suspensi\u00f3n inmediata hasta el 30 de abril de actividades no esenciales en los sectores p\u00fablico, privado y social. Cinco grupos de actividades no paran, el sector salud; las involucradas en la Seguridad P\u00fablica; la procuraci\u00f3n e impartici\u00f3n de justicia. Otro es las actividades fundamentales para la econom\u00eda. Los programas sociales del gobierno; conservaci\u00f3n y mantenimiento de estructura cr\u00edtica para garantizar agua, drenaje, etc\u00e9tera.<\/p>\n<p>*** Hoy que la atenci\u00f3n y la prioridad del pa\u00eds se centran en la contenci\u00f3n de la pandemia \u2013denominada Covid-19\u2013, y que ha cobrado ya algunas vidas y se cuentan por cientos los infectados, el Senado de la Rep\u00fablica no pod\u00eda ser la excepci\u00f3n. De esta manera mantiene en operaci\u00f3n sus funciones sustantivas y acata las recomendaciones del sector Salud de mantenerse en casa, la sana distancia y el trabajo desde el hogar. Los y las legisladoras se mantienen, as\u00ed, en contacto con sus coordinadores y atentos al seguimiento diario de los informes de las autoridades de salud, encabezados por el subsecretario de Salud, <strong>Hugo L\u00f3pez-Gatell<\/strong>. El presidente de la Junta de Coordinaci\u00f3n Pol\u00edtica (Jucopo) del Senado, <strong>Ricardo Monreal<\/strong> expres\u00f3 que por el momento: \u201cno hay reuniones y desde nuestro domicilio, en la sana distancia, estamos haciendo las tareas. He estado en comunicaci\u00f3n permanente con todos los coordinadores de los grupos, quienes han actuado con responsabilidad y seriedad\u201d. Si bien es cierto que en la c\u00e1mara alta no se efect\u00faan las sesiones en el pleno, ni las reuniones de trabajo en las comisiones respectivas, las comisiones especiales de seguimiento del Covid-19 y la de seguimiento del T\/MEC se mantienen en comunicaci\u00f3n permanente con todos los coordinadores de los diversos grupos parlamentarios que componen la actual legislatura.<\/p>\n<p>*** Hoy m\u00e1s que nunca, ese famoso programa de \u201cEl M\u00e9dico en tu Casa\u201d, de los tiempos en que <strong>Miguel \u00c1ngel Mancera<\/strong> era jefe de Gobierno de la CDMX, es necesario para atender a la poblaci\u00f3n m\u00e1s vulnerable directamente en su domicilio. Esto lo declar\u00f3 la dirigente del PRD en la Ciudad de M\u00e9xico, <strong>Nora Arias Contreras<\/strong>, quien consider\u00f3 urgente que el gobierno capitalino, retome esa estructura para hacer frente a la emergencia sanitaria del Covid-19. La ex presidenta de la Comisi\u00f3n de Salud de la (ALDF), inform\u00f3 que el exitoso programa \u201cque hicimos ley\u201d qued\u00f3 relegado por \u201cSalud en tu Casa\u201d, sin haber modificado la Ley de Salud del Distrito Federal. Sin embargo, aclar\u00f3 que hasta el momento se desconocen los resultados de \u201cSalud en tu Casa\u201d, que a diferencia de \u201cEl M\u00e9dico en tu Casa\u201d, presentaba un informe semestral a ALDF para su revisi\u00f3n y posterior otorgamiento del presupuesto respectivo. Adem\u00e1s, <strong>Arias Contreras<\/strong> inform\u00f3 que el Presupuesto de Egresos 2020 no consider\u00f3 ning\u00fan monto para el programa \u201cEl M\u00e9dico en tu Casa\u201d, pero m\u00e1s grave result\u00f3 que tampoco se incluyeron recursos para la operaci\u00f3n de \u201cSalud en tu Casa\u201d, es decir, que no se contempl\u00f3 presupuesto para atender a domicilio. Por ello, Arias consider\u00f3 importante retomar la estructura de \u201cEl M\u00e9dico en tu Casa\u201d, programa que a\u00fan se encuentra vigente, pues la iniciativa para desaparecerlo presentada el 22 de octubre de 2019, carece de fundamento que permita cambiarlo por \u201cSalud en tu Casa\u201d.<\/p>\n<p><a href=\"mailto:morcora@gmail.com\" target=\"_blank\" rel=\"noopener noreferrer\"><em>morcora@gmail.com<\/em><\/a><\/p>\n","protected":false},"excerpt":{"rendered":"<p><span style=\"color: #005497;\"><strong>Adriana Moreno Cordero<\/strong><\/span><\/p>\n","protected":false},"author":3,"featured_media":0,"comment_status":"open","ping_status":"open","sticky":false,"template":"","format":"standard","meta":{"_monsterinsights_skip_tracking":false,"_monsterinsights_sitenote_active":false,"_monsterinsights_sitenote_note":"","_monsterinsights_sitenote_category":0,"footnotes":""},"categories":[69370],"tags":[69369,69368,43674],"class_list":["post-465269","post","type-post","status-publish","format-standard","hentry","category-adriana-moreno-cordero","tag-adriana-moreno-cordero","tag-la-retaguardia","tag-opinion"],"_links":{"self":[{"href":"https:\/\/www.diarioimagen.net\/index.php?rest_route=\/wp\/v2\/posts\/465269","targetHints":{"allow":["GET"]}}],"collection":[{"href":"https:\/\/www.diarioimagen.net\/index.php?rest_route=\/wp\/v2\/posts"}],"about":[{"href":"https:\/\/www.diarioimagen.net\/index.php?rest_route=\/wp\/v2\/types\/post"}],"author":[{"embeddable":true,"href":"https:\/\/www.diarioimagen.net\/index.php?rest_route=\/wp\/v2\/users\/3"}],"replies":[{"embeddable":true,"href":"https:\/\/www.diarioimagen.net\/index.php?rest_route=%2Fwp%2Fv2%2Fcomments&post=465269"}],"version-history":[{"count":0,"href":"https:\/\/www.diarioimagen.net\/index.php?rest_route=\/wp\/v2\/posts\/465269\/revisions"}],"wp:attachment":[{"href":"https:\/\/www.diarioimagen.net\/index.php?rest_route=%2Fwp%2Fv2%2Fmedia&parent=465269"}],"wp:term":[{"taxonomy":"category","embeddable":true,"href":"https:\/\/www.diarioimagen.net\/index.php?rest_route=%2Fwp%2Fv2%2Fcategories&post=465269"},{"taxonomy":"post_tag","embeddable":true,"href":"https:\/\/www.diarioimagen.net\/index.php?rest_route=%2Fwp%2Fv2%2Ftags&post=465269"}],"curies":[{"name":"wp","href":"https:\/\/api.w.org\/{rel}","templated":true}]}}