{"id":465276,"date":"2020-03-31T00:04:01","date_gmt":"2020-03-31T06:04:01","guid":{"rendered":"https:\/\/www.diarioimagen.net\/?p=465276"},"modified":"2020-03-31T01:53:31","modified_gmt":"2020-03-31T07:53:31","slug":"va-en-serio-2","status":"publish","type":"post","link":"https:\/\/www.diarioimagen.net\/?p=465276","title":{"rendered":"Va en serio"},"content":{"rendered":"<h2>Punto por punto<\/h2>\n<h5>Augusto Corro<\/h5>\n<p>&nbsp;<\/p>\n<p>Detener el coronavirus (Covid-19) es la obligaci\u00f3n de todos, incluidas autoridades y sociedad.<\/p>\n<p>No ser\u00e1 f\u00e1cil hacerlo, pero no tenemos otra opci\u00f3n.<\/p>\n<p>Cada d\u00eda que transcurra ser\u00e1n m\u00e1s duras para evitar que crezca el contagio del virus, como ocurre en Italia y Espa\u00f1a.<\/p>\n<p>Las autoridades convocaron a quedarse en casa para romper la pandemia.<\/p>\n<p>El llamado tuvo uno respuesta que se podr\u00eda calificar de positiva. Sin embargo, es posible que se esperase menos gente en la calle.<\/p>\n<p>El fin de semana, se not\u00f3 la ausencia de gente en algunos lugares, pero no en todos.<\/p>\n<p>Y es en este problema donde se deben tomar en cuenta las razones o motivos que llevaron a los capitalinos a no quedarse en casa.<\/p>\n<p>Para nadie es un secreto que en M\u00e9xico hay alrededor de cincuenta y dos millones de pobres y que un porcentaje considerable vive en extrema pobreza.<\/p>\n<p>\u00bfEsas personas de escasos recursos econ\u00f3micos como van a encerrarse en sus casas si ellos son los proveedores?<\/p>\n<p>El coronavirus amenaza en los cinturones de pobreza de las grandes ciudades. En los asentamientos donde la familia vive en cuartuchos que apenas si protegen de las inclemencias del tiempo.<\/p>\n<p>\u00bfC\u00f3mo decirle a un comerciante informal que debe quedarse en casa? \u00bfQui\u00e9n les tender\u00e1 la mano para ayudarlos?<\/p>\n<p>Y as\u00ed como se encuentran en calidad de desprotegidos los comerciantes ambulantes, de otra manera, pero con los mismos resultados, est\u00e1n las loncher\u00edas, los estanquillos, etc\u00e9tera.<\/p>\n<p>Los trabajadores de esos sitios quedar\u00e1n desprotegidos. Son personas que viven en la pobreza.<\/p>\n<p>De ah\u00ed la necesidad de que las autoridades agudicen su ingenio y multipliquen su atenci\u00f3n a los grupos m\u00e1s vulnerables de la ciudad.<\/p>\n<p>Atenci\u00f3n a aquellos vendedores en los cruceros, que abundan en nuestra capital.<\/p>\n<p>Tambi\u00e9n en algunos casos, las personas, no importa de qu\u00e9 nivel econ\u00f3mico, hacen poco o nulo caso al llamado de las autoridades a cumplir con las medidas que plantea para detener el coronavirus.<\/p>\n<p>O su mente no les ayuda a entender el problema del contagio y act\u00faan como si vivieran en otro mundo.<\/p>\n<p>Todav\u00eda en algunos lugares se vio como, sin respetar su sana distancia, los grupos de personas realizaban compras. Eso s\u00ed, algunos con cubrebocas.<\/p>\n<p>Seguramente, conforme avanza el contagio, las autoridades endurecer\u00e1n las medidas para combatir la pandemia.<\/p>\n<p>Esas reglas tendr\u00e1n que comprenderse por todos aquellos renuentes a colaborar. Es muy importante que actuemos unidos. Aunque muchos no podr\u00e1n hacerlo por los motivos que planteamos renglones arriba.<\/p>\n<p>\u00bfC\u00f3mo conseguir\u00e1 recursos econ\u00f3micos un vendedor ambulante para llevar comida a la casa?<\/p>\n<p>Es de suponerse que el alimento lo conseguir\u00e1 donde haya. La forma de hacerlo es lo preocupante. De ah\u00ed nuestro planteamiento de atender las necesidades de ese amplio sector de gente pobre.<\/p>\n<p>Tambi\u00e9n es muy importante tomar en cuenta las orientaciones de las autoridades sobre la salud.<\/p>\n<p>En primer lugar, acudir a los hospitales p\u00fablicos sin una raz\u00f3n de peso. Es necesario tener las camas suficientes para atender a los afectados por el coronavirus.<\/p>\n<p>Es el momento de cuidarnos, de unirnos. De escuchar las recomendaciones de las autoridades. No haga caso de mensajes de las redes que solo provocan miedo y ansiedad.<\/p>\n<p>En el rengl\u00f3n de la econom\u00eda, las autoridades ya deben trabajar sobre planes de rescate, urgentes. Ser\u00e1n miles de empleos perdidos\u00a0 por el cierre de toda clase de empresas. Ser\u00e1 un problema muy grave.<\/p>\n<p>Seguramente hoy martes nos despertaremos con nuevos anuncios de las autoridades sanitarias para enfrentar el coronavirus.<\/p>\n<p>Al mediod\u00eda del lunes se reuni\u00f3 el Consejo de Salubridad General para hacer un balance\u00a0 sobre la pandemia.<\/p>\n<p>Durante la conferencia ma\u00f1anera, el presidente Andr\u00e9s Manuel L\u00f3pez Obrador descart\u00f3 el uso de la fuerza p\u00fablica para obligar a la poblaci\u00f3n a quedarse en su casa, como medida para enfrentar la pandemia.<\/p>\n<p>En fin, nos corresponde a todos responder positivamente al llamado de las autoridades sanitarias, pues son las \u00fanicas que tienen los conocimientos t\u00e9cnicos y cient\u00edficos que nos sacar\u00e1n de este problema, que, sin duda alguna, va en serio y apenas empieza. \u00bfQu\u00e9 le parece amable lector?<\/p>\n<p><span class=\"Apple-converted-space\"><em><u><a href=\"mailto:aco2742@hotmail.com\" target=\"_blank\" rel=\"noopener noreferrer\">aco2742@hotmail.com<\/a><\/u><\/em><\/span><\/p>\n","protected":false},"excerpt":{"rendered":"<p><span style=\"color: #005497;\"><strong>Augusto Corro<\/strong><\/span><\/p>\n","protected":false},"author":3,"featured_media":0,"comment_status":"open","ping_status":"open","sticky":false,"template":"","format":"standard","meta":{"_monsterinsights_skip_tracking":false,"_monsterinsights_sitenote_active":false,"_monsterinsights_sitenote_note":"","_monsterinsights_sitenote_category":0,"footnotes":""},"categories":[157],"tags":[43686,43674,11515],"class_list":["post-465276","post","type-post","status-publish","format-standard","hentry","category-augusto-corro","tag-augusto-corro","tag-opinion","tag-punto-por-punto"],"_links":{"self":[{"href":"https:\/\/www.diarioimagen.net\/index.php?rest_route=\/wp\/v2\/posts\/465276","targetHints":{"allow":["GET"]}}],"collection":[{"href":"https:\/\/www.diarioimagen.net\/index.php?rest_route=\/wp\/v2\/posts"}],"about":[{"href":"https:\/\/www.diarioimagen.net\/index.php?rest_route=\/wp\/v2\/types\/post"}],"author":[{"embeddable":true,"href":"https:\/\/www.diarioimagen.net\/index.php?rest_route=\/wp\/v2\/users\/3"}],"replies":[{"embeddable":true,"href":"https:\/\/www.diarioimagen.net\/index.php?rest_route=%2Fwp%2Fv2%2Fcomments&post=465276"}],"version-history":[{"count":0,"href":"https:\/\/www.diarioimagen.net\/index.php?rest_route=\/wp\/v2\/posts\/465276\/revisions"}],"wp:attachment":[{"href":"https:\/\/www.diarioimagen.net\/index.php?rest_route=%2Fwp%2Fv2%2Fmedia&parent=465276"}],"wp:term":[{"taxonomy":"category","embeddable":true,"href":"https:\/\/www.diarioimagen.net\/index.php?rest_route=%2Fwp%2Fv2%2Fcategories&post=465276"},{"taxonomy":"post_tag","embeddable":true,"href":"https:\/\/www.diarioimagen.net\/index.php?rest_route=%2Fwp%2Fv2%2Ftags&post=465276"}],"curies":[{"name":"wp","href":"https:\/\/api.w.org\/{rel}","templated":true}]}}