{"id":465283,"date":"2020-03-31T00:08:09","date_gmt":"2020-03-31T06:08:09","guid":{"rendered":"https:\/\/www.diarioimagen.net\/?p=465283"},"modified":"2020-03-31T01:58:24","modified_gmt":"2020-03-31T07:58:24","slug":"dos-pasos-atras-2","status":"publish","type":"post","link":"https:\/\/www.diarioimagen.net\/?p=465283","title":{"rendered":"Dos pasos atr\u00e1s"},"content":{"rendered":"<h2>Detr\u00e1s del Poder<\/h2>\n<h5>Jos\u00e9 Antonio L\u00f3pez Sosa<\/h5>\n<p>&nbsp;<\/p>\n<p>La Procuradur\u00eda Federal del Consumidor (Profeco), est\u00e1 dos pasos atr\u00e1s de los abusos, s\u00ed a trav\u00e9s de sus canales informan los derechos puntuales del consumidor, pero en la pr\u00e1ctica, durante este periodo de contingencia se dan todo tipo de abusos, no solo en elementos de prevenci\u00f3n sanitaria, sino incluso en art\u00edculos de la canasta b\u00e1sica.<\/p>\n<p>Es necesaria una procuradur\u00eda que est\u00e9 un paso adelante y no dos atr\u00e1s de los consumidores, de nada nos sirve un informe semanal de las actividades cuando a los ciudadanos de a pie, no les llega ese apoyo gubernamental en apoyo sobre todo, a los que menos tienen. Urge de verdad una modificaci\u00f3n en las operaciones y operativos de PROFECTO en esta temporada.<\/p>\n<p style=\"text-align: center;\"><strong>Respuesta de Despegar.com<\/strong><\/p>\n<p>Ayer, tras la entrega de esta columna recib\u00ed el siguiente correo electr\u00f3nico: Te saludamos de parte del equipo de Relaciones P\u00fablicas de Despegar. Te agradecemos el habernos pasado los datos de los viajeros que nos compartiste.<\/p>\n<p>Al respecto, Despegar se puso en contacto con la aerol\u00ednea (Emirates Airlines), quien nos comunic\u00f3 que suspendieron todos los vuelos hasta el d\u00eda 21 de mayo (incluyendo el vuelo de los pasajeros que nos compartiste), por lo que no hay operaciones disponibles hasta esta fecha. La indicaci\u00f3n de la aerol\u00ednea fue remitir a los viajeros a la embajada o consulado para buscar vuelos de repatriaci\u00f3n.<\/p>\n<p>Simult\u00e1neamente, Despegar busc\u00f3 otras alternativas de vuelos operativos para reubicarlos pero lamentablemente en ninguno encontramos disponibilidad.<\/p>\n<p>As\u00ed mismo, Despegar contact\u00f3 a la embajada de M\u00e9xico en Tailandia, pero nos indicaron que el cliente deb\u00eda contactarse directamente con la embajada para poder recibir apoyo.<\/p>\n<p>Despegar intent\u00f3 comunicarse con los clientes a los n\u00fameros telef\u00f3nicos registrados, pero no fue posible, por lo que se les envi\u00f3 un correo electr\u00f3nico con los datos del consulado del pa\u00eds donde se encuentran para que pudieran ponerse en contacto.<\/p>\n<p>Sin duda, nuestra prioridad son los viajeros y por ello, buscamos diferentes alternativas que desafortunadamente, en esta caso, no nos beneficiaron. Seguiremos trabajando para apoyar en lo posible a nuestros clientes y brindar como siempre el mejor servicio.<\/p>\n<p><em><a href=\"http:\/\/www.lopezsosa.com\" target=\"_blank\" rel=\"noopener noreferrer\">www.lopezsosa.com<\/a><\/em><br \/>\n<em><a href=\"mailto:joseantonio@lopezsosa.com\" target=\"_blank\" rel=\"noopener noreferrer\">joseantonio@lopezsosa.com<\/a><\/em><br \/>\n<em><a href=\"http:\/\/twitter.com\/joseantonio1977\" target=\"_blank\" rel=\"noopener noreferrer\">@joseantonio1977<\/a><\/em><\/p>\n","protected":false},"excerpt":{"rendered":"<p><span style=\"color: #005497;\"><strong>Jos\u00e9 Antonio L\u00f3pez Sosa<\/strong><\/span><\/p>\n","protected":false},"author":3,"featured_media":0,"comment_status":"open","ping_status":"open","sticky":false,"template":"","format":"standard","meta":{"_monsterinsights_skip_tracking":false,"_monsterinsights_sitenote_active":false,"_monsterinsights_sitenote_note":"","_monsterinsights_sitenote_category":0,"footnotes":""},"categories":[637],"tags":[638,43690,43674],"class_list":["post-465283","post","type-post","status-publish","format-standard","hentry","category-jose-antonio-lopez-sosa","tag-detras-del-poder","tag-jose-antonio-lopez-sosa","tag-opinion"],"_links":{"self":[{"href":"https:\/\/www.diarioimagen.net\/index.php?rest_route=\/wp\/v2\/posts\/465283","targetHints":{"allow":["GET"]}}],"collection":[{"href":"https:\/\/www.diarioimagen.net\/index.php?rest_route=\/wp\/v2\/posts"}],"about":[{"href":"https:\/\/www.diarioimagen.net\/index.php?rest_route=\/wp\/v2\/types\/post"}],"author":[{"embeddable":true,"href":"https:\/\/www.diarioimagen.net\/index.php?rest_route=\/wp\/v2\/users\/3"}],"replies":[{"embeddable":true,"href":"https:\/\/www.diarioimagen.net\/index.php?rest_route=%2Fwp%2Fv2%2Fcomments&post=465283"}],"version-history":[{"count":0,"href":"https:\/\/www.diarioimagen.net\/index.php?rest_route=\/wp\/v2\/posts\/465283\/revisions"}],"wp:attachment":[{"href":"https:\/\/www.diarioimagen.net\/index.php?rest_route=%2Fwp%2Fv2%2Fmedia&parent=465283"}],"wp:term":[{"taxonomy":"category","embeddable":true,"href":"https:\/\/www.diarioimagen.net\/index.php?rest_route=%2Fwp%2Fv2%2Fcategories&post=465283"},{"taxonomy":"post_tag","embeddable":true,"href":"https:\/\/www.diarioimagen.net\/index.php?rest_route=%2Fwp%2Fv2%2Ftags&post=465283"}],"curies":[{"name":"wp","href":"https:\/\/api.w.org\/{rel}","templated":true}]}}