{"id":465346,"date":"2020-04-01T00:02:03","date_gmt":"2020-04-01T06:02:03","guid":{"rendered":"https:\/\/www.diarioimagen.net\/?p=465346"},"modified":"2020-04-01T02:03:42","modified_gmt":"2020-04-01T08:03:42","slug":"implementan-operagua-y-caem-programa-de-suministro-con-pipas-en-cuautitlan-izcalli","status":"publish","type":"post","link":"https:\/\/www.diarioimagen.net\/?p=465346","title":{"rendered":"Implementan Operagua y CAEM programa de suministro con pipas en Cuautitl\u00e1n Izcalli"},"content":{"rendered":"<ul>\n<li><strong><em>Para hacer frente a la contingencia por Covid-19<\/em><\/strong><\/li>\n<\/ul>\n<p>&nbsp;<\/p>\n<div id=\"attachment_465398\" style=\"width: 470px\" class=\"wp-caption aligncenter\"><a href=\"https:\/\/www.diarioimagen.net\/?attachment_id=465398\" rel=\"attachment wp-att-465398\"><img loading=\"lazy\" decoding=\"async\" aria-describedby=\"caption-attachment-465398\" class=\"size-large wp-image-465398\" src=\"https:\/\/www.diarioimagen.net\/wp-content\/uploads\/2020\/04\/operagua-460x259.jpg\" alt=\"\" width=\"460\" height=\"259\" srcset=\"https:\/\/www.diarioimagen.net\/wp-content\/uploads\/2020\/04\/operagua-460x259.jpg 460w, https:\/\/www.diarioimagen.net\/wp-content\/uploads\/2020\/04\/operagua-240x135.jpg 240w, https:\/\/www.diarioimagen.net\/wp-content\/uploads\/2020\/04\/operagua-235x132.jpg 235w, https:\/\/www.diarioimagen.net\/wp-content\/uploads\/2020\/04\/operagua-202x114.jpg 202w, https:\/\/www.diarioimagen.net\/wp-content\/uploads\/2020\/04\/operagua-350x196.jpg 350w, https:\/\/www.diarioimagen.net\/wp-content\/uploads\/2020\/04\/operagua-220x123.jpg 220w, https:\/\/www.diarioimagen.net\/wp-content\/uploads\/2020\/04\/operagua-237x132.jpg 237w, https:\/\/www.diarioimagen.net\/wp-content\/uploads\/2020\/04\/operagua.jpg 480w\" sizes=\"auto, (max-width: 460px) 100vw, 460px\" \/><\/a><p id=\"caption-attachment-465398\" class=\"wp-caption-text\">Operagua y la Comisi\u00f3n de Agua del Estado de M\u00e9xico implementan un operativo de abastecimiento para dotar de agua a las comunidades.<\/p><\/div>\n<p>&nbsp;<\/p>\n<p><strong>Cuautitl\u00e1n Izcalli, Estado de M\u00e9xico<\/strong>.<strong>&#8211; <\/strong>Entre febrero y mayo, las altas temperaturas y la falta de lluvias provocan muy bajos niveles en las fuentes de abastecimiento que suministran agua potable a Cuautitl\u00e1n Izcalli, principalmente en el Sistema Cutzamala, causando baja presi\u00f3n en nuestro municipio.<\/p>\n<p>Ante esta situaci\u00f3n y para hacer frente a la contingencia por Covid-19, Operagua y la Comisi\u00f3n de Agua del Estado de M\u00e9xico (CAEM), implementan un operativo de abastecimiento para dotar de agua a las comunidades que as\u00ed lo requieran.<\/p>\n<p>El Programa Temporal y Gratuito de Reparto de Agua consiste en la dotaci\u00f3n de este recurso por medio de 14 autotanques, 11 de Operagua y tres del organismo Estatal, con el objetivo de realizar alrededor de 180 viajes de pipas semanales a las colonias que tengan baja presi\u00f3n, a fin de llegar aproximadamente al 80 por ciento de las colonias del municipio. Cabe destacar que el agua suministrada por autotanques contiene la cantidad de cloro necesaria para desactivar cualquier tipo de virus.<\/p>\n<p>La solicitud de pipas se debe realizar a los tel\u00e9fonos 5864 \u2013 0433, 0434 y 0435 y mediante las redes sociales del Organismo @Operagua2019 tanto en Twitter como en Facebook, indicando el nombre del solicitante, direcci\u00f3n exacta y n\u00famero de tel\u00e9fono.<\/p>\n<p>Cabe destacar que en los \u00faltimos meses se han presentado sobrecargas el\u00e9ctricas en los equipos de bombeo en los pozos, obligando a suspender durante varias horas la extracci\u00f3n de agua, lo que ha causado la disminuci\u00f3n en los niveles de los tanques de almacenamiento.<\/p>\n<p>Operagua hace un llamado a la poblaci\u00f3n a hacer un uso responsable del agua durante esta\u00a0 temporada de estiaje.<\/p>\n","protected":false},"excerpt":{"rendered":"<p>Entre febrero y mayo, las altas temperaturas y la falta de lluvias provocan muy bajos niveles en las fuentes de abastecimiento que suministran agua potable a Cuautitl\u00e1n Izcalli, principalmente en el Sistema Cutzamala, causando baja presi\u00f3n en nuestro municipio.<\/p>\n","protected":false},"author":3,"featured_media":465398,"comment_status":"open","ping_status":"open","sticky":false,"template":"","format":"standard","meta":{"_monsterinsights_skip_tracking":false,"_monsterinsights_sitenote_active":false,"_monsterinsights_sitenote_note":"","_monsterinsights_sitenote_category":0,"footnotes":""},"categories":[5],"tags":[162,2272,971,43675,79714],"class_list":["post-465346","post","type-post","status-publish","format-standard","has-post-thumbnail","hentry","category-estado-de-mexico","tag-agua","tag-caem","tag-cuautitlan-izcalli","tag-estado-de-mexico","tag-pipas"],"_links":{"self":[{"href":"https:\/\/www.diarioimagen.net\/index.php?rest_route=\/wp\/v2\/posts\/465346","targetHints":{"allow":["GET"]}}],"collection":[{"href":"https:\/\/www.diarioimagen.net\/index.php?rest_route=\/wp\/v2\/posts"}],"about":[{"href":"https:\/\/www.diarioimagen.net\/index.php?rest_route=\/wp\/v2\/types\/post"}],"author":[{"embeddable":true,"href":"https:\/\/www.diarioimagen.net\/index.php?rest_route=\/wp\/v2\/users\/3"}],"replies":[{"embeddable":true,"href":"https:\/\/www.diarioimagen.net\/index.php?rest_route=%2Fwp%2Fv2%2Fcomments&post=465346"}],"version-history":[{"count":0,"href":"https:\/\/www.diarioimagen.net\/index.php?rest_route=\/wp\/v2\/posts\/465346\/revisions"}],"wp:featuredmedia":[{"embeddable":true,"href":"https:\/\/www.diarioimagen.net\/index.php?rest_route=\/wp\/v2\/media\/465398"}],"wp:attachment":[{"href":"https:\/\/www.diarioimagen.net\/index.php?rest_route=%2Fwp%2Fv2%2Fmedia&parent=465346"}],"wp:term":[{"taxonomy":"category","embeddable":true,"href":"https:\/\/www.diarioimagen.net\/index.php?rest_route=%2Fwp%2Fv2%2Fcategories&post=465346"},{"taxonomy":"post_tag","embeddable":true,"href":"https:\/\/www.diarioimagen.net\/index.php?rest_route=%2Fwp%2Fv2%2Ftags&post=465346"}],"curies":[{"name":"wp","href":"https:\/\/api.w.org\/{rel}","templated":true}]}}