{"id":465350,"date":"2020-04-01T00:01:03","date_gmt":"2020-04-01T06:01:03","guid":{"rendered":"https:\/\/www.diarioimagen.net\/?p=465350"},"modified":"2020-04-01T00:48:41","modified_gmt":"2020-04-01T06:48:41","slug":"de-las-buenas-noticias-ihg-entrego-premios-a-hoteles-y-hoteleros-por-el-buen-desempeno-y-experiencias-para-viajeros-durante-2019","status":"publish","type":"post","link":"https:\/\/www.diarioimagen.net\/?p=465350","title":{"rendered":"De las buenas noticias IHG entreg\u00f3 premios a hoteles y hoteleros por el buen desempe\u00f1o y experiencias para viajeros durante 2019"},"content":{"rendered":"<h2>De cinco estrellas<\/h2>\n<h5>Victoria Gonz\u00e1lez Prado<\/h5>\n<p><strong>\u00a0<\/strong><\/p>\n<ul>\n<li><strong><em>Los 20 hoteles que la cadena <\/em>Riu Hotels &amp; Resorts<em> tiene en M\u00e9xico cerrar\u00e1n paulatinamente sus inmuebles para evitar contagios<\/em><\/strong><\/li>\n<li><strong><em>Ante las restricciones al tr\u00e1fico de pasajeros adoptadas por la mayor\u00eda de los pa\u00edses, <\/em>Iberia<em> toma distintas medidas frente a la situaci\u00f3n de crisis<\/em><\/strong><\/li>\n<\/ul>\n<p>&nbsp;<\/p>\n<div id=\"attachment_465408\" style=\"width: 470px\" class=\"wp-caption aligncenter\"><a href=\"https:\/\/www.diarioimagen.net\/?attachment_id=465408\" rel=\"attachment wp-att-465408\"><img loading=\"lazy\" decoding=\"async\" aria-describedby=\"caption-attachment-465408\" class=\"size-large wp-image-465408\" src=\"https:\/\/www.diarioimagen.net\/wp-content\/uploads\/2020\/04\/turismo-460x212.jpg\" alt=\"\" width=\"460\" height=\"212\" srcset=\"https:\/\/www.diarioimagen.net\/wp-content\/uploads\/2020\/04\/turismo-460x212.jpg 460w, https:\/\/www.diarioimagen.net\/wp-content\/uploads\/2020\/04\/turismo-240x111.jpg 240w, https:\/\/www.diarioimagen.net\/wp-content\/uploads\/2020\/04\/turismo.jpg 700w\" sizes=\"auto, (max-width: 460px) 100vw, 460px\" \/><\/a><p id=\"caption-attachment-465408\" class=\"wp-caption-text\">Aqu\u00ed reunidos todos los premiados.<\/p><\/div>\n<p>&nbsp;<\/p>\n<p>Insisto que debemos hablar tambi\u00e9n de noticias agradables. Sin dejar de hablar de las acciones que se toman ante la crisis por la que atraviesa el mundo. De las buenas noticias destaco que IHG (<em>InterContinental Hotels Group<\/em>), llev\u00f3 a cabo en Ciudad de M\u00e9xico y en Ciudad de Panam\u00e1, juntas anuales de Gerentes Generales y Directores de Ventas de sus hoteles franquiciados en M\u00e9xico, Am\u00e9rica Latina y el Caribe.<\/p>\n<p>Entre las actividades realizadas, a principios de marzo, se premi\u00f3 a los Gerentes Generales, Directores de Ventas y hoteles, que tuvieron desempe\u00f1o excepcional durante el pasado 2019.<\/p>\n<p><strong>Jorge Apaez<\/strong>, COO M\u00e9xico, Am\u00e9rica Latina y el Caribe de IHG, dijo: \u201ccelebramos a los hoteles y colegas ganadores, quienes se posicionaron como l\u00edderes en la preferencia de hu\u00e9spedes, gracias al desempe\u00f1o demostrado en 2019 al brindar experiencias durante su estad\u00eda. Estos premios al Mejor Desempe\u00f1o son resultado del esfuerzo conjunto, profesionalismo de\u00a0 colaboradores, excelente servicio e instalaciones\u201d.<\/p>\n<p>Al finalizar las sesiones de trabajo se hizo entrega de los premios en seis categor\u00edas: Mejor Gerente General, Mejor Director de Ventas, Mejores Desempe\u00f1os Comercial y Operacional, entre los hoteles franquiciados de las marcas: InternContinental Hotels &amp; Resorts, Ceowne Plaza Hotels &amp; Resorts,\u00a0 Hotel \u00cdndigo, <em>Holiday Inn Hotels &amp; Resorts, Holiday Inn Express, Staybridge Suites,<\/em> y <em>Candlevood Suites<\/em> en cada territorio y que tuvieron desempe\u00f1o excepcional durante el 2019, de acuerdo con los resultados obtenidos de los <em>Winning Metrics<\/em> de IHG, siendo ganadores: Gerente General del A\u00f1o:<strong> F\u00e9lix Ruano<\/strong>, InterContinental Presidente Santa Fe M\u00e9xico y <strong>Giannina Madrigal<\/strong>, <em>Crowne Plaza San Jos\u00e9 Corobici<\/em>, Costa Rica.<\/p>\n<p>Gerente de Ventas del A\u00f1o: <strong>Ana Arcos<\/strong>, <em>Crowne Plaza Villahermosa<\/em>, M\u00e9xico y <em>Mar\u00eda Jos\u00e9 Escudero<\/em>, <em>InterContinental Costa Rica at Multiplaza Mall.<\/em><\/p>\n<p>Desempe\u00f1o Comercial<em>: Holiday Inn Puebla La Noria<\/em>, M\u00e9xico y <em>Holiday Inn Express <\/em>Puerto Madero Buenos Aires, Argentina.<\/p>\n<p>Desempe\u00f1o Operacional<strong>, <\/strong><em>Holiday Inn Resort<\/em> <em>Acapulco;<\/em> <em>Holiday Inn Express &amp; Suites Ciudad Obreg\u00f3n<\/em>; <em>Holiday Inn La Piedad; Holiday Inn M\u00e9xico City Plaza Universidad; Holiday Inn Express M\u00e9xico Toreo;\u00a0 Holiday Inn Ciudad de M\u00e9xico Trade Center; Holiday Inn Ciudad de M\u00e9xico Perinorte; Crowne Plaza Quer\u00e9taro; Holiday Inn Express Oaxaca Centro Hist\u00f3rico; Holiday Inn Express Puebla;\u00a0 Holiday Inn Express San Jos\u00e9 Costa Rica Airport y el Holiday Inn Express Temuco, Chile. <\/em><\/p>\n<p>Iniciativas de Marketing<strong>, <\/strong><em>Holiday Inn Express M\u00e9xico Reforma<\/em> y <em>Crowne Plaza Panam\u00e1 Airport.<\/em><\/p>\n<p>Revenue Management<strong>, <\/strong><em>Staybridge Suites Guadalajara Expo, M\u00e9xico<\/em> y <em>Crowne Plaza Barranquilla,<\/em> Colombia.<\/p>\n<p>\u2730\u2730\u2730\u2730\u2730 Los 20 hoteles que la cadena <em>Riu Hotels &amp; Resorts<\/em> tiene en M\u00e9xico \u2013ubicados principalmente en destinos de sol y playa\u2014 cerrar\u00e1n paulatinamente sus inmuebles en respuesta a las medidas implementadas para combatir contagios.<\/p>\n<p>Bolet\u00edn de prensa emitido por la cadena hotelera se\u00f1ala: \u201cdependiendo de las necesidades ocupacionales del momento, ser\u00e1n cerrados los complejos, aunque esperamos mantener en operaci\u00f3n \u201cuno o dos hoteles en cada uno de los destinos: Canc\u00fan, Playa del Carmen, Costa Mujeres, Los Cabos, Mazatl\u00e1n, Nuevo Vallarta y Guadalajara, con total de 11 mil 531 habitaciones y plantilla de m\u00e1s de 10 mil empleados\u201d.<\/p>\n<p>En los pocos hoteles que se mantengan en operaci\u00f3n se recibir\u00e1n viajeros que ya ten\u00edan viajes programados y \u201cno han podido o no han querido\u201d cancelar, o que no puedan regresar a su pa\u00eds de origen por las restricciones de vuelo que han impuesto varias naciones.<\/p>\n<p>\u2730\u2730\u2730\u2730\u2730 Ante las restricciones al tr\u00e1fico de pasajeros adoptadas por la mayor\u00eda de los pa\u00edses, Iberia ha tomado distintas medidas para hacer frente a esta situaci\u00f3n, desde el punto de vista laboral, operativo, financiero, y de protecci\u00f3n de la salud y prevenci\u00f3n de riesgos.<\/p>\n<p>Paralelamente a la reducci\u00f3n en rutas y frecuencias la l\u00ednea a\u00e9rea implanta pol\u00edtica de flexibilidad en los cambios de billetes a\u00e9reos sin cargos por cambios de reservaciones y devoluciones de efectivo en pasajes ya adquiridos.<\/p>\n<p>La compa\u00f1\u00eda tom\u00f3 medidas de ahorro y contenci\u00f3n de costos, como congelaci\u00f3n de todas las contrataciones externas y servicios de consultor\u00eda, cancelaci\u00f3n de gastos discrecionales, aplazamiento de formaci\u00f3n corporativa, supresi\u00f3n de todos los gastos de marketing, entre otras.<\/p>\n<p>Adem\u00e1s, la l\u00ednea a\u00e9rea ha cancelado reuniones presenciales, y facilitado el teletrabajo en todos los centros donde esto es posible, dando a las personas los equipos necesarios para ello.<\/p>\n<p>&nbsp;<\/p>\n<blockquote>\n<p style=\"text-align: right;\"><strong>\u201cEl \u00e1ngel de la fama tiene sus alas hechas de papel&#8230; peri\u00f3dico\u201d.<\/strong><\/p>\n<\/blockquote>\n<p>&nbsp;<\/p>\n<p><em><span class=\"Apple-converted-space\"><a href=\"mailto:victoriagprado@gmail.com\" target=\"_blank\" rel=\"noopener noreferrer\">victoriagprado@gmail.com<\/a><br \/>\nTwitter: <a href=\"https:\/\/twitter.com\/victoriagprado\" target=\"_blank\" rel=\"noopener noreferrer\">@victoriagprado<\/a><\/span><\/em><\/p>\n","protected":false},"excerpt":{"rendered":"<p>Insisto que debemos hablar tambi\u00e9n de noticias agradables. Sin dejar de hablar de las acciones que se toman ante la crisis por la que atraviesa el mundo. De las buenas noticias destaco que IHG (<em>InterContinental Hotels Group<\/em>), llev\u00f3 a cabo en Ciudad de M\u00e9xico y en Ciudad de Panam\u00e1, juntas anuales de Gerentes Generales y Directores de Ventas de sus hoteles franquiciados en M\u00e9xico, Am\u00e9rica Latina y el Caribe.<\/p>\n","protected":false},"author":3,"featured_media":465408,"comment_status":"open","ping_status":"open","sticky":false,"template":"","format":"standard","meta":{"_monsterinsights_skip_tracking":false,"_monsterinsights_sitenote_active":false,"_monsterinsights_sitenote_note":"","_monsterinsights_sitenote_category":0,"footnotes":""},"categories":[11],"tags":[107,43674,43681,106],"class_list":["post-465350","post","type-post","status-publish","format-standard","has-post-thumbnail","hentry","category-turismo","tag-de-cinco-estrellas","tag-opinion","tag-turismo","tag-victoria-gonzalez-prado"],"_links":{"self":[{"href":"https:\/\/www.diarioimagen.net\/index.php?rest_route=\/wp\/v2\/posts\/465350","targetHints":{"allow":["GET"]}}],"collection":[{"href":"https:\/\/www.diarioimagen.net\/index.php?rest_route=\/wp\/v2\/posts"}],"about":[{"href":"https:\/\/www.diarioimagen.net\/index.php?rest_route=\/wp\/v2\/types\/post"}],"author":[{"embeddable":true,"href":"https:\/\/www.diarioimagen.net\/index.php?rest_route=\/wp\/v2\/users\/3"}],"replies":[{"embeddable":true,"href":"https:\/\/www.diarioimagen.net\/index.php?rest_route=%2Fwp%2Fv2%2Fcomments&post=465350"}],"version-history":[{"count":0,"href":"https:\/\/www.diarioimagen.net\/index.php?rest_route=\/wp\/v2\/posts\/465350\/revisions"}],"wp:featuredmedia":[{"embeddable":true,"href":"https:\/\/www.diarioimagen.net\/index.php?rest_route=\/wp\/v2\/media\/465408"}],"wp:attachment":[{"href":"https:\/\/www.diarioimagen.net\/index.php?rest_route=%2Fwp%2Fv2%2Fmedia&parent=465350"}],"wp:term":[{"taxonomy":"category","embeddable":true,"href":"https:\/\/www.diarioimagen.net\/index.php?rest_route=%2Fwp%2Fv2%2Fcategories&post=465350"},{"taxonomy":"post_tag","embeddable":true,"href":"https:\/\/www.diarioimagen.net\/index.php?rest_route=%2Fwp%2Fv2%2Ftags&post=465350"}],"curies":[{"name":"wp","href":"https:\/\/api.w.org\/{rel}","templated":true}]}}