{"id":465530,"date":"2020-04-02T00:01:45","date_gmt":"2020-04-02T06:01:45","guid":{"rendered":"https:\/\/www.diarioimagen.net\/?p=465530"},"modified":"2020-04-02T00:56:32","modified_gmt":"2020-04-02T06:56:32","slug":"tultepec-crea-un-directorio-digital-de-negocios-para-impulsar-comercio-local","status":"publish","type":"post","link":"https:\/\/www.diarioimagen.net\/?p=465530","title":{"rendered":"Tultepec crea un directorio digital de negocios para impulsar comercio local"},"content":{"rendered":"<ul>\n<li><strong><em>Ante la contingencia generada por Covid-19<\/em><\/strong><\/li>\n<\/ul>\n<p><strong>\u00a0<\/strong><\/p>\n<p><a href=\"https:\/\/www.diarioimagen.net\/?attachment_id=465540\" rel=\"attachment wp-att-465540\"><img loading=\"lazy\" decoding=\"async\" class=\"aligncenter size-large wp-image-465540\" src=\"https:\/\/www.diarioimagen.net\/wp-content\/uploads\/2020\/04\/tultepec-460x271.jpg\" alt=\"\" width=\"460\" height=\"271\" srcset=\"https:\/\/www.diarioimagen.net\/wp-content\/uploads\/2020\/04\/tultepec-460x271.jpg 460w, https:\/\/www.diarioimagen.net\/wp-content\/uploads\/2020\/04\/tultepec-240x141.jpg 240w, https:\/\/www.diarioimagen.net\/wp-content\/uploads\/2020\/04\/tultepec.jpg 640w\" sizes=\"auto, (max-width: 460px) 100vw, 460px\" \/><\/a><\/p>\n<p>&nbsp;<\/p>\n<p><strong>Tultepec, Estado de M\u00e9xico.-<\/strong> Para contrarrestar las afectaciones econ\u00f3micas en los peque\u00f1os y medianos negocios de Tultepec ante la contingencia generada por el Covid-19, el gobierno municipal est\u00e1 creando un directorio digital comercial y de prestadores de servicios, plataforma \u00fanica en el Estado de M\u00e9xico, para coadyuvar y fortalecer el consumo local, estrechando la relaci\u00f3n comercial entre locatarios y ciudadan\u00eda.<\/p>\n<p>Para ello, el gobierno municipal abri\u00f3 una convocatoria a todos los peque\u00f1os y medianos negocios del territorio local para registrarse de manera gratuita a al directorio digital www.tultepecconsugente.com\u00a0 donde la ciudadan\u00eda podr\u00e1 consultar y buscar de manera sencilla el tipo de servicio que prestan, para que, en caso de requerirlo, logren un contacto directo generando as\u00ed un c\u00edrculo virtuoso en beneficio de ambos.<\/p>\n<p>Sin importar qu\u00e9 tan grande o peque\u00f1o sea el negocio ni el giro comercial, los interesados s\u00f3lo deben enviar sus datos, a trav\u00e9s del correo\u00a0 tultepecconsugente@gmail.com los cuales consisten en: giro comercial, nombre del local, direcci\u00f3n, horario, tel\u00e9fono, descripci\u00f3n del negocio, si realiza entregas a domicilio, foto de la fachada o producto y link de Facebook en caso de tenerlo, el registro es totalmente gratuito.<\/p>\n<p>Al abrir dicha p\u00e1gina aparece un mapa del territorio municipal y la ubicaci\u00f3n de los negocios registrados adem\u00e1s de un buscador para facilitar su localizaci\u00f3n por nombre del negocio, giro comercial y otros datos particulares del mismo.<\/p>\n<p>El alcalde Armando Portuguez Fuentes, afirm\u00f3 que el uso de herramientas digitales ante la contingencia es una forma pr\u00e1ctica y efectiva de solidarizarse y fortalecer el comercio local ante las restricciones de movilidad ciudadana ordenadas por los gobiernos federal y estatal, con la intenci\u00f3n de evitar a toda costa la propagaci\u00f3n del Covid-19, convirti\u00e9ndose a la vez en un acto de \u201cresponsabilidad compartida\u201d.<\/p>\n<p>Finalmente, el gobierno municipal reitera un llamado a la ciudadan\u00eda para que ejerza un estricto sentido de responsabilidad de cuidarse y cuidarnos a todos qued\u00e1ndose en sus casas, evitando salir si no es rigurosamente necesario, como es el caso de abastecerse de alimentos o medicinas o por alguna emergencia, que es justamente lo que se pretende evitar con este directorio digital de comercios locales.<\/p>\n","protected":false},"excerpt":{"rendered":"<p>Para contrarrestar las afectaciones econ\u00f3micas en los peque\u00f1os y medianos negocios de Tultepec ante la contingencia generada por el Covid-19, el gobierno municipal est\u00e1 creando un directorio digital comercial y de prestadores de servicios, plataforma \u00fanica en el Estado de M\u00e9xico, para coadyuvar y fortalecer el consumo local, estrechando la relaci\u00f3n comercial entre locatarios y ciudadan\u00eda.<\/p>\n","protected":false},"author":3,"featured_media":465540,"comment_status":"open","ping_status":"open","sticky":false,"template":"","format":"standard","meta":{"_monsterinsights_skip_tracking":false,"_monsterinsights_sitenote_active":false,"_monsterinsights_sitenote_note":"","_monsterinsights_sitenote_category":0,"footnotes":""},"categories":[5],"tags":[90785,90786,43675,70217,3802],"class_list":["post-465530","post","type-post","status-publish","format-standard","has-post-thumbnail","hentry","category-estado-de-mexico","tag-comerc-io","tag-digital","tag-estado-de-mexico","tag-impulsar","tag-tultepec"],"_links":{"self":[{"href":"https:\/\/www.diarioimagen.net\/index.php?rest_route=\/wp\/v2\/posts\/465530","targetHints":{"allow":["GET"]}}],"collection":[{"href":"https:\/\/www.diarioimagen.net\/index.php?rest_route=\/wp\/v2\/posts"}],"about":[{"href":"https:\/\/www.diarioimagen.net\/index.php?rest_route=\/wp\/v2\/types\/post"}],"author":[{"embeddable":true,"href":"https:\/\/www.diarioimagen.net\/index.php?rest_route=\/wp\/v2\/users\/3"}],"replies":[{"embeddable":true,"href":"https:\/\/www.diarioimagen.net\/index.php?rest_route=%2Fwp%2Fv2%2Fcomments&post=465530"}],"version-history":[{"count":0,"href":"https:\/\/www.diarioimagen.net\/index.php?rest_route=\/wp\/v2\/posts\/465530\/revisions"}],"wp:featuredmedia":[{"embeddable":true,"href":"https:\/\/www.diarioimagen.net\/index.php?rest_route=\/wp\/v2\/media\/465540"}],"wp:attachment":[{"href":"https:\/\/www.diarioimagen.net\/index.php?rest_route=%2Fwp%2Fv2%2Fmedia&parent=465530"}],"wp:term":[{"taxonomy":"category","embeddable":true,"href":"https:\/\/www.diarioimagen.net\/index.php?rest_route=%2Fwp%2Fv2%2Fcategories&post=465530"},{"taxonomy":"post_tag","embeddable":true,"href":"https:\/\/www.diarioimagen.net\/index.php?rest_route=%2Fwp%2Fv2%2Ftags&post=465530"}],"curies":[{"name":"wp","href":"https:\/\/api.w.org\/{rel}","templated":true}]}}