{"id":465556,"date":"2020-04-03T00:03:11","date_gmt":"2020-04-03T06:03:11","guid":{"rendered":"https:\/\/www.diarioimagen.net\/?p=465556"},"modified":"2020-04-03T02:25:45","modified_gmt":"2020-04-03T08:25:45","slug":"acuerdan-colocar-un-filtro-para-medir-temperatura-en-palacio-municipal-de-tultepec","status":"publish","type":"post","link":"https:\/\/www.diarioimagen.net\/?p=465556","title":{"rendered":"Acuerdan colocar un filtro para medir temperatura en palacio municipal de Tultepec"},"content":{"rendered":"<ul>\n<li><strong><em>Para descartar posibles contagios<\/em><\/strong><\/li>\n<\/ul>\n<p>&nbsp;<\/p>\n<div id=\"attachment_465604\" style=\"width: 470px\" class=\"wp-caption aligncenter\"><a href=\"https:\/\/www.diarioimagen.net\/?attachment_id=465604\" rel=\"attachment wp-att-465604\"><img loading=\"lazy\" decoding=\"async\" aria-describedby=\"caption-attachment-465604\" class=\"size-large wp-image-465604\" src=\"https:\/\/www.diarioimagen.net\/wp-content\/uploads\/2020\/04\/CAMACHO3-b-460x259.jpg\" alt=\"\" width=\"460\" height=\"259\" srcset=\"https:\/\/www.diarioimagen.net\/wp-content\/uploads\/2020\/04\/CAMACHO3-b-460x259.jpg 460w, https:\/\/www.diarioimagen.net\/wp-content\/uploads\/2020\/04\/CAMACHO3-b-240x135.jpg 240w, https:\/\/www.diarioimagen.net\/wp-content\/uploads\/2020\/04\/CAMACHO3-b-235x132.jpg 235w, https:\/\/www.diarioimagen.net\/wp-content\/uploads\/2020\/04\/CAMACHO3-b-202x114.jpg 202w, https:\/\/www.diarioimagen.net\/wp-content\/uploads\/2020\/04\/CAMACHO3-b-350x196.jpg 350w, https:\/\/www.diarioimagen.net\/wp-content\/uploads\/2020\/04\/CAMACHO3-b-220x123.jpg 220w, https:\/\/www.diarioimagen.net\/wp-content\/uploads\/2020\/04\/CAMACHO3-b-237x132.jpg 237w, https:\/\/www.diarioimagen.net\/wp-content\/uploads\/2020\/04\/CAMACHO3-b.jpg 480w\" sizes=\"auto, (max-width: 460px) 100vw, 460px\" \/><\/a><p id=\"caption-attachment-465604\" class=\"wp-caption-text\">Como una medida de prevenci\u00f3n para evitar la propagaci\u00f3n del Covid-19, el Cabildo\u00a0 de Tultepec determin\u00f3 colocar un filtro a la entrada del palacio municipal.<\/p><\/div>\n<p>&nbsp;<\/p>\n<p><strong>Tultepec, Estado de M\u00e9xico.<\/strong><strong>&#8211; <\/strong>Por acuerdo de Cabildo y como una medida de prevenci\u00f3n para evitar la propagaci\u00f3n del Covid-19, el Ayuntamiento 2019-2021 determin\u00f3 colocar un filtro a la entrada del palacio municipal a partir del viernes 3 de abril, donde se aplicar\u00e1 gel antibacterial en las manos y se tomar\u00e1 la temperatura a toda persona que acuda a la realizaci\u00f3n de cualquier tr\u00e1mite a fin de descartar que presenten s\u00edntomas de la enfermedad.<\/p>\n<p>Adem\u00e1s, se evitar\u00e1 el ingreso al edificio de personas que presenten s\u00edntomas como tos, fiebre, dolor de cabeza, dificultad para respirar (casos m\u00e1s graves), malestar general en su cuerpo y estornudos frecuentes; y en su caso ser\u00e1n canalizados para que se realicen alguna prueba m\u00e9dica que descarte que est\u00e1n infectados, evitando con ello que el virus pudiera propagarse a m\u00e1s gente.<\/p>\n<p>Se precis\u00f3 que las actividades p\u00fablicas a cargo de gobierno municipal no ser\u00e1n interrumpidas, sobre todo en materia de seguridad p\u00fablica y tr\u00e1nsito, protecci\u00f3n civil y bomberos, servicios p\u00fablicos, agua potable, alcantarillado y saneamiento, obras p\u00fablicas, alumbrado p\u00fablico, panteones, ecolog\u00eda y salud p\u00fablica, as\u00ed como la Tesorer\u00eda municipal que adem\u00e1s ofrece el pago de contribuciones y derechos a trav\u00e9s de medios electr\u00f3nicos.<\/p>\n<p>El Colegiado tambi\u00e9n decidi\u00f3 ampliar la fecha de suspensi\u00f3n de actividades en los deportivos municipales, casa de cultura, bibliotecas, museo del mamut, galer\u00eda del kiosco, guarder\u00edas y centros de desarrollo comunitario fijada originalmente para el pr\u00f3ximo 20 de abril hasta el d\u00eda 30.<\/p>\n<p>La restricci\u00f3n tambi\u00e9n se ampli\u00f3 para las actividades de los grupos de adultos mayores, eventos masivos, el concurso anual de judas pirot\u00e9cnicos, torneos deportivos y jornadas de esterilizaci\u00f3n canina y felina. aplicando estrictamente los protocolos generales de sanidad recomendadas por la OMS.<\/p>\n<p>El personal que continuar\u00e1 laborando deber\u00e1 acatar la estricta aplicaci\u00f3n de los protocolos generales de sanidad y colocaci\u00f3n de gel antibacterial para el uso de los servidores p\u00fablicos y usuarios; evitar saludos de beso o mano, cubrir los estornudos o tos, con el \u00e1ngulo interno del brazo, mantener una distancia de al menos metro y medio con las dem\u00e1s personas y realizar la desinfecci\u00f3n constante en \u00e1reas comunes.<\/p>\n<p>El Cabildo aprob\u00f3 adem\u00e1s que los servidores p\u00fablicos mayores de 60 a\u00f1os y no s\u00f3lo de 65 o m\u00e1s, como se aprob\u00f3 la semana pasada, con riesgo de desarrollar enfermedad grave y\/o morir a causa de esta, deber\u00e1n ausentarse de acudir a trabajar y quedarse en casa hasta el 30 de abril a manera de permiso con goce de sueldo y dem\u00e1s prestaciones establecidas por la Ley.<\/p>\n<p>De igual forma, los servidores p\u00fablicos con discapacidad, enfermedades cr\u00f3nicas no transmisibles, como hipertensi\u00f3n arterial, pulmonar, insuficiencia renal, lupus, c\u00e1ncer, diabetes mellitus, insuficiencia hep\u00e1tica o metab\u00f3lica, cardiaca, o con alg\u00fan padecimiento o tratamiento farmacol\u00f3gico que les genere supresi\u00f3n del sistema inmunol\u00f3gico, as\u00ed como mujeres embarazadas o en periodo de lactancia.<\/p>\n","protected":false},"excerpt":{"rendered":"<p>Por acuerdo de Cabildo y como una medida de prevenci\u00f3n para evitar la propagaci\u00f3n del Covid-19, el Ayuntamiento 2019-2021 determin\u00f3 colocar un filtro a la entrada del palacio municipal a partir del viernes 3 de abril, donde se aplicar\u00e1 gel antibacterial en las manos y se tomar\u00e1 la temperatura a toda persona que acuda a la realizaci\u00f3n de cualquier tr\u00e1mite a fin de descartar que presenten s\u00edntomas de la enfermedad.<\/p>\n","protected":false},"author":3,"featured_media":465604,"comment_status":"open","ping_status":"open","sticky":false,"template":"","format":"standard","meta":{"_monsterinsights_skip_tracking":false,"_monsterinsights_sitenote_active":false,"_monsterinsights_sitenote_note":"","_monsterinsights_sitenote_category":0,"footnotes":""},"categories":[5],"tags":[43675,89642,69796,3802],"class_list":["post-465556","post","type-post","status-publish","format-standard","has-post-thumbnail","hentry","category-estado-de-mexico","tag-estado-de-mexico","tag-filtro","tag-palacio-municipal","tag-tultepec"],"_links":{"self":[{"href":"https:\/\/www.diarioimagen.net\/index.php?rest_route=\/wp\/v2\/posts\/465556","targetHints":{"allow":["GET"]}}],"collection":[{"href":"https:\/\/www.diarioimagen.net\/index.php?rest_route=\/wp\/v2\/posts"}],"about":[{"href":"https:\/\/www.diarioimagen.net\/index.php?rest_route=\/wp\/v2\/types\/post"}],"author":[{"embeddable":true,"href":"https:\/\/www.diarioimagen.net\/index.php?rest_route=\/wp\/v2\/users\/3"}],"replies":[{"embeddable":true,"href":"https:\/\/www.diarioimagen.net\/index.php?rest_route=%2Fwp%2Fv2%2Fcomments&post=465556"}],"version-history":[{"count":0,"href":"https:\/\/www.diarioimagen.net\/index.php?rest_route=\/wp\/v2\/posts\/465556\/revisions"}],"wp:featuredmedia":[{"embeddable":true,"href":"https:\/\/www.diarioimagen.net\/index.php?rest_route=\/wp\/v2\/media\/465604"}],"wp:attachment":[{"href":"https:\/\/www.diarioimagen.net\/index.php?rest_route=%2Fwp%2Fv2%2Fmedia&parent=465556"}],"wp:term":[{"taxonomy":"category","embeddable":true,"href":"https:\/\/www.diarioimagen.net\/index.php?rest_route=%2Fwp%2Fv2%2Fcategories&post=465556"},{"taxonomy":"post_tag","embeddable":true,"href":"https:\/\/www.diarioimagen.net\/index.php?rest_route=%2Fwp%2Fv2%2Ftags&post=465556"}],"curies":[{"name":"wp","href":"https:\/\/api.w.org\/{rel}","templated":true}]}}