{"id":465584,"date":"2020-04-03T00:03:21","date_gmt":"2020-04-03T06:03:21","guid":{"rendered":"https:\/\/www.diarioimagen.net\/?p=465584"},"modified":"2020-04-06T01:50:01","modified_gmt":"2020-04-06T06:50:01","slug":"pactan-ip-y-amlo-fondo-de-nafinsa-en-apoyo-a-empresas","status":"publish","type":"post","link":"https:\/\/www.diarioimagen.net\/?p=465584","title":{"rendered":"Pactan IP y AMLO fondo de Nafinsa en apoyo a empresas"},"content":{"rendered":"<ul>\n<li><em><strong>Ante crisis econ\u00f3mica por contingencia<\/strong><\/em><\/li>\n<li><em><strong>Acuerdan cr\u00e9ditos urgentes para proteger empleo y salarios<\/strong><\/em><\/li>\n<\/ul>\n<h6>Jos\u00e9 Luis Monta\u00f1ez<\/h6>\n<p>&nbsp;<\/p>\n<div id=\"attachment_465630\" style=\"width: 470px\" class=\"wp-caption aligncenter\"><a href=\"https:\/\/www.diarioimagen.net\/?attachment_id=465630\" rel=\"attachment wp-att-465630\"><img loading=\"lazy\" decoding=\"async\" aria-describedby=\"caption-attachment-465630\" class=\"size-large wp-image-465630\" src=\"https:\/\/www.diarioimagen.net\/wp-content\/uploads\/2020\/04\/PACTO3-a-460x259.jpg\" alt=\"\" width=\"460\" height=\"259\" srcset=\"https:\/\/www.diarioimagen.net\/wp-content\/uploads\/2020\/04\/PACTO3-a-460x259.jpg 460w, https:\/\/www.diarioimagen.net\/wp-content\/uploads\/2020\/04\/PACTO3-a-240x135.jpg 240w, https:\/\/www.diarioimagen.net\/wp-content\/uploads\/2020\/04\/PACTO3-a-235x132.jpg 235w, https:\/\/www.diarioimagen.net\/wp-content\/uploads\/2020\/04\/PACTO3-a-202x114.jpg 202w, https:\/\/www.diarioimagen.net\/wp-content\/uploads\/2020\/04\/PACTO3-a-350x196.jpg 350w, https:\/\/www.diarioimagen.net\/wp-content\/uploads\/2020\/04\/PACTO3-a-220x123.jpg 220w, https:\/\/www.diarioimagen.net\/wp-content\/uploads\/2020\/04\/PACTO3-a-237x132.jpg 237w, https:\/\/www.diarioimagen.net\/wp-content\/uploads\/2020\/04\/PACTO3-a.jpg 480w\" sizes=\"auto, (max-width: 460px) 100vw, 460px\" \/><\/a><p id=\"caption-attachment-465630\" class=\"wp-caption-text\">En el encuentro estuvieron el representante del (CCE), Carlos Salazar, Luis Ni\u00f1o de Rivera, presidente de la ABM; Antonio del Valle, presidente del Consejo Mexicano de Negocios, y Francisco Cervantes, presidente de Concamin.<\/p><\/div>\n<p>&nbsp;<\/p>\n<p>Despu\u00e9s de sostener una reuni\u00f3n de m\u00e1s de cuatro horas en Palacio Nacional con el presidente Andr\u00e9s Manuel L\u00f3pez Obrador, el representante del Consejo Coordinador Empresarial (CCE), Carlos Salazar Lomel\u00edn, adelant\u00f3 que en el di\u00e1logo con el Presidente acordaron crear un fondo de Nafinsa para que la banca apoye a empresas por contingencia y mantener un di\u00e1logo permanente y desarrollar planes mensuales de desarrollo.<\/p>\n<p>Salazar Lomel\u00edn dijo en entrevista que uno de los acuerdos fue \u201ctratar de que haya un fondo de Nafinsa para que la banca privada pueda darle cr\u00e9ditos a organizaciones que se quedan sin ingresos\u201d.<\/p>\n<p>Los empresarios propusieron una serie de medidas \u00abcontundentes e inmediatas\u00bb para evitar la disminuci\u00f3n dr\u00e1stica de la inversi\u00f3n, apoyar a las peque\u00f1as y medianas empresas, y preservar el empleo de 21 millones de mexicanos, inform\u00f3 el empresario.<\/p>\n<p>La principal medida, con la que se busca proteger a las Peque\u00f1as y Medianas empresas (MiPyMEs), es la creaci\u00f3n de un fondo por parte de Nacional Financiera, que servir\u00e1 de garant\u00eda para que la Banca privada otorgue cr\u00e9ditos para los peque\u00f1os negocios. Durante la contingencia sanitaria que est\u00e1 vigente, van a cerrar 170 mil empresas, pero, no se puede saber \u201ccu\u00e1ntas van a reabrir\u201d, explic\u00f3 presidente de la Confederaci\u00f3n de C\u00e1maras Industriales (Concamin), Francisco Cervantes, quien estim\u00f3 que se puede perder hasta 4 puntos del Producto Interno Bruto (PIB).<\/p>\n<p>\u201cParecer\u00eda ser, pero tenemos que evaluarlo permanentemente, que abril lo tenemos m\u00e1s o menos resuelto\u201d, afirm\u00f3 Salazar Lomel\u00edn, al salir de la reuni\u00f3n a la que tambi\u00e9n acudi\u00f3 Antonio Del Valle, presidente del Consejo Mexicano de Negocios, y Luis Ni\u00f1o de Rivera, presidente de la Asociaci\u00f3n de Bancos de M\u00e9xico (ABM). \u201cEn nuestras propuestas b\u00e1sicamente est\u00e1 apoyar a las peque\u00f1as empresas del pa\u00eds, apoyar a las MiPyMEs, tratar que haya un fondo que est\u00e9 de alguna manera soportado por Nafinsapara que la Banca privada pueda darle cr\u00e9dito a estas organizaciones que se quedan sin ingresos, y con eso se pueda mantener el empleo. Lo que m\u00e1s nos interesa es el empleo\u201d.<\/p>\n","protected":false},"excerpt":{"rendered":"<p><span style=\"color: #005497;\"><strong>Jos\u00e9 Luis Monta\u00f1ez<\/strong><\/span><br \/>\n<br \/>\nDespu\u00e9s de sostener una reuni\u00f3n de m\u00e1s de cuatro horas en Palacio Nacional con el presidente Andr\u00e9s Manuel L\u00f3pez Obrador, el representante del Consejo Coordinador Empresarial (CCE), Carlos Salazar Lomel\u00edn, adelant\u00f3 que en el di\u00e1logo con el Presidente acordaron crear un fondo de Nafinsa para que la banca apoye a empresas por contingencia y mantener un di\u00e1logo permanente y desarrollar planes mensuales de desarrollo.<\/p>\n","protected":false},"author":3,"featured_media":465630,"comment_status":"open","ping_status":"open","sticky":false,"template":"","format":"standard","meta":{"_monsterinsights_skip_tracking":false,"_monsterinsights_sitenote_active":false,"_monsterinsights_sitenote_note":"","_monsterinsights_sitenote_category":0,"footnotes":""},"categories":[8],"tags":[2545,4327,90021,43678,43673,75809,29516,43692],"class_list":["post-465584","post","type-post","status-publish","format-standard","has-post-thumbnail","hentry","category-finanzas","tag-amlo","tag-cce","tag-covid-19","tag-finanzas","tag-nacional","tag-pactan","tag-pandemia","tag-salud"],"_links":{"self":[{"href":"https:\/\/www.diarioimagen.net\/index.php?rest_route=\/wp\/v2\/posts\/465584","targetHints":{"allow":["GET"]}}],"collection":[{"href":"https:\/\/www.diarioimagen.net\/index.php?rest_route=\/wp\/v2\/posts"}],"about":[{"href":"https:\/\/www.diarioimagen.net\/index.php?rest_route=\/wp\/v2\/types\/post"}],"author":[{"embeddable":true,"href":"https:\/\/www.diarioimagen.net\/index.php?rest_route=\/wp\/v2\/users\/3"}],"replies":[{"embeddable":true,"href":"https:\/\/www.diarioimagen.net\/index.php?rest_route=%2Fwp%2Fv2%2Fcomments&post=465584"}],"version-history":[{"count":0,"href":"https:\/\/www.diarioimagen.net\/index.php?rest_route=\/wp\/v2\/posts\/465584\/revisions"}],"wp:featuredmedia":[{"embeddable":true,"href":"https:\/\/www.diarioimagen.net\/index.php?rest_route=\/wp\/v2\/media\/465630"}],"wp:attachment":[{"href":"https:\/\/www.diarioimagen.net\/index.php?rest_route=%2Fwp%2Fv2%2Fmedia&parent=465584"}],"wp:term":[{"taxonomy":"category","embeddable":true,"href":"https:\/\/www.diarioimagen.net\/index.php?rest_route=%2Fwp%2Fv2%2Fcategories&post=465584"},{"taxonomy":"post_tag","embeddable":true,"href":"https:\/\/www.diarioimagen.net\/index.php?rest_route=%2Fwp%2Fv2%2Ftags&post=465584"}],"curies":[{"name":"wp","href":"https:\/\/api.w.org\/{rel}","templated":true}]}}