{"id":465663,"date":"2020-04-06T00:05:41","date_gmt":"2020-04-06T05:05:41","guid":{"rendered":"https:\/\/www.diarioimagen.net\/?p=465663"},"modified":"2020-04-08T00:08:40","modified_gmt":"2020-04-08T05:08:40","slug":"cubrebocas-importante-para-evitar-propagacion-de-covid-19","status":"publish","type":"post","link":"https:\/\/www.diarioimagen.net\/?p=465663","title":{"rendered":"Cubrebocas, importante para evitar propagaci\u00f3n de Covid-19"},"content":{"rendered":"<ul>\n<li><strong><em>Recomienda experta de UAEM<\/em><\/strong><\/li>\n<\/ul>\n<p>&nbsp;<\/p>\n<div id=\"attachment_465736\" style=\"width: 470px\" class=\"wp-caption aligncenter\"><a href=\"https:\/\/www.diarioimagen.net\/?attachment_id=465736\" rel=\"attachment wp-att-465736\"><img loading=\"lazy\" decoding=\"async\" aria-describedby=\"caption-attachment-465736\" class=\"size-large wp-image-465736\" src=\"https:\/\/www.diarioimagen.net\/wp-content\/uploads\/2020\/04\/UAEM6-460x259.jpg\" alt=\"\" width=\"460\" height=\"259\" srcset=\"https:\/\/www.diarioimagen.net\/wp-content\/uploads\/2020\/04\/UAEM6-460x259.jpg 460w, https:\/\/www.diarioimagen.net\/wp-content\/uploads\/2020\/04\/UAEM6-240x135.jpg 240w, https:\/\/www.diarioimagen.net\/wp-content\/uploads\/2020\/04\/UAEM6-235x132.jpg 235w, https:\/\/www.diarioimagen.net\/wp-content\/uploads\/2020\/04\/UAEM6-202x114.jpg 202w, https:\/\/www.diarioimagen.net\/wp-content\/uploads\/2020\/04\/UAEM6-350x196.jpg 350w, https:\/\/www.diarioimagen.net\/wp-content\/uploads\/2020\/04\/UAEM6-220x123.jpg 220w, https:\/\/www.diarioimagen.net\/wp-content\/uploads\/2020\/04\/UAEM6-237x132.jpg 237w, https:\/\/www.diarioimagen.net\/wp-content\/uploads\/2020\/04\/UAEM6.jpg 480w\" sizes=\"auto, (max-width: 460px) 100vw, 460px\" \/><\/a><p id=\"caption-attachment-465736\" class=\"wp-caption-text\">Ninfa Ram\u00edrez Dur\u00e1n, profesora e investigadora de la UAEM, subray\u00f3 la necesidad de usar cubrebocas cuando salimos a la calle.<\/p><\/div>\n<p>&nbsp;<\/p>\n<p>&nbsp;<\/p>\n<p><strong>Toluca, Estado de M\u00e9xico.\u2013 <\/strong>Adem\u00e1s de quedarse en casa, el lavado contante de manos y guardar la sana distancia cuando tengamos que salir, el uso de cubrebocas tambi\u00e9n es importante para controlar la propagaci\u00f3n del SARS-CoV-2, el virus que provoca la enfermedad respiratoria COVID-19, consider\u00f3 la profesora e investigadora de la Facultad de Medicina de la Universidad Aut\u00f3noma del Estado de M\u00e9xico, Ninfa Ram\u00edrez Dur\u00e1n.<\/p>\n<p>La encargada del Laboratorio de Microbiolog\u00eda M\u00e9dica y Ambiental de este espacio acad\u00e9mico de la UAEM subray\u00f3 la necesidad de usar cubrebocas cuando salimos a la calle, ya que de esta manera \u201cnos protegemos y protegemos a los dem\u00e1s\u201d del contagio de este virus de la familia de los coronavirus, cuya vida en las distintas superficies, dependiendo de las condiciones ambientales que resista, puede ir de las tres horas a los tres d\u00edas.<\/p>\n<p>El SARS-CoV-2, enfatiz\u00f3, es un microrganismo que apenas estamos conociendo, as\u00ed que no tenemos certeza con respecto a cu\u00e1nto tiempo vive en las superficies de diferentes materiales, pero aquellos virus con caracter\u00edsticas similares sobreviven hasta tres d\u00edas. \u201cAl hablar expulsamos part\u00edculas muy peque\u00f1as de saliva y es a trav\u00e9s de ellas que el virus se trasmite. Cuando estornudamos o tosemos expulsamos un n\u00famero mayor de gotas de saliva, lo que aumenta la posibilidad de trasmisi\u00f3n del SARS-CoV-2.\u201d<\/p>\n<p>As\u00ed que, puntualiz\u00f3, el uso de cubrebocas, por ejemplo, en mercados y supermercados, reducir\u00eda mucho la contaminaci\u00f3n de los productos y aun as\u00ed habr\u00e1 riesgos, por lo que tambi\u00e9n es recomendable lavar y desinfectar todos los productos que compremos o bien, desechar los empaques.<\/p>\n<p>La integrante del Sistema Nacional de Investigadores (SNI) reiter\u00f3 que la mejor protecci\u00f3n contra este y otros virus es el lavado de manos, as\u00ed como la limpieza constante de superficies, para lo cual recomend\u00f3 la soluci\u00f3n de una cucharada de cloro por cada litro de agua.<\/p>\n<p>Finalmente, Ninfa Ram\u00edrez Dur\u00e1n recomend\u00f3 no dejarse dominar por el miedo e informarse a trav\u00e9s de fuentes oficiales, ya que ello evitar\u00e1 que realicemos actos irracionales como las compras de p\u00e1nico.<\/p>\n","protected":false},"excerpt":{"rendered":"<p>Adem\u00e1s de quedarse en casa, el lavado contante de manos y guardar la sana distancia cuando tengamos que salir, el uso de cubrebocas tambi\u00e9n es importante para controlar propagaci\u00f3n de Covid-19<\/p>\n","protected":false},"author":3,"featured_media":465736,"comment_status":"open","ping_status":"open","sticky":false,"template":"","format":"standard","meta":{"_monsterinsights_skip_tracking":false,"_monsterinsights_sitenote_active":false,"_monsterinsights_sitenote_note":"","_monsterinsights_sitenote_category":0,"footnotes":""},"categories":[5],"tags":[90021,90364,43675,89878,452],"class_list":["post-465663","post","type-post","status-publish","format-standard","has-post-thumbnail","hentry","category-estado-de-mexico","tag-covid-19","tag-cubrebocas","tag-estado-de-mexico","tag-propagacion","tag-toluca"],"_links":{"self":[{"href":"https:\/\/www.diarioimagen.net\/index.php?rest_route=\/wp\/v2\/posts\/465663","targetHints":{"allow":["GET"]}}],"collection":[{"href":"https:\/\/www.diarioimagen.net\/index.php?rest_route=\/wp\/v2\/posts"}],"about":[{"href":"https:\/\/www.diarioimagen.net\/index.php?rest_route=\/wp\/v2\/types\/post"}],"author":[{"embeddable":true,"href":"https:\/\/www.diarioimagen.net\/index.php?rest_route=\/wp\/v2\/users\/3"}],"replies":[{"embeddable":true,"href":"https:\/\/www.diarioimagen.net\/index.php?rest_route=%2Fwp%2Fv2%2Fcomments&post=465663"}],"version-history":[{"count":0,"href":"https:\/\/www.diarioimagen.net\/index.php?rest_route=\/wp\/v2\/posts\/465663\/revisions"}],"wp:featuredmedia":[{"embeddable":true,"href":"https:\/\/www.diarioimagen.net\/index.php?rest_route=\/wp\/v2\/media\/465736"}],"wp:attachment":[{"href":"https:\/\/www.diarioimagen.net\/index.php?rest_route=%2Fwp%2Fv2%2Fmedia&parent=465663"}],"wp:term":[{"taxonomy":"category","embeddable":true,"href":"https:\/\/www.diarioimagen.net\/index.php?rest_route=%2Fwp%2Fv2%2Fcategories&post=465663"},{"taxonomy":"post_tag","embeddable":true,"href":"https:\/\/www.diarioimagen.net\/index.php?rest_route=%2Fwp%2Fv2%2Ftags&post=465663"}],"curies":[{"name":"wp","href":"https:\/\/api.w.org\/{rel}","templated":true}]}}