{"id":465669,"date":"2020-04-06T00:03:21","date_gmt":"2020-04-06T05:03:21","guid":{"rendered":"https:\/\/www.diarioimagen.net\/?p=465669"},"modified":"2020-04-06T01:52:00","modified_gmt":"2020-04-06T06:52:00","slug":"realizan-campana-de-vacunacion-contra-sarampion-en-cuautitlan-izcalli","status":"publish","type":"post","link":"https:\/\/www.diarioimagen.net\/?p=465669","title":{"rendered":"Realizan campa\u00f1a de vacunaci\u00f3n contra sarampi\u00f3n en Cuautitl\u00e1n Izcalli"},"content":{"rendered":"<ul>\n<li><strong><em>Tras registrarse un caso en la colonia Infonavit Norte<\/em><\/strong><\/li>\n<\/ul>\n<p>&nbsp;<\/p>\n<div id=\"attachment_465745\" style=\"width: 470px\" class=\"wp-caption aligncenter\"><a href=\"https:\/\/www.diarioimagen.net\/?attachment_id=465745\" rel=\"attachment wp-att-465745\"><img loading=\"lazy\" decoding=\"async\" aria-describedby=\"caption-attachment-465745\" class=\"size-large wp-image-465745\" src=\"https:\/\/www.diarioimagen.net\/wp-content\/uploads\/2020\/04\/cuautitlan-1-460x259.jpg\" alt=\"\" width=\"460\" height=\"259\" srcset=\"https:\/\/www.diarioimagen.net\/wp-content\/uploads\/2020\/04\/cuautitlan-1-460x259.jpg 460w, https:\/\/www.diarioimagen.net\/wp-content\/uploads\/2020\/04\/cuautitlan-1-240x135.jpg 240w, https:\/\/www.diarioimagen.net\/wp-content\/uploads\/2020\/04\/cuautitlan-1-235x132.jpg 235w, https:\/\/www.diarioimagen.net\/wp-content\/uploads\/2020\/04\/cuautitlan-1-202x114.jpg 202w, https:\/\/www.diarioimagen.net\/wp-content\/uploads\/2020\/04\/cuautitlan-1-350x196.jpg 350w, https:\/\/www.diarioimagen.net\/wp-content\/uploads\/2020\/04\/cuautitlan-1-220x123.jpg 220w, https:\/\/www.diarioimagen.net\/wp-content\/uploads\/2020\/04\/cuautitlan-1-237x132.jpg 237w, https:\/\/www.diarioimagen.net\/wp-content\/uploads\/2020\/04\/cuautitlan-1.jpg 480w\" sizes=\"auto, (max-width: 460px) 100vw, 460px\" \/><\/a><p id=\"caption-attachment-465745\" class=\"wp-caption-text\">El ISEM lleva a cabo la campa\u00f1a de vacunaci\u00f3n con la finalidad de evitar que se propague el sarampi\u00f3n.<\/p><\/div>\n<p>&nbsp;<\/p>\n<p><strong>Cuautitl\u00e1n Izcalli, Estado de M\u00e9xico.- <\/strong>Tras registrarse un caso de sarampi\u00f3n en la colonia Infonavit Norte en Cuautitl\u00e1n Izcalli, el Instituto de Salud del Estado de M\u00e9xico (ISEM), lleva a cabo la campa\u00f1a de vacunaci\u00f3n con la finalidad de evitar que se presente una progresi\u00f3n que afecte a la poblaci\u00f3n del municipio.<\/p>\n<p>La jefa de Jurisdicci\u00f3n Sanitaria Cuautitl\u00e1n, Nadia Serv\u00edn Moreno, destac\u00f3 que se ampli\u00f3 el plazo de vacunaci\u00f3n en la Jornada Nacional de Salud P\u00fablica, la cual dio inicio el pasado 23 de marzo y hasta el 19 de abril, debido a los brotes de sarampi\u00f3n que se han presentado en la Ciudad de M\u00e9xico y que se han extendido al Estado de M\u00e9xico.<\/p>\n<p>Precis\u00f3 que en la colonia Infonavit Norte se tiene registrado un caso confirmado en donde el paciente est\u00e1 hospitalizado en el municipio de Huehuetoca, sin embargo, dijo, tuvo contacto con varias personas en Cuautitl\u00e1n Izcalli, por lo que se est\u00e1 realizando el control que ayude a evitar el brote de sarampi\u00f3n.<\/p>\n<p>Destac\u00f3 que desde el 30 de marzo se realiz\u00f3 un cerco epidemiol\u00f3gico en el \u00e1rea del domicilio del afectado, con el objetivo de vacunar a todas las personas que tuvieron contacto con el paciente. Agreg\u00f3 que la vacuna doble viral es aplicada a los adultos y a los ni\u00f1os no vacunados, la triple viral o el refuerzo para evitar la enfermedad.<\/p>\n<p>Serv\u00edn Moreno, agreg\u00f3 que en la colonia La Piedad se realiza otro cerco epidemiol\u00f3gico debido a la presencia del paciente en dicha colonia.<\/p>\n<p>De igual manera se\u00f1al\u00f3 que, el sarampi\u00f3n es muy contagioso por lo que invit\u00f3 a la ciudadan\u00eda a que acudan a vacunar a los ni\u00f1os que no cuentan con esta protecci\u00f3n, as\u00ed como a los adultos que hayan tenido contacto con un enfermo. A\u00f1adi\u00f3 que el DIF Municipal local cuenta con vacunas, adem\u00e1s de que se pueden acercar a las brigadas del ISEM.<\/p>\n<p>Por otra parte, Paulina Reyes Garc\u00eda, normativa del Programa PASIA de la Jurisdicci\u00f3n Sanitaria Cuautitl\u00e1n, inform\u00f3 que la vacuna se encuentra en el Centro de Salud San Jos\u00e9 Buenavista, en DIF Municipal, en el IMSS, adem\u00e1s de hacer el barrido casa por casa en la colonia Infonavit Norte y en La Piedad, para cubrir a la poblaci\u00f3n de esa zona.<\/p>\n<p>Recomendaron a la ciudadan\u00eda que en caso de que los ni\u00f1os presenten granitos no acudan a los centros de salud, sino que se comuniquen al departamento de PASIA de la Jurisdicci\u00f3n Sanitaria Cuautitl\u00e1n al tel\u00e9fono 55 58 72 06 01 \u00f3 55 58 72 114 a la extensi\u00f3n 136, as\u00ed como al Centro de Salud Santa Mar\u00eda Tianguistengo al 1589 60 514, para que el personal certificado acuda a su domicilio y verificar si tienen sarampi\u00f3n.<\/p>\n","protected":false},"excerpt":{"rendered":"<p>Tras registrarse un caso de sarampi\u00f3n en la colonia Infonavit Norte en Cuautitl\u00e1n Izcalli, el Instituto de Salud del Estado de M\u00e9xico (ISEM), lleva a cabo la campa\u00f1a de vacunaci\u00f3n con la finalidad de evitar que se presente una progresi\u00f3n que afecte a la poblaci\u00f3n del municipio.<\/p>\n","protected":false},"author":3,"featured_media":465745,"comment_status":"open","ping_status":"open","sticky":false,"template":"","format":"standard","meta":{"_monsterinsights_skip_tracking":false,"_monsterinsights_sitenote_active":false,"_monsterinsights_sitenote_note":"","_monsterinsights_sitenote_category":0,"footnotes":""},"categories":[5],"tags":[971,43675,13566,9521,2643],"class_list":["post-465669","post","type-post","status-publish","format-standard","has-post-thumbnail","hentry","category-estado-de-mexico","tag-cuautitlan-izcalli","tag-estado-de-mexico","tag-isem","tag-sarampion","tag-vacunacion"],"_links":{"self":[{"href":"https:\/\/www.diarioimagen.net\/index.php?rest_route=\/wp\/v2\/posts\/465669","targetHints":{"allow":["GET"]}}],"collection":[{"href":"https:\/\/www.diarioimagen.net\/index.php?rest_route=\/wp\/v2\/posts"}],"about":[{"href":"https:\/\/www.diarioimagen.net\/index.php?rest_route=\/wp\/v2\/types\/post"}],"author":[{"embeddable":true,"href":"https:\/\/www.diarioimagen.net\/index.php?rest_route=\/wp\/v2\/users\/3"}],"replies":[{"embeddable":true,"href":"https:\/\/www.diarioimagen.net\/index.php?rest_route=%2Fwp%2Fv2%2Fcomments&post=465669"}],"version-history":[{"count":0,"href":"https:\/\/www.diarioimagen.net\/index.php?rest_route=\/wp\/v2\/posts\/465669\/revisions"}],"wp:featuredmedia":[{"embeddable":true,"href":"https:\/\/www.diarioimagen.net\/index.php?rest_route=\/wp\/v2\/media\/465745"}],"wp:attachment":[{"href":"https:\/\/www.diarioimagen.net\/index.php?rest_route=%2Fwp%2Fv2%2Fmedia&parent=465669"}],"wp:term":[{"taxonomy":"category","embeddable":true,"href":"https:\/\/www.diarioimagen.net\/index.php?rest_route=%2Fwp%2Fv2%2Fcategories&post=465669"},{"taxonomy":"post_tag","embeddable":true,"href":"https:\/\/www.diarioimagen.net\/index.php?rest_route=%2Fwp%2Fv2%2Ftags&post=465669"}],"curies":[{"name":"wp","href":"https:\/\/api.w.org\/{rel}","templated":true}]}}