{"id":465673,"date":"2020-04-06T00:01:40","date_gmt":"2020-04-06T05:01:40","guid":{"rendered":"https:\/\/www.diarioimagen.net\/?p=465673"},"modified":"2020-04-06T01:56:23","modified_gmt":"2020-04-06T06:56:23","slug":"aprueba-cabildo-de-atizapan-recursos-para-personas-economicamente-vulnerables","status":"publish","type":"post","link":"https:\/\/www.diarioimagen.net\/?p=465673","title":{"rendered":"Aprueba Cabildo de Atizap\u00e1n recursos para personas econ\u00f3micamente vulnerables"},"content":{"rendered":"<p><a href=\"https:\/\/www.diarioimagen.net\/?attachment_id=465750\" rel=\"attachment wp-att-465750\"><img loading=\"lazy\" decoding=\"async\" class=\"aligncenter size-large wp-image-465750\" src=\"https:\/\/www.diarioimagen.net\/wp-content\/uploads\/2020\/04\/atizapan-1-460x259.jpg\" alt=\"\" width=\"460\" height=\"259\" srcset=\"https:\/\/www.diarioimagen.net\/wp-content\/uploads\/2020\/04\/atizapan-1-460x259.jpg 460w, https:\/\/www.diarioimagen.net\/wp-content\/uploads\/2020\/04\/atizapan-1-240x135.jpg 240w, https:\/\/www.diarioimagen.net\/wp-content\/uploads\/2020\/04\/atizapan-1-235x132.jpg 235w, https:\/\/www.diarioimagen.net\/wp-content\/uploads\/2020\/04\/atizapan-1-202x114.jpg 202w, https:\/\/www.diarioimagen.net\/wp-content\/uploads\/2020\/04\/atizapan-1-350x196.jpg 350w, https:\/\/www.diarioimagen.net\/wp-content\/uploads\/2020\/04\/atizapan-1-220x123.jpg 220w, https:\/\/www.diarioimagen.net\/wp-content\/uploads\/2020\/04\/atizapan-1-237x132.jpg 237w, https:\/\/www.diarioimagen.net\/wp-content\/uploads\/2020\/04\/atizapan-1.jpg 480w\" sizes=\"auto, (max-width: 460px) 100vw, 460px\" \/><\/a><\/p>\n<p>&nbsp;<\/p>\n<p><strong>\u00a0Atizap\u00e1n, Estado de M\u00e9xico<\/strong><strong>.- <\/strong>Por unanimidad, el Cabildo de Atizap\u00e1n de Zaragoza aprob\u00f3 destinar 8.1 millones de pesos para la adquisici\u00f3n de alimentos, medicamentos y diversos productos que ser\u00e1n entregados a personas econ\u00f3micamente vulnerables, como los adultos mayores que tuvieron que dejar de trabajar ante la emergencia sanitaria por Covid19.<\/p>\n<p>La alcaldesa Ruth Ovlera Nieto detall\u00f3 que en este grupo se encuentran personas en situaci\u00f3n de calle, de la tercera edad y adolescentes que trabajaban como \u201ccerillos\u201d en los centros comerciales.<\/p>\n","protected":false},"excerpt":{"rendered":"<p>Por unanimidad, el Cabildo de Atizap\u00e1n de Zaragoza aprob\u00f3 destinar 8.1 millones de pesos para la adquisici\u00f3n de alimentos, medicamentos y diversos productos que ser\u00e1n entregados a personas econ\u00f3micamente vulnerables, como los adultos mayores que tuvieron que dejar de trabajar ante la emergencia sanitaria por Covid19.<\/p>\n","protected":false},"author":3,"featured_media":465750,"comment_status":"open","ping_status":"open","sticky":false,"template":"","format":"standard","meta":{"_monsterinsights_skip_tracking":false,"_monsterinsights_sitenote_active":false,"_monsterinsights_sitenote_note":"","_monsterinsights_sitenote_category":0,"footnotes":""},"categories":[5],"tags":[969,90792,43675,22417],"class_list":["post-465673","post","type-post","status-publish","format-standard","has-post-thumbnail","hentry","category-estado-de-mexico","tag-atizapan","tag-economicamente","tag-estado-de-mexico","tag-vulnerables"],"_links":{"self":[{"href":"https:\/\/www.diarioimagen.net\/index.php?rest_route=\/wp\/v2\/posts\/465673","targetHints":{"allow":["GET"]}}],"collection":[{"href":"https:\/\/www.diarioimagen.net\/index.php?rest_route=\/wp\/v2\/posts"}],"about":[{"href":"https:\/\/www.diarioimagen.net\/index.php?rest_route=\/wp\/v2\/types\/post"}],"author":[{"embeddable":true,"href":"https:\/\/www.diarioimagen.net\/index.php?rest_route=\/wp\/v2\/users\/3"}],"replies":[{"embeddable":true,"href":"https:\/\/www.diarioimagen.net\/index.php?rest_route=%2Fwp%2Fv2%2Fcomments&post=465673"}],"version-history":[{"count":0,"href":"https:\/\/www.diarioimagen.net\/index.php?rest_route=\/wp\/v2\/posts\/465673\/revisions"}],"wp:featuredmedia":[{"embeddable":true,"href":"https:\/\/www.diarioimagen.net\/index.php?rest_route=\/wp\/v2\/media\/465750"}],"wp:attachment":[{"href":"https:\/\/www.diarioimagen.net\/index.php?rest_route=%2Fwp%2Fv2%2Fmedia&parent=465673"}],"wp:term":[{"taxonomy":"category","embeddable":true,"href":"https:\/\/www.diarioimagen.net\/index.php?rest_route=%2Fwp%2Fv2%2Fcategories&post=465673"},{"taxonomy":"post_tag","embeddable":true,"href":"https:\/\/www.diarioimagen.net\/index.php?rest_route=%2Fwp%2Fv2%2Ftags&post=465673"}],"curies":[{"name":"wp","href":"https:\/\/api.w.org\/{rel}","templated":true}]}}