{"id":465691,"date":"2020-04-06T00:05:49","date_gmt":"2020-04-06T05:05:49","guid":{"rendered":"https:\/\/www.diarioimagen.net\/?p=465691"},"modified":"2020-04-06T00:49:18","modified_gmt":"2020-04-06T05:49:18","slug":"muy-agradecido-estamos-de-regreso","status":"publish","type":"post","link":"https:\/\/www.diarioimagen.net\/?p=465691","title":{"rendered":"Muy agradecido, estamos de regreso"},"content":{"rendered":"<h2>Centro..!<\/h2>\n<h5>Arturo R\u00edos Ruiz<\/h5>\n<p><strong><em>\u00a0<\/em><\/strong><\/p>\n<blockquote>\n<p style=\"text-align: right;\"><strong><em>Gracias a Zoe Robledo,<br \/>\nDr. F\u00e9lix Dom\u00ednguez<br \/>\ny a TODOS.<\/em><\/strong><\/p>\n<\/blockquote>\n<p><em>\u00a0<\/em><\/p>\n<p>D\u00e9jenme contarles: 5 de noviembre: \u201cUsted no es candidato a operaci\u00f3n\u201d \u00bfPor qu\u00e9 doctor? Porque por su edad y su mal, morir\u00eda en quir\u00f3fano \u201cSu m\u00e9dula espinal est\u00e1 atrapada entre cinco v\u00e9rtebras y fallecer\u00eda antes de liberarla\u201d.<\/p>\n<p>Mis piernas no me respond\u00edan, mis manos torpes estaban entumidas y me mov\u00edan en una silla de ruedas, mi pasi\u00f3n de escribir qued\u00f3 frenada.<\/p>\n<p>Me vi en una plancha tapado con una s\u00e1bana de pies a cabeza muerto y me invadi\u00f3 una profunda tristeza al pensar que ya no ver\u00eda a mi familia, esposa e hijos y dem\u00e1s seres amados con mi final.<\/p>\n<p>\u201c\u00bfY, que se har\u00e1?\u201d Pregunt\u00e9: \u201cLe ordenar\u00e9 unas terapias para detener el mal, no hay m\u00e1s; solo eso, m\u00e1xime que su problema es degenerativo\u201d.<\/p>\n<p>Me sum\u00ed en el m\u00e1s profundo pesimismo, no daba cr\u00e9dito a que todo terminar\u00eda, pero vino el consejo de mi amigo el doctor Carlos Ben\u00edtez P\u00e9rez: \u201cNo se crea, vea al doctor. Gerardo Guinto Balanzar, es uno de los mejores neurocirujanos del pa\u00eds; me dio su n\u00famero telef\u00f3nico.<\/p>\n<p>Lo v\u00edi mucho despu\u00e9s, no estaba en M\u00e9xico, fue el 10 de diciembre, resonancia magn\u00e9tica en mano, me recibi\u00f3 en su consultorio y la revis\u00f3: \u201cS\u00ed puede operarse, le recomiendo al doctor F\u00e9lix Dom\u00ednguez, joven neurocirujano del IMSS, \u00e9l es el indicado\u201d.<\/p>\n<p>Me movilic\u00e9, me atendi\u00f3 Maurilio Espino de la Direcci\u00f3n de Servicios M\u00e9dicos del IMSS, \u00e9l y la doctora Robledo me canalizaron para ser atendido en el Hospital de Especialidades del Siglo XXI.<\/p>\n<p>Fue el doctor. Blas Ezequiel L\u00f3pez F\u00e9lix, director de Neurocirug\u00eda, quien me examin\u00f3, la conclusi\u00f3n, operaci\u00f3n, me asignaron al estupendo joven doctor F\u00e9lix Dom\u00ednguez, un experto en neurocirug\u00eda, con su equipo de profesionales y se determin\u00f3 operarme en los \u00faltimos d\u00edas de febrero.<\/p>\n<p>No puedo olvidar las atenciones de mi esposa e hijos, de la doctora Artemisa Jim\u00e9nez, quien gui\u00f3 los pasos para mi registro; a mi sobrino Armando R\u00edos Piter con su valioso apoyo, a mi hermano Armando, quien carg\u00f3 conmigo todo el tiempo, pues yo estaba en calidad de semiparal\u00edtico.<\/p>\n<p>El pendiente de <em>Chuchy<\/em> y V\u00edctor, mis hermanos y las vibras de todos mis ciberamigos y reales de Facebook, todo cont\u00f3 en este pasaje de claros y oscuros en que nos llev\u00f3 de la amenaza de muerte\u2026 a la esperanza.<\/p>\n<p>Estoy en plena recuperaci\u00f3n. \u00a1Mil gracias a todos!!!<\/p>\n<p><em><a href=\"mailto:rrrart2000@hotmail.com\" target=\"_blank\" rel=\"noopener noreferrer\">rrrart2000@hotmail.com<\/a><\/em><\/p>\n","protected":false},"excerpt":{"rendered":"<p><span style=\"color: #005497;\"><strong>Arturo R\u00edos Ruiz<\/strong><\/span><\/p>\n","protected":false},"author":3,"featured_media":0,"comment_status":"open","ping_status":"open","sticky":false,"template":"","format":"standard","meta":{"_monsterinsights_skip_tracking":false,"_monsterinsights_sitenote_active":false,"_monsterinsights_sitenote_note":"","_monsterinsights_sitenote_category":0,"footnotes":""},"categories":[82265],"tags":[82266,10806,43674],"class_list":["post-465691","post","type-post","status-publish","format-standard","hentry","category-arturo-rios-ruiz","tag-arturo-rios-ruiz","tag-centro","tag-opinion"],"_links":{"self":[{"href":"https:\/\/www.diarioimagen.net\/index.php?rest_route=\/wp\/v2\/posts\/465691","targetHints":{"allow":["GET"]}}],"collection":[{"href":"https:\/\/www.diarioimagen.net\/index.php?rest_route=\/wp\/v2\/posts"}],"about":[{"href":"https:\/\/www.diarioimagen.net\/index.php?rest_route=\/wp\/v2\/types\/post"}],"author":[{"embeddable":true,"href":"https:\/\/www.diarioimagen.net\/index.php?rest_route=\/wp\/v2\/users\/3"}],"replies":[{"embeddable":true,"href":"https:\/\/www.diarioimagen.net\/index.php?rest_route=%2Fwp%2Fv2%2Fcomments&post=465691"}],"version-history":[{"count":0,"href":"https:\/\/www.diarioimagen.net\/index.php?rest_route=\/wp\/v2\/posts\/465691\/revisions"}],"wp:attachment":[{"href":"https:\/\/www.diarioimagen.net\/index.php?rest_route=%2Fwp%2Fv2%2Fmedia&parent=465691"}],"wp:term":[{"taxonomy":"category","embeddable":true,"href":"https:\/\/www.diarioimagen.net\/index.php?rest_route=%2Fwp%2Fv2%2Fcategories&post=465691"},{"taxonomy":"post_tag","embeddable":true,"href":"https:\/\/www.diarioimagen.net\/index.php?rest_route=%2Fwp%2Fv2%2Ftags&post=465691"}],"curies":[{"name":"wp","href":"https:\/\/api.w.org\/{rel}","templated":true}]}}