{"id":465773,"date":"2020-04-07T00:02:54","date_gmt":"2020-04-07T05:02:54","guid":{"rendered":"https:\/\/www.diarioimagen.net\/?p=465773"},"modified":"2020-04-07T02:40:54","modified_gmt":"2020-04-07T07:40:54","slug":"gobierno-de-huixquilucan-dota-de-mascarillas-de-proteccion-a-personal-de-emergencia-y-seguridad","status":"publish","type":"post","link":"https:\/\/www.diarioimagen.net\/?p=465773","title":{"rendered":"Gobierno de Huixquilucan dota de mascarillas de protecci\u00f3n a personal de emergencia y seguridad"},"content":{"rendered":"<ul>\n<li><strong><em>Contin\u00faa atento a las necesidades<\/em><\/strong><\/li>\n<\/ul>\n<p><strong>\u00a0<\/strong><\/p>\n<div id=\"attachment_465853\" style=\"width: 470px\" class=\"wp-caption aligncenter\"><a href=\"https:\/\/www.diarioimagen.net\/?attachment_id=465853\" rel=\"attachment wp-att-465853\"><img loading=\"lazy\" decoding=\"async\" aria-describedby=\"caption-attachment-465853\" class=\"size-large wp-image-465853\" src=\"https:\/\/www.diarioimagen.net\/wp-content\/uploads\/2020\/04\/huixquilucan-1-460x259.jpg\" alt=\"\" width=\"460\" height=\"259\" srcset=\"https:\/\/www.diarioimagen.net\/wp-content\/uploads\/2020\/04\/huixquilucan-1-460x259.jpg 460w, https:\/\/www.diarioimagen.net\/wp-content\/uploads\/2020\/04\/huixquilucan-1-240x135.jpg 240w, https:\/\/www.diarioimagen.net\/wp-content\/uploads\/2020\/04\/huixquilucan-1-235x132.jpg 235w, https:\/\/www.diarioimagen.net\/wp-content\/uploads\/2020\/04\/huixquilucan-1-202x114.jpg 202w, https:\/\/www.diarioimagen.net\/wp-content\/uploads\/2020\/04\/huixquilucan-1-350x196.jpg 350w, https:\/\/www.diarioimagen.net\/wp-content\/uploads\/2020\/04\/huixquilucan-1-220x123.jpg 220w, https:\/\/www.diarioimagen.net\/wp-content\/uploads\/2020\/04\/huixquilucan-1-237x132.jpg 237w, https:\/\/www.diarioimagen.net\/wp-content\/uploads\/2020\/04\/huixquilucan-1.jpg 480w\" sizes=\"auto, (max-width: 460px) 100vw, 460px\" \/><\/a><p id=\"caption-attachment-465853\" class=\"wp-caption-text\">El alcalde Enrique Vargas del Villar orden\u00f3 la dotaci\u00f3n de mascarillas de protecci\u00f3n avanzada a personal de emergencia y de seguridad.<\/p><\/div>\n<p>&nbsp;<\/p>\n<p><strong>Huixquilucan, Estado de M\u00e9xico.-<\/strong> El gobierno de Huixquilucan que encabeza Enrique Vargas del Villar, contin\u00faa atento a las necesidades que el personal de emergencia y seguridad requieren para hacer su trabajo diario y estar protegidos del Covid-19.<\/p>\n<p>Es por ello, que para garantizar la salud de los elementos de Seguridad P\u00fablica, Bomberos, Protecci\u00f3n Civil, del \u00e1rea de la Unidad de Rescate y Gobierno, el Alcalde orden\u00f3 la dotaci\u00f3n de mascarillas de protecci\u00f3n avanzada, gel antibacterial, guantes y googles para este equipo de profesionales que son los primeros respondientes y as\u00ed asegurar la continuidad de las operaciones y servicios.<\/p>\n<p>El gobierno de Huixquilucan, sigue a la vanguardia en equipo para que los servidores p\u00fablicos que conforman los cuerpos de emergencia sigan haciendo su labor mayormente protegidos y as\u00ed puedan hacer frente a cualquier contingencia.<\/p>\n<p>El presidente municipal, Enrique Vargas del Villar, reitera el llamado a la ciudadan\u00eda a quedarse en casa el mayor tiempo posible y se mantengan informados a trav\u00e9s de las redes oficiales del gobierno de Huixquilucan.<\/p>\n","protected":false},"excerpt":{"rendered":"<p>El gobierno de Huixquilucan que encabeza Enrique Vargas del Villar, contin\u00faa atento a las necesidades que el personal de emergencia y seguridad requieren para hacer su trabajo diario y estar protegidos del Covid-19.<\/p>\n","protected":false},"author":3,"featured_media":465853,"comment_status":"open","ping_status":"open","sticky":false,"template":"","format":"standard","meta":{"_monsterinsights_skip_tracking":false,"_monsterinsights_sitenote_active":false,"_monsterinsights_sitenote_note":"","_monsterinsights_sitenote_category":0,"footnotes":""},"categories":[5],"tags":[43675,1097,90797,90796,22495,43677],"class_list":["post-465773","post","type-post","status-publish","format-standard","has-post-thumbnail","hentry","category-estado-de-mexico","tag-estado-de-mexico","tag-huixquilucan","tag-mascarillas","tag-pesonal","tag-proteccion","tag-seguridad"],"_links":{"self":[{"href":"https:\/\/www.diarioimagen.net\/index.php?rest_route=\/wp\/v2\/posts\/465773","targetHints":{"allow":["GET"]}}],"collection":[{"href":"https:\/\/www.diarioimagen.net\/index.php?rest_route=\/wp\/v2\/posts"}],"about":[{"href":"https:\/\/www.diarioimagen.net\/index.php?rest_route=\/wp\/v2\/types\/post"}],"author":[{"embeddable":true,"href":"https:\/\/www.diarioimagen.net\/index.php?rest_route=\/wp\/v2\/users\/3"}],"replies":[{"embeddable":true,"href":"https:\/\/www.diarioimagen.net\/index.php?rest_route=%2Fwp%2Fv2%2Fcomments&post=465773"}],"version-history":[{"count":0,"href":"https:\/\/www.diarioimagen.net\/index.php?rest_route=\/wp\/v2\/posts\/465773\/revisions"}],"wp:featuredmedia":[{"embeddable":true,"href":"https:\/\/www.diarioimagen.net\/index.php?rest_route=\/wp\/v2\/media\/465853"}],"wp:attachment":[{"href":"https:\/\/www.diarioimagen.net\/index.php?rest_route=%2Fwp%2Fv2%2Fmedia&parent=465773"}],"wp:term":[{"taxonomy":"category","embeddable":true,"href":"https:\/\/www.diarioimagen.net\/index.php?rest_route=%2Fwp%2Fv2%2Fcategories&post=465773"},{"taxonomy":"post_tag","embeddable":true,"href":"https:\/\/www.diarioimagen.net\/index.php?rest_route=%2Fwp%2Fv2%2Ftags&post=465773"}],"curies":[{"name":"wp","href":"https:\/\/api.w.org\/{rel}","templated":true}]}}