{"id":465775,"date":"2020-04-07T00:01:01","date_gmt":"2020-04-07T05:01:01","guid":{"rendered":"https:\/\/www.diarioimagen.net\/?p=465775"},"modified":"2020-04-07T02:41:37","modified_gmt":"2020-04-07T07:41:37","slug":"encabeza-david-parra-preferencias-para-naucalpan-en-2021","status":"publish","type":"post","link":"https:\/\/www.diarioimagen.net\/?p=465775","title":{"rendered":"Encabeza David Parra preferencias para Naucalpan, en 2021"},"content":{"rendered":"<p><a href=\"https:\/\/www.diarioimagen.net\/?attachment_id=465856\" rel=\"attachment wp-att-465856\"><img loading=\"lazy\" decoding=\"async\" class=\"aligncenter size-large wp-image-465856\" src=\"https:\/\/www.diarioimagen.net\/wp-content\/uploads\/2020\/04\/naucalpan-3-460x259.jpg\" alt=\"\" width=\"460\" height=\"259\" srcset=\"https:\/\/www.diarioimagen.net\/wp-content\/uploads\/2020\/04\/naucalpan-3-460x259.jpg 460w, https:\/\/www.diarioimagen.net\/wp-content\/uploads\/2020\/04\/naucalpan-3-240x135.jpg 240w, https:\/\/www.diarioimagen.net\/wp-content\/uploads\/2020\/04\/naucalpan-3-235x132.jpg 235w, https:\/\/www.diarioimagen.net\/wp-content\/uploads\/2020\/04\/naucalpan-3-202x114.jpg 202w, https:\/\/www.diarioimagen.net\/wp-content\/uploads\/2020\/04\/naucalpan-3-350x196.jpg 350w, https:\/\/www.diarioimagen.net\/wp-content\/uploads\/2020\/04\/naucalpan-3-220x123.jpg 220w, https:\/\/www.diarioimagen.net\/wp-content\/uploads\/2020\/04\/naucalpan-3-237x132.jpg 237w, https:\/\/www.diarioimagen.net\/wp-content\/uploads\/2020\/04\/naucalpan-3.jpg 480w\" sizes=\"auto, (max-width: 460px) 100vw, 460px\" \/><\/a><\/p>\n<p>&nbsp;<\/p>\n<p><strong>Naucalpan, Estado de M\u00e9xico.<\/strong><strong>&#8211; <\/strong>Creada el 6 de noviembre del 2017 con poco m\u00e1s de 101 mil 831 miembros la encuestadora \u00abPromoci\u00f3n Pol\u00edtica Oficial MX\u00bb hizo una encuesta publica en la que el l\u00edder social David Parra S\u00e1nchez, encabeza la lista para la presidencia municipal para los procesos electorales del 2021.<\/p>\n<p>El 3 de abril, la encuestadora pregunt\u00f3: \u00bf A qui\u00e9n consideras un buen prospecto para la presidencia municipal de Naucalpan? y en ella menciona y a diez actores pol\u00edticos con posibles aspiraciones y en \u00e9sta, quien mayor aceptaci\u00f3n tiene, es el actual asesor del (SUTEyM).<\/p>\n","protected":false},"excerpt":{"rendered":"<p>Creada el 6 de noviembre del 2017 con poco m\u00e1s de 101 mil 831 miembros la encuestadora \u00abPromoci\u00f3n Pol\u00edtica Oficial MX\u00bb hizo una encuesta publica en la que el l\u00edder social David Parra S\u00e1nchez, encabeza la lista para la presidencia municipal para los procesos electorales del 2021.<\/p>\n","protected":false},"author":3,"featured_media":465856,"comment_status":"open","ping_status":"open","sticky":false,"template":"","format":"standard","meta":{"_monsterinsights_skip_tracking":false,"_monsterinsights_sitenote_active":false,"_monsterinsights_sitenote_note":"","_monsterinsights_sitenote_category":0,"footnotes":""},"categories":[5],"tags":[43675,970,90798],"class_list":["post-465775","post","type-post","status-publish","format-standard","has-post-thumbnail","hentry","category-estado-de-mexico","tag-estado-de-mexico","tag-naucalpan","tag-promocion-politica-oficial-mx"],"_links":{"self":[{"href":"https:\/\/www.diarioimagen.net\/index.php?rest_route=\/wp\/v2\/posts\/465775","targetHints":{"allow":["GET"]}}],"collection":[{"href":"https:\/\/www.diarioimagen.net\/index.php?rest_route=\/wp\/v2\/posts"}],"about":[{"href":"https:\/\/www.diarioimagen.net\/index.php?rest_route=\/wp\/v2\/types\/post"}],"author":[{"embeddable":true,"href":"https:\/\/www.diarioimagen.net\/index.php?rest_route=\/wp\/v2\/users\/3"}],"replies":[{"embeddable":true,"href":"https:\/\/www.diarioimagen.net\/index.php?rest_route=%2Fwp%2Fv2%2Fcomments&post=465775"}],"version-history":[{"count":0,"href":"https:\/\/www.diarioimagen.net\/index.php?rest_route=\/wp\/v2\/posts\/465775\/revisions"}],"wp:featuredmedia":[{"embeddable":true,"href":"https:\/\/www.diarioimagen.net\/index.php?rest_route=\/wp\/v2\/media\/465856"}],"wp:attachment":[{"href":"https:\/\/www.diarioimagen.net\/index.php?rest_route=%2Fwp%2Fv2%2Fmedia&parent=465775"}],"wp:term":[{"taxonomy":"category","embeddable":true,"href":"https:\/\/www.diarioimagen.net\/index.php?rest_route=%2Fwp%2Fv2%2Fcategories&post=465775"},{"taxonomy":"post_tag","embeddable":true,"href":"https:\/\/www.diarioimagen.net\/index.php?rest_route=%2Fwp%2Fv2%2Ftags&post=465775"}],"curies":[{"name":"wp","href":"https:\/\/api.w.org\/{rel}","templated":true}]}}