{"id":465781,"date":"2020-04-07T00:11:42","date_gmt":"2020-04-07T05:11:42","guid":{"rendered":"https:\/\/www.diarioimagen.net\/?p=465781"},"modified":"2020-04-07T01:44:44","modified_gmt":"2020-04-07T06:44:44","slug":"un-ratoncito-en-palacio-nacional","status":"publish","type":"post","link":"https:\/\/www.diarioimagen.net\/?p=465781","title":{"rendered":"Un ratoncito en Palacio Nacional"},"content":{"rendered":"<h2>\u00cdndice pol\u00edtico<\/h2>\n<h5>Francisco Rodr\u00edguez<\/h5>\n<p>&nbsp;<\/p>\n<div id=\"attachment_462196\" style=\"width: 470px\" class=\"wp-caption aligncenter\"><a href=\"https:\/\/www.diarioimagen.net\/?attachment_id=462196\" rel=\"attachment wp-att-462196\"><img loading=\"lazy\" decoding=\"async\" aria-describedby=\"caption-attachment-462196\" class=\"size-large wp-image-462196\" src=\"https:\/\/www.diarioimagen.net\/wp-content\/uploads\/2020\/03\/mano-amiga-MARAL-460x283.jpg\" alt=\"\" width=\"460\" height=\"283\" srcset=\"https:\/\/www.diarioimagen.net\/wp-content\/uploads\/2020\/03\/mano-amiga-MARAL-460x283.jpg 460w, https:\/\/www.diarioimagen.net\/wp-content\/uploads\/2020\/03\/mano-amiga-MARAL-240x148.jpg 240w, https:\/\/www.diarioimagen.net\/wp-content\/uploads\/2020\/03\/mano-amiga-MARAL-768x473.jpg 768w, https:\/\/www.diarioimagen.net\/wp-content\/uploads\/2020\/03\/mano-amiga-MARAL.jpg 1200w\" sizes=\"auto, (max-width: 460px) 100vw, 460px\" \/><\/a><p id=\"caption-attachment-462196\" class=\"wp-caption-text\">Mano amiga&#8230; | Maral<\/p><\/div>\n<p>&nbsp;<\/p>\n<p>&nbsp;<\/p>\n<p>M\u00e1s solo que el Judas de Iztapalapa, convertido en el ratoncito del parto de los montes -el que resultaba del fallido augurio del nacimiento de titanes-, la aparici\u00f3n del hombrecillo en el escenario masiosaresco escogido para mostrar toda su debilidad ante la emergencia nacional\u200e, es de aut\u00e9ntica conmiseraci\u00f3n, de l\u00e1stima por su futuro y de la desgracia de un pa\u00eds.<\/p>\n<p>Las personas en sus cabales no logran describir este rid\u00edculo. Tampoco los analistas y financieros del exterior. En eso es en lo \u00fanico que lo no estamos solos. El hombrecillo se llev\u00f3 entre las patas lo que quedaba de dignidad, de asombro, de equipito de gobierno, de planes fallidos, de esperanza, de ruinas provocadas.<\/p>\n<p>Qued\u00f3 la rigurosa verdad de una desesperaci\u00f3n maquinada. De un crimen alevoso, ejecutado en diecis\u00e9is meses que parecen d\u00e9cadas de destrucci\u00f3n. La absoluta seguridad no s\u00f3lo de un sexenio perdido, sino de una historia general que ha pasado a cuchilla en las manos de absurdos, descocados e ignorantes.<\/p>\n<p>Un pa\u00eds en ruinas que tardar\u00e1 d\u00e9cadas, si es que acaso se puede, en levantarse sobre el pasado inmediato. Que no tendr\u00e1 bases para poder \u200eintentar su retorno. Que ha quedado sin ox\u00edgeno posible para escoger su camino. Que se le acab\u00f3 cualquier posibilidad de encontrar su lugar en el planeta, pues as\u00ed no pertenece a ning\u00fan mundo.<\/p>\n<p style=\"text-align: center;\"><strong>Vencido, antes de la pelea<\/strong><\/p>\n<p>Ahogado en el retint\u00edn y en las zarandajas de la lucha contra los molinos de viento de la corrupci\u00f3n, en las mentiras de los guardaditos para hacer frente a las crisis, en las complicidades con la delincuencia organizada, en las fantas\u00edas de enarbolar banderas por la justicia, el r\u00e9gimen ha sido vencido antes de la pelea inminente.<\/p>\n<p>Velando armas contra la insensatez, en la b\u00fasqueda de una gloria personal que jam\u00e1s llegar\u00e1, en medio de una batalla para la que no tiene ni dinero ni ideas, la desgraciada <em>Corta<\/em> Transformaci\u00f3n ha naufragado, porque <em>La Silla<\/em> le qued\u00f3 demasiado grande al gesticulador.<\/p>\n<p>Porque el impostor prefiere regodearse en los patios hist\u00f3ricos frente a s\u00ed mismo, aunque gesticule, arengue, vitoree a p\u00fablicos inexistentes, a televidentes que lo repudian, a colectivos que cada vez que abre la boca se sienten agraviados en lo profundo de su cari\u00f1o por M\u00e9xico, en la certeza de que se ha fracasado.<\/p>\n<p>Y todav\u00eda tiene el cuajo de prometer dos millones de empleos en nueve meses. La poblaci\u00f3n sabe que se refiere a subsidios y a moches en descampado. Lo cierto es que se perder\u00e1n millones de empleos por no haber acudido al apoyo a la planta productiva de pymes, de empresas quebradas y de ayudas solidarias.<\/p>\n<p style=\"text-align: center;\"><strong>S\u00f3lo sus chicharrones truenan<\/strong><\/p>\n<p>Lo cierto es que no se anunci\u00f3 un solo plan de reactivaci\u00f3n econ\u00f3mica ni algo parecido a otro contra la emergencia sanitaria. Ni una idea para detener el golpe a trav\u00e9s de pol\u00edticas fiscales. Dando la espalda al mundo civilizado, el hombrecillo opt\u00f3 por considerar que sus chicharrones y espejismos son los que truenan, los que valen.<\/p>\n<p>Lo cierto es que los guardaditos presumidos desde hace un a\u00f1o, simple y sencillamente no existen, s\u00f3lo en su cabeza enfebrecida por la ambici\u00f3n. Y se desprende tambi\u00e9n que no existe la posibilidad de acudir a la ayuda de los pr\u00e9stamos extranjeros por aquello de crea fama y \u00e9chate a dormir. Lo cierto es que no hay un solo acuerdo consensuado con la planta productiva ni con los generadores de empleos.<\/p>\n<p>Lo cierto es que al hombrecillo ya nadie le hace caso. Nadie quiere exponerse a la falta de palabra y a las venganzas desde las ma\u00f1aneras, desde la utilizaci\u00f3n del poder para combatir a los conservadores y a los <em>fif\u00eds<\/em>, a los neoliberales y a todo el mundo conocido.<\/p>\n<p style=\"text-align: center;\"><strong>Lo atrofia su dislexia pol\u00edtica<\/strong><\/p>\n<p>Lo cierto es que estamos solos ante una amenaza secular, ante una hecatombe que no tiene comparaci\u00f3n posible con ninguna etapa de nuestra historia. Lo cierto es que estamos en manos de descerebrados y de incapaces e indolentes sin registro. A los pocos minutos, se derrumba el peso y se intensifica la fuga de d\u00f3lares del pa\u00eds.<\/p>\n<p>Lo cierto es que la dislexia pol\u00edtica es una atrofia que afecta directamente la dificultad con el lenguaje, el entendimiento, el razonamiento, la escritura, la ortograf\u00eda y la lectura de los m\u00ednimos textos que preparan a pr\u00f3ceres ignaros los bien pagados asesores o los sentimientos vengativos de los <em>chairos<\/em> en picota.<\/p>\n<p>Lo cierto es que la dislexia direccional arrasa parejo con todos aqu\u00e9llos que voluntariamente se resisten a distinguir entre lo positivo y lo negativo, lo profundo y lo superficial, la diferencia entre la izquierda trasnochada y la derecha recalcitrante.<\/p>\n<p style=\"text-align: center;\"><strong>Lo que prevalece es su soberbia<\/strong><\/p>\n<p>Los <em>chairos<\/em> y sus proto-hombres nos han avergonzado en todos los \u00e1mbitos, no s\u00f3lo en los internacionales, sino en la realidad cotidiana donde nos hunden todav\u00eda m\u00e1s en todos los desprop\u00f3sitos, la par\u00e1lisis, la sumisi\u00f3n, la corrupci\u00f3n galopante y el entreguismo inocuo.<\/p>\n<p>Lo cierto es que la dislexia pol\u00edtica es producto de la misma claque que ha entorpecido la soluci\u00f3n de las necesidades elementales del pueblo. La que ha hecho prevalecer la soberbia, mientras posterga la sensibilidad social.<\/p>\n<p>M\u00e9xico ha sido devastado por una clase pol\u00edtica voraz e ignorante que s\u00f3lo ha respondido a los dictados de un incapaz. Y luego se indignan porque alguien se los echa en cara. La dislexia pol\u00edtica es una falta de coraje con nulo respeto a una historia rica en ejemplos heroicos y libertarios. Es una caricatura de lo sensato.<\/p>\n<p style=\"text-align: center;\"><strong>Desconoce el tama\u00f1o de la Patria<\/strong><\/p>\n<p>En la hora cumbre de la patria, cuando se anunciaba el parto de los montes, \u00e9stos han parido un ratoncito medroso, cobarde y ambicioso. Cuando todos esperaban los grandes remedios, las grandes decisiones, ha vuelto a aparecer el retint\u00edn de cualquier \u201cma\u00f1anera\u201d de mal guiso.<\/p>\n<p>Alguien que desconoce el alcance de la unidad, el tama\u00f1o de la Patria, el s\u00edmbolo de la libertad y de la igualdad. Alguien que se cree superior a cualquiera y que ha demostrado estar en el abismo de la injusticia, en el p\u00e1ramo del pensamiento que considera que todos debemos ser pobres e infelices, para que su dictadura florezca.<\/p>\n<p>Alguien que est\u00e1 absolutamente incapacitado para seguir mandando. A menos que queramos que, ahora s\u00ed, en serio, nos cargue el payaso.<\/p>\n<p>\u00bfNo cree usted?<\/p>\n<p><em><strong>\u00cdndice Flam\u00edgero<\/strong><\/em>: Ni modo de no coincidir con el presidente del sindicato patronal, Gustavo de Hoyos Walther, quien twitte\u00f3 el domingo inmediatamente despu\u00e9s de que el Caudillo terminara de hablar en Palacio Nacional: \u201cEn el informe de <em>@lopezobrador_<\/em><\/p>\n<p>no se anunci\u00f3 ninguna medida relevante para afrontar la crisis econ\u00f3mica del #COVID19.\u00a0 En plena emergencia, ley\u00f3 una pieza de divulgaci\u00f3n ideol\u00f3gica, embistiendo fantasmas del pasado y abandonando su deber como Jefe de Estado para unir a la Naci\u00f3n.\u201d + + + Y la \u201cma\u00f1anera\u201d de ayer fue de repetici\u00f3n instant\u00e1nea. El Caudillo reafirm\u00f3 su mensaje de la tarde anterior: el plan de reactivaci\u00f3n econ\u00f3mica no incluye a las empresas medianas ni peque\u00f1as as\u00ed como tampoco a profesionistas y clase media. Asegur\u00f3 que\u00a0 su modelo se basa en\u00a0 22 millones de beneficiarios de los programas sociales, 2 millones de nuevos empleos y 2 millones 100 mil cr\u00e9ditos para la vivienda y micro empresarios. Ante las cr\u00edticas de las voces de los empresarios y algunos miembros de la sociedad organizada, rompi\u00f3 la tregua, volvi\u00f3 a la polarizaci\u00f3n y los adjetiv\u00f3 acus\u00e1ndolos de querer reactivar la corrupci\u00f3n y de ser conservadores y neoliberales. Resalt\u00f3 el plan de austeridad: reduce salarios para altos funcionarios y suspende el aguinaldo a partir de subdirectores. Sobre el coronavirus, dijo que hasta el momento no existe un desbordamiento de casos en los hospitales y apuesta porque los contagios se realicen controladamente. Menciona que el Conacyt elabora un ventilador para los enfermos y anunci\u00f3 que se pedir\u00eda apoyo a los m\u00e9dicos cubanos en caso de crisis. En otros temas, celebr\u00f3 que con la depreciaci\u00f3n del peso los migrantes obtengan mayores ganancias al enviar su dinero y reconoce que la inseguridad aument\u00f3 en marzo evitando hablar de feminicidios. Finalmente, desminti\u00f3 que vaya a haber cambios en su gabinete.<\/p>\n<p><em><u><a href=\"http:\/\/www.indicepolitico.com\" target=\"_blank\" rel=\"noopener noreferrer\">www.indicepolitico.com<\/a><br \/>\n<\/u><\/em><a href=\"mailto:indicepolitico@gmail.com\" target=\"_blank\" rel=\"noopener noreferrer\"><em>indicepolitico@gmail.com<\/em><\/a><br \/>\n<em><a href=\"https:\/\/twitter.com\/indicepolitico?lang=es\" target=\"_blank\" rel=\"noopener noreferrer\">@IndicePolitico<\/a><\/em><br \/>\n<em><u><a href=\"https:\/\/twitter.com\/pacorodriguez\" target=\"_blank\" rel=\"noopener noreferrer\">@pacorodriguez<\/a><\/u><\/em><\/p>\n","protected":false},"excerpt":{"rendered":"<p><span style=\"color: #005497;\"><strong>Francisco Rodr\u00edguez<\/strong><\/span><br \/>\n<br \/>\nM\u00e1s solo que el Judas de Iztapalapa, convertido en el ratoncito del parto de los montes -el que resultaba del fallido augurio del nacimiento de titanes-, la aparici\u00f3n del hombrecillo en el escenario masiosaresco escogido para mostrar toda su debilidad ante la emergencia nacional, es de aut\u00e9ntica conmiseraci\u00f3n, de l\u00e1stima por su futuro y de la desgracia de un pa\u00eds.<\/p>\n","protected":false},"author":3,"featured_media":462196,"comment_status":"open","ping_status":"open","sticky":false,"template":"","format":"standard","meta":{"_monsterinsights_skip_tracking":false,"_monsterinsights_sitenote_active":false,"_monsterinsights_sitenote_note":"","_monsterinsights_sitenote_category":0,"footnotes":""},"categories":[549],"tags":[43689,550,43674],"class_list":["post-465781","post","type-post","status-publish","format-standard","has-post-thumbnail","hentry","category-francisco-rodriguez","tag-francisco-rodriguez","tag-indice-politico","tag-opinion"],"_links":{"self":[{"href":"https:\/\/www.diarioimagen.net\/index.php?rest_route=\/wp\/v2\/posts\/465781","targetHints":{"allow":["GET"]}}],"collection":[{"href":"https:\/\/www.diarioimagen.net\/index.php?rest_route=\/wp\/v2\/posts"}],"about":[{"href":"https:\/\/www.diarioimagen.net\/index.php?rest_route=\/wp\/v2\/types\/post"}],"author":[{"embeddable":true,"href":"https:\/\/www.diarioimagen.net\/index.php?rest_route=\/wp\/v2\/users\/3"}],"replies":[{"embeddable":true,"href":"https:\/\/www.diarioimagen.net\/index.php?rest_route=%2Fwp%2Fv2%2Fcomments&post=465781"}],"version-history":[{"count":0,"href":"https:\/\/www.diarioimagen.net\/index.php?rest_route=\/wp\/v2\/posts\/465781\/revisions"}],"wp:featuredmedia":[{"embeddable":true,"href":"https:\/\/www.diarioimagen.net\/index.php?rest_route=\/wp\/v2\/media\/462196"}],"wp:attachment":[{"href":"https:\/\/www.diarioimagen.net\/index.php?rest_route=%2Fwp%2Fv2%2Fmedia&parent=465781"}],"wp:term":[{"taxonomy":"category","embeddable":true,"href":"https:\/\/www.diarioimagen.net\/index.php?rest_route=%2Fwp%2Fv2%2Fcategories&post=465781"},{"taxonomy":"post_tag","embeddable":true,"href":"https:\/\/www.diarioimagen.net\/index.php?rest_route=%2Fwp%2Fv2%2Ftags&post=465781"}],"curies":[{"name":"wp","href":"https:\/\/api.w.org\/{rel}","templated":true}]}}